{"id":1138,"date":"2020-09-03T13:21:42","date_gmt":"2020-09-03T11:21:42","guid":{"rendered":"https:\/\/www.loicmathieu.fr\/wordpress\/?p=1138"},"modified":"2020-09-07T09:38:05","modified_gmt":"2020-09-07T07:38:05","slug":"ma-deuxieme-annee-chez-zenika","status":"publish","type":"post","link":"https:\/\/www.loicmathieu.fr\/wordpress\/fr\/informatique\/ma-deuxieme-annee-chez-zenika\/","title":{"rendered":"Ma deuxi\u00e8me ann\u00e9e chez Zenika"},"content":{"rendered":"<p>Aujourd\u2019hui est un jour sp\u00e9cial, cela fait deux ans que je suis arriv\u00e9 chez Zenika, apr\u00e8s 9 ans en tant qu\u2019architecte logiciel dans la DSI d\u2019un grand groupe de retail.<\/p>\n<p>L&rsquo;ann\u00e9e derni\u00e8re j&rsquo;avais fait le bilan de ma premi\u00e8re ann\u00e9e pass\u00e9e : <a href=\"https:\/\/www.loicmathieu.fr\/wordpress\/informatique\/1-an-chez-zenika\/\" title=\"1 an chez Zenika\" rel=\"noopener noreferrer\" target=\"_blank\">1 an chez Zenika<\/a>.<\/p>\n<p>Et un an apr\u00e8s, quel est le bilan de cette deuxi\u00e8me ann\u00e9e ?<\/p>\n<p>La crise du COVID-19 a fortement influenc\u00e9 le d\u00e9roulement de cette ann\u00e9e, le client chez lequel j&rsquo;\u00e9tais au moment du confinement a choisi de mettre fin \u00e0 ma mission brutalement (pr\u00e9avis r\u00e9duit \u00e0 une semaine au lieu d&rsquo;un mois), et je me suis retrouv\u00e9 3 mois au ch\u00f4mage partiel total ! Ce fut une grande d\u00e9ception pour moi car ce fut ma premi\u00e8re p\u00e9riode de ch\u00f4mage de toute ma vie de travailleur.<\/p>\n<p>Les crises sont des r\u00e9v\u00e9lateurs.<\/p>\n<p>Dans l&rsquo;article de l&rsquo;ann\u00e9e derni\u00e8re, je parlais de la sp\u00e9cificit\u00e9 de Zenika qui en faisait une soci\u00e9t\u00e9 pas comme les autres avec des valeurs qui me correspondaient. Lors de la crise, Zenika a su garder une partie de ses sp\u00e9cificit\u00e9 : transparence, bienveillance, mais a aussi d\u00fb faire des choix pour prot\u00e9ger la soci\u00e9t\u00e9. Comme beaucoup d&rsquo;autre soci\u00e9t\u00e9, Zenika a eu un recours massif au ch\u00f4mage partiel, elle a r\u00e9ussi \u00e0 ne pas licencier (ni couper de p\u00e9riode d&rsquo;essai comme certaines autres soci\u00e9t\u00e9) mais l&rsquo;impact sur les salaires a quand m\u00eame \u00e9tait important (surtout pour ceux comme moi qui on eu une p\u00e9riode de ch\u00f4mage assez longue et qui sont pay\u00e9 avec une part variable sur le chiffre d&rsquo;affaires rapport\u00e9).<\/p>\n<p>M\u00eame si le ch\u00f4mage partiel est le lot de tous, certaines entreprises ont pris la d\u00e9cision de compenser la baisse de salaire en compl\u00e9mentant les 85% minimum l\u00e9gal pour un maintient total du salaire. Zenika n&rsquo;en fait pas partie.<\/p>\n<p>Ma plus grande d\u00e9ception pendant cette crise a \u00e9t\u00e9 la perte de lien avec la communaut\u00e9 d&rsquo;expert Zenika, et sp\u00e9cialement avec mes coll\u00e8gues lillois. Je sais qu&rsquo;il est tr\u00e8s dur de maintenir une communaut\u00e9 \u00e0 distance et que nos DT ont essay\u00e9 &#8230; mais il faut bien l&rsquo;avouer sans succ\u00e8s. Et pour faire mon mea-culpa, j&rsquo;en suis moi-m\u00eame en partie la cause, comme beaucoup de mes coll\u00e8gues je ne me suis pas beaucoup impliqu\u00e9 dans la vie de l&rsquo;agence lilloise.<\/p>\n<p>Ma deuxi\u00e8me plus grande d\u00e9ception a \u00e9t\u00e9 une remarque d&rsquo;un de nos commerciaux qui me reprochais \u00ab\u00a0<em>de ne pas la jouer assez collectif pendant cette p\u00e9riode de crise<\/em>\u00ab\u00a0. Je ne vais pas \u00e9piloguer sur le sujet car je pense que c&rsquo;\u00e9tait de l&rsquo;incompr\u00e9hension entre nous mais pour moi qui me suis battu pour essayer de trouver une mission pendant la crise, ai r\u00e9pondu \u00e0 plusieurs appel d&rsquo;offres sur mon temps personnel, ai accept\u00e9 d&rsquo;encha\u00eener les formations \u00e0 distance donn\u00e9es, ai donn\u00e9 des talks, etc&#8230; Je trouve la remarque injuste.<\/p>\n<p>Alors, venons en tout de suite \u00e0 ce que j&rsquo;ai fait pendant cette p\u00e9riode de ch\u00f4mage partiel ? Comme mon salaire \u00e9tait pay\u00e9 par l&rsquo;\u00e9tat fran\u00e7ais et donc la collectivit\u00e9, je voulais mettre mon temps au service de la collectivit\u00e9.\nJ&rsquo;ai donc particip\u00e9 \u00e0 deux projets Open Source : Quarkus et QuickPerf et essay\u00e9 de publier r\u00e9guli\u00e8rement des articles de blog pour partager mes connaissances et mes d\u00e9couvertes.\nJ&rsquo;ai aussi pris du temps pour moi professionnellement via la pr\u00e9paration de la certification CKAD &#8211; Certified Kubernetes Application Developper.\nEt comme beaucoup j&rsquo;ai profit\u00e9 de la pause qu&rsquo;offrait le ch\u00f4mage partiel pour faire des travaux dans ma maison et m&rsquo;occuper de mon jardin &#8230;<\/p>\n<p>Mes principales contributions open source \u00e9taient sur le projet Quarkus pour lequel j&rsquo;ai eu le temps de cr\u00e9er plusieurs nouvelle extensions : un client Elasticsearch, des extensions pour Google Cloud Functions, et, en cours de finalisation, un ensemble d&rsquo;extension pour les services Google Cloud (BigQuery, Storage, PubSub, &#8230;).<\/p>\n<p>Au mois de Juin, j&rsquo;ai commenc\u00e9 \u00e0 donner des formations \u00e0 distances via la plateforme Strigo. Et il faut avouer que cette plateforme est tr\u00e8s bien faite pour \u00e7a, les \u00e9l\u00e8ves ont appr\u00e9ci\u00e9 ses fonctionnalit\u00e9s et moi aussi ! M\u00eame si dispenser une formation \u00e0 distance est plus compliqu\u00e9 que la donner en pr\u00e9sentiel.<\/p>\n<p>Bon, concr\u00e8tement, en un an j&rsquo;ai fait quoi ?<\/p>\n<ul><li>2 missions d&rsquo;architecture logiciel (java, cloud, kubernetes, messaging)<\/li>\n\n<li>Une mission d&rsquo;expertise en performance<\/li>\n\n<li>R\u00e9dactions de plusieurs articles sur le bog de Zenika (Java, Quarkus, \u2026)<\/li>\n\n<li>Une parution dans la revue Programmez (<a href=\"https:\/\/www.programmez.com\/magazine\/article\/arthas-loutil-de-diagnostics-dalibaba\" rel=\"noopener noreferrer\" target=\"_blank\">Arthas<\/a>)<\/li>\n\n<li>Beaucoup de formations, principalement \u00e0 distance (Elasticsearch, Elastic Stack, Kubernetes<\/li>\n\n<li>Deux talks \u00e0 Devoxx Belgium (<a href=\"https:\/\/www.youtube.com\/watch?v=GgeT5O1iWzc\" rel=\"noopener noreferrer\" target=\"_blank\">Arthas: Alibaba Java Diagnostic Tool<\/a> et <a href=\"https:\/\/www.youtube.com\/watch?v=V5bpdpwDmwg\">My first steps on Deep Learning with Keras<\/a>)<\/li>\n\n<li>Un talk pour le Devfest Nantes (<a href=\"https:\/\/www.youtube.com\/watch?v=6VdChn13f3U\" rel=\"noopener noreferrer\" target=\"_blank\">D\u00e9velopper une application cloud ready avec Quarku<\/a>s)<\/li>\n\n<li>Une Nightclass sur Quarkus<\/li>\n\n<li>Une intervention sur un Quarkus Insights (<a href=\"https:\/\/www.youtube.com\/watch?v=0rVxJxlexYI\" rel=\"noopener noreferrer\" target=\"_blank\">Quarkus Insights #13: MongoDB with Panache<\/a>)<\/li>\n\n<li>Un talk pour Skills Matter sur Quarkus (<a href=\"https:\/\/skillsmatter.com\/skillscasts\/14794-building-a-cloud-native-application-with-quarkus\" rel=\"noopener noreferrer\" target=\"_blank\">Building a Cloud Ready Application with Quarkus<\/a>)<\/li>\n\n<li>des r\u00e9ponses \u00e0 appel d&rsquo;offre et pas mal d&rsquo;appel avec des clients &#8230;<\/li>\n<\/ul>\n<p>J&rsquo;avais pas mal d&rsquo;autre chose de pr\u00e9vue mais qui ont \u00e9t\u00e9 annul\u00e9e suite \u00e0 la crise du COVID-19 : participation \u00e0 Devoxx France 2020, talk au GDG Lille, nouvelle saison de Code moi un mouton, &#8230;<\/p>\n<p>Et je n&rsquo;ai toujours pas trouv\u00e9 le temps de passer la certification GCP Cloud architect :( .<\/p>\n<p>Pour la prochaine ann\u00e9e, j&rsquo;esp\u00e8re toujours m&rsquo;\u00e9clater dans mon travail et dans ma bo\u00eete ;). J&rsquo;esp\u00e8re trouver le temps de passer mes certifications CKAD (Certified Kubernetes Application Developer) et GCP Cloud Architect, j&rsquo;esp\u00e8re que nous allons pouvoir intervenir de nouveau dans les \u00e9coles pour Code-moi un mouton et j&rsquo;esp\u00e8re que les conf\u00e9rences reprendrons &#8230;<\/p>\n<p>\u00c0 dans un an pour un nouveau bilan !<\/p>\n<p><\/p>","protected":false},"excerpt":{"rendered":"<p>Aujourd\u2019hui est un jour sp\u00e9cial, cela fait deux ans que je suis arriv\u00e9 chez Zenika, apr\u00e8s 9 ans en tant qu\u2019architecte logiciel dans la DSI d\u2019un grand groupe de retail. L&rsquo;ann\u00e9e derni\u00e8re j&rsquo;avais fait le bilan de ma premi\u00e8re ann\u00e9e pass\u00e9e : 1 an chez Zenika. Et un an apr\u00e8s, quel est le bilan de cette deuxi\u00e8me ann\u00e9e ? La crise du COVID-19 a fortement influenc\u00e9 le d\u00e9roulement de cette ann\u00e9e, le client chez lequel j&rsquo;\u00e9tais au moment du confinement&#8230;<p class=\"read-more\"><a class=\"btn btn-default\" href=\"https:\/\/www.loicmathieu.fr\/wordpress\/fr\/informatique\/ma-deuxieme-annee-chez-zenika\/\">Lire la suite<span class=\"screen-reader-text\"> Lire la suite<\/span><\/a><\/p><\/p>","protected":false},"author":1,"featured_media":0,"comment_status":"open","ping_status":"open","sticky":false,"template":"","format":"standard","meta":{"jetpack_post_was_ever_published":false,"_jetpack_newsletter_access":"","_jetpack_dont_email_post_to_subs":false,"_jetpack_newsletter_tier_id":0,"_jetpack_memberships_contains_paywalled_content":false,"_jetpack_memberships_contains_paid_content":false,"activitypub_content_warning":"","activitypub_content_visibility":"","activitypub_max_image_attachments":4,"activitypub_interaction_policy_quote":"anyone","activitypub_status":"","footnotes":"","jetpack_publicize_message":"","jetpack_publicize_feature_enabled":true,"jetpack_social_post_already_shared":true,"jetpack_social_options":{"image_generator_settings":{"template":"highway","default_image_id":0,"font":"","enabled":false},"version":2}},"categories":[9],"tags":[],"class_list":["post-1138","post","type-post","status-publish","format-standard","hentry","category-informatique"],"aioseo_notices":[],"jetpack_publicize_connections":[],"jetpack_featured_media_url":"","jetpack_sharing_enabled":true,"jetpack_likes_enabled":true,"jetpack-related-posts":[{"id":1309,"url":"https:\/\/www.loicmathieu.fr\/wordpress\/fr\/informatique\/3-ans-chez-zenika\/","url_meta":{"origin":1138,"position":0},"title":"3 ans chez Zenika","author":"admin","date":"mardi  7 septembre 2021","format":false,"excerpt":"Avec un peu de retard, voici le bilan de ma troisi\u00e8me ann\u00e9e chez Zenika. Pour ceux qui seraient int\u00e9ress\u00e9 par ce que j'avais fait l'ann\u00e9e pr\u00e9c\u00e9dente, c'est ici : Ma deuxi\u00e8me ann\u00e9e chez Zenika. Quelques chiffres : 7 articles sur mon blog perso, 2 dans le magazine Programmez et 2\u2026","rel":"","context":"Dans &quot;informatique&quot;","block_context":{"text":"informatique","link":"https:\/\/www.loicmathieu.fr\/wordpress\/fr\/category\/informatique\/"},"img":{"alt_text":"","src":"","width":0,"height":0},"classes":[]},{"id":1606,"url":"https:\/\/www.loicmathieu.fr\/wordpress\/fr\/informatique\/au-revoir-zenika-bonjour-kestra\/","url_meta":{"origin":1138,"position":1},"title":"Au revoir Zenika, bonjour Kestra","author":"admin","date":"mardi 10 janvier 2023","format":false,"excerpt":"Apr\u00e8s 4 ans, 4 mois et 4 jours (ou presque), je quitte Zenika. Ces 4 ann\u00e9es et quelques auront \u00e9t\u00e9 parmi les plus passionnantes de ma vie professionnelle. Je suis triste de quitter cette super soci\u00e9t\u00e9 dans laquelle j'ai pu m'\u00e9panouir, grandir et apprendre plein de choses. Je suis s\u00fbr\u2026","rel":"","context":"Dans &quot;informatique&quot;","block_context":{"text":"informatique","link":"https:\/\/www.loicmathieu.fr\/wordpress\/fr\/category\/informatique\/"},"img":{"alt_text":"","src":"","width":0,"height":0},"classes":[]},{"id":1508,"url":"https:\/\/www.loicmathieu.fr\/wordpress\/fr\/informatique\/4-ans-chez-zenika\/","url_meta":{"origin":1138,"position":2},"title":"4 ans chez Zenika","author":"admin","date":"mardi  6 septembre 2022","format":false,"excerpt":"Avec quelques jours de retard, la date anniversaire \u00e9tant le 3 septembre, voici le bilan de ma quatri\u00e8me ann\u00e9e chez Zenika. Pour ceux qui seraient int\u00e9ress\u00e9 par ce que j\u2019avais fait l\u2019ann\u00e9e pr\u00e9c\u00e9dente, c\u2019est ici : Ma troisi\u00e8me ann\u00e9e chez Zenika. Quelques chiffres : 11 articles sur mon blog perso,\u2026","rel":"","context":"Dans &quot;informatique&quot;","block_context":{"text":"informatique","link":"https:\/\/www.loicmathieu.fr\/wordpress\/fr\/category\/informatique\/"},"img":{"alt_text":"","src":"","width":0,"height":0},"classes":[]},{"id":966,"url":"https:\/\/www.loicmathieu.fr\/wordpress\/fr\/informatique\/1-an-chez-zenika\/","url_meta":{"origin":1138,"position":3},"title":"1 an chez Zenika","author":"admin","date":"mardi  3 septembre 2019","format":false,"excerpt":"Aujourd'hui est un jour sp\u00e9cial, cela fait un an que je suis arriv\u00e9 chez Zenika, apr\u00e8s 9 ans en tant qu'architecte logiciel dans la DSI d'un grand groupe de retail. Et apr\u00e8s un an, quel est donc le bilan ? Tout d'abord, Zenika m'a surpris. Lors des \u00e9changes que j'ai\u2026","rel":"","context":"Dans &quot;informatique&quot;","block_context":{"text":"informatique","link":"https:\/\/www.loicmathieu.fr\/wordpress\/fr\/category\/informatique\/"},"img":{"alt_text":"","src":"","width":0,"height":0},"classes":[]},{"id":1318,"url":"https:\/\/www.loicmathieu.fr\/wordpress\/fr\/informatique\/je-suis-google-developer-expert-gde-sur-les-technologies-google-cloud-platform-gcp\/","url_meta":{"origin":1138,"position":4},"title":"Je suis Google Developer Expert (GDE) sur les technologies Google Cloud Platform (GCP)","author":"admin","date":"mercredi  6 octobre 2021","format":false,"excerpt":"J'ai \u00e9t\u00e9 il y a peu reconnu comme Google Developer Expert (GDE) sur les technologies Google Cloud Platform (GCP). Tout d'abord, c'est quoi un GDE ? C'est une personne qui ne travaille pas chez Google, et qui est reconnue pour son activit\u00e9 et son expertise sur une technologie Google. C'est\u2026","rel":"","context":"Dans &quot;informatique&quot;","block_context":{"text":"informatique","link":"https:\/\/www.loicmathieu.fr\/wordpress\/fr\/category\/informatique\/"},"img":{"alt_text":"","src":"https:\/\/i0.wp.com\/loicmathieu.fr\/wordpress\/wp-content\/uploads\/Welcome-Animation.gif?resize=350%2C200&ssl=1","width":350,"height":200,"srcset":"https:\/\/i0.wp.com\/loicmathieu.fr\/wordpress\/wp-content\/uploads\/Welcome-Animation.gif?resize=350%2C200&ssl=1 1x, https:\/\/i0.wp.com\/loicmathieu.fr\/wordpress\/wp-content\/uploads\/Welcome-Animation.gif?resize=525%2C300&ssl=1 1.5x, https:\/\/i0.wp.com\/loicmathieu.fr\/wordpress\/wp-content\/uploads\/Welcome-Animation.gif?resize=700%2C400&ssl=1 2x"},"classes":[]},{"id":936,"url":"https:\/\/www.loicmathieu.fr\/wordpress\/fr\/informatique\/etre-speaker-a-devoxx-france\/","url_meta":{"origin":1138,"position":5},"title":"Etre speaker \u00e0 Devoxx France","author":"admin","date":"mercredi 17 juillet 2019","format":false,"excerpt":"J'ai eu la chance de donner deux talks \u00e0 Devoxx France cette ann\u00e9e (2019). Voici un petit retour d'exp\u00e9rience sur comment j'en suis arriv\u00e9 l\u00e0, et comment s'est pass\u00e9 cette exp\u00e9rience. \u00c9tape 1 : les CFPs Lorsque la saison des CFPs arrive, comme chaque ann\u00e9e, reviens le questionnement \"Est-ce que\u2026","rel":"","context":"Dans &quot;informatique&quot;","block_context":{"text":"informatique","link":"https:\/\/www.loicmathieu.fr\/wordpress\/fr\/category\/informatique\/"},"img":{"alt_text":"","src":"","width":0,"height":0},"classes":[]}],"_links":{"self":[{"href":"https:\/\/www.loicmathieu.fr\/wordpress\/fr\/wp-json\/wp\/v2\/posts\/1138","targetHints":{"allow":["GET"]}}],"collection":[{"href":"https:\/\/www.loicmathieu.fr\/wordpress\/fr\/wp-json\/wp\/v2\/posts"}],"about":[{"href":"https:\/\/www.loicmathieu.fr\/wordpress\/fr\/wp-json\/wp\/v2\/types\/post"}],"author":[{"embeddable":true,"href":"https:\/\/www.loicmathieu.fr\/wordpress\/fr\/wp-json\/wp\/v2\/users\/1"}],"replies":[{"embeddable":true,"href":"https:\/\/www.loicmathieu.fr\/wordpress\/fr\/wp-json\/wp\/v2\/comments?post=1138"}],"version-history":[{"count":0,"href":"https:\/\/www.loicmathieu.fr\/wordpress\/fr\/wp-json\/wp\/v2\/posts\/1138\/revisions"}],"wp:attachment":[{"href":"https:\/\/www.loicmathieu.fr\/wordpress\/fr\/wp-json\/wp\/v2\/media?parent=1138"}],"wp:term":[{"taxonomy":"category","embeddable":true,"href":"https:\/\/www.loicmathieu.fr\/wordpress\/fr\/wp-json\/wp\/v2\/categories?post=1138"},{"taxonomy":"post_tag","embeddable":true,"href":"https:\/\/www.loicmathieu.fr\/wordpress\/fr\/wp-json\/wp\/v2\/tags?post=1138"}],"curies":[{"name":"wp","href":"https:\/\/api.w.org\/{rel}","templated":true}]}}