{"id":1309,"date":"2021-09-07T15:45:24","date_gmt":"2021-09-07T13:45:24","guid":{"rendered":"https:\/\/www.loicmathieu.fr\/wordpress\/?p=1309"},"modified":"2021-09-07T15:45:24","modified_gmt":"2021-09-07T13:45:24","slug":"3-ans-chez-zenika","status":"publish","type":"post","link":"https:\/\/www.loicmathieu.fr\/wordpress\/fr\/informatique\/3-ans-chez-zenika\/","title":{"rendered":"3 ans chez Zenika"},"content":{"rendered":"<p>Avec un peu de retard, voici le bilan de ma troisi\u00e8me ann\u00e9e chez Zenika.<\/p>\n<p>Pour ceux qui seraient int\u00e9ress\u00e9 par ce que j&rsquo;avais fait l&rsquo;ann\u00e9e pr\u00e9c\u00e9dente, c&rsquo;est ici : <a href=\"https:\/\/www.loicmathieu.fr\/wordpress\/informatique\/ma-deuxieme-annee-chez-zenika\/\" rel=\"noopener\" target=\"_blank\">Ma deuxi\u00e8me ann\u00e9e chez Zenika<\/a>.<\/p>\n<p>Quelques chiffres :<\/p>\n<p>7 articles sur mon blog perso, 2 dans le magazine Programmez et 2 sur le blog de Zenika.<\/p>\n<p>11 sessions de formation donn\u00e9es, dont 2 sessions pour la formation <a href=\"https:\/\/training.zenika.com\/fr-fr\/training\/quarkus\/description\" rel=\"noopener\" target=\"_blank\">D\u00e9veloppement d&rsquo;applications Cloud Ready avec Quarkus<\/a> que j&rsquo;ai co-\u00e9crite, et 2 sessions pour la formation <a href=\"https:\/\/training.zenika.com\/fr-fr\/training\/java-perf\/description\" rel=\"noopener\" target=\"_blank\">Java : la performance applicative<\/a> que j&rsquo;ai \u00e9crite int\u00e9gralement il y a pas mal de temps, mais qui n&rsquo;avait jamais \u00e9t\u00e9 finalis\u00e9e et donn\u00e9e.\nEcrire une formation est un gros investissement, et c&rsquo;est toujours un grand plaisir de la donner pour une premi\u00e8re fois, et d&rsquo;avoir des retours positifs en plus ! Je remercie les stagiaires b\u00e9ta testeurs :).<\/p>\n<p>13 talks en conf\u00e9rences et meetups. Entre autre : Cloud Nord, Cloud Sud, ParisJUG et Quarkus Insights.\nEt ce n&rsquo;est pas fini, car je serais pr\u00e9sent \u00e0 Devoxx France cette ann\u00e9e pour vous expliquer comment <a href=\"https:\/\/cfp.devoxx.fr\/2021\/talk\/HOE-7622\/Creer_une_extension_Quarkus\" rel=\"noopener\" target=\"_blank\">Cr\u00e9er une extension Quarkus<\/a>.<\/p>\n<p>Plus de 70 PRs sur Quarkus, ainsi que la cr\u00e9ation d&rsquo;un repository d\u00e9di\u00e9 pour le pack d&rsquo;extension <a href=\"https:\/\/github.com\/quarkiverse\/quarkus-google-cloud-services\" rel=\"noopener\" target=\"_blank\">Quarkus Google Cloud Services<\/a>. Ce pack d&rsquo;extension ainsi que mes autres contributions autour des technologies Google Cloud m&rsquo;ont permis d&rsquo;acc\u00e9der au statut de Google Developer Expert (GDE) sur les technologies Google Cloud !<\/p>\n<p>Devenir GDE est une reconnaissance du travail accomplit autour des technologies Google Cloud pour la communaut\u00e9, et de mon implication via les articles que j&rsquo;\u00e9crit et les pr\u00e9sentations que j&rsquo;ai faites. J&rsquo;esp\u00e8re que cette reconnaissance m&rsquo;apportera de nouvelles opportunit\u00e9s en 2022. J&rsquo;y reviendrais lors d&rsquo;un prochain article.<\/p>\n<p>Assez parl\u00e9 chiffre, cette ann\u00e9e a aussi \u00e9t\u00e9 l&rsquo;occasion de construire une belle application dans une super \u00e9quipe pour le client chez lequel je suis depuis un an. Nous avons construit une plateforme de streaming de messages r\u00e9siliente et hautement performante gr\u00e2ce \u00e0 Quarkus et l&rsquo;API MicroProfile Reactive Messaging. Il y a du Kafka, du GKE et plein d&rsquo;autres trucs sympa! C&rsquo;est un accomplissement dont je suis particuli\u00e8rement fi\u00e8re, et je suis tr\u00e8s content de l&rsquo;\u00e9quipe dans laquelle je suis, et qui a cr\u00e9\u00e9 cette plateforme. J&rsquo;ai d\u2019ailleurs eu la chance de travailler avec un coll\u00e8gue Zenika depuis plus de 9 mois dans cette \u00e9quipe, un lyonnais (mais personne n&rsquo;est parfait), et c&rsquo;est une exp\u00e9rience fort enrichissante. Travailler avec un Z est une source d&rsquo;inspiration, et m&rsquo;a permis d&rsquo;apprendre plein de chose et de confronter mes id\u00e9es avec les siennes.<\/p>\n<p>J&rsquo;ai enfin trouv\u00e9 le temps de terminer ma pr\u00e9paration pour la certification CKAD (Certified Kubernetes Application Developer) et l&rsquo;ai pass\u00e9 avec succ\u00e8s! Je suis en train de reprendre la pr\u00e9paration pour la certification GCP Cloud Artitect que j&rsquo;esp\u00e8re passer tr\u00e8s rapidement.<\/p>\n<p>Parlons un peu vie de consultant, l&rsquo;ann\u00e9e pr\u00e9c\u00e9dente avait \u00e9t\u00e9 marqu\u00e9e par ma premi\u00e8re p\u00e9riode de ch\u00f4mage (partiel, suite \u00e0 la crise), une perte de lien avec mes coll\u00e8gues, et quelques prises de bec assez d\u00e9primantes.<\/p>\n<p>Bien que la crise ne soit pas termin\u00e9e, cette ann\u00e9e a \u00e9t\u00e9 plus facile. Le t\u00e9l\u00e9travail est rentr\u00e9 dans mes habitudes au point que j&rsquo;ai rechign\u00e9 (et rechigne toujours) quand mon client a demand\u00e9 mon retour 2 jours par semaine sur site. Et j&rsquo;ai re-cr\u00e9er du lien avec des coll\u00e8gues Zenika, m\u00eame si \u00e0 mon grand regret plut\u00f4t avec des coll\u00e8gues d&rsquo;agence autre que Lille. En effet, \u00e0 part mes contacts r\u00e9p\u00e9t\u00e9s avec les DT lillois (tous les trois, il m&rsquo;en faut au moins 3 de DT tellement je suis exigeant ;) ), j&rsquo;ai principalement collabor\u00e9 et \u00e9chang\u00e9 avec des coll\u00e8gues de tout horizon (Paris, Lyon, Nantes Grenoble), plut\u00f4t qu&rsquo;avec mes coll\u00e8gues lillois. J&rsquo;esp\u00e8re que l&rsquo;ann\u00e9e prochaine sera l&rsquo;occasion de plus se retrouver entre lillois et recommencer \u00e0 faire plein de choses sympa (et surtout relancer Code-moi un mouton !!!).<\/p>\n<p>Bien s\u00fbr, mon caract\u00e8re n&rsquo;aidant pas, il y eu encore quelques prises de bec, mais je ne m\u2019attarderais pas l\u00e0-dessus, nous ne vivons pas dans le monde des bisounours. Par contre, il y a eu beaucoup de d\u00e9part (volontaire ou pas), dont mon manager, et une grande partie des coll\u00e8gues arriv\u00e9s en m\u00eame temps que moi. M\u00eame si un turnover important est in\u00e9vitable dans les ESN, et surtout en p\u00e9riode de crise, c&rsquo;est toujours avec un petit pincement au coeur que l&rsquo;on apprend le d\u00e9part d&rsquo;une personne qu&rsquo;on appr\u00e9ciait.<\/p>\n<p>Comme y a aussi eu quelques arriv\u00e9es, c&rsquo;est maintenant \u00e0 moi de faire connaissance avec eux, pour qu&rsquo;ils prennent la rel\u00e8ve !<\/p>\n<p>A l&rsquo;ann\u00e9e prochaine pour un prochain bilan ;)<\/p>","protected":false},"excerpt":{"rendered":"<p>Avec un peu de retard, voici le bilan de ma troisi\u00e8me ann\u00e9e chez Zenika. Pour ceux qui seraient int\u00e9ress\u00e9 par ce que j&rsquo;avais fait l&rsquo;ann\u00e9e pr\u00e9c\u00e9dente, c&rsquo;est ici : Ma deuxi\u00e8me ann\u00e9e chez Zenika. Quelques chiffres : 7 articles sur mon blog perso, 2 dans le magazine Programmez et 2 sur le blog de Zenika. 11 sessions de formation donn\u00e9es, dont 2 sessions pour la formation D\u00e9veloppement d&rsquo;applications Cloud Ready avec Quarkus que j&rsquo;ai co-\u00e9crite, et 2 sessions pour la&#8230;<p class=\"read-more\"><a class=\"btn btn-default\" href=\"https:\/\/www.loicmathieu.fr\/wordpress\/fr\/informatique\/3-ans-chez-zenika\/\">Lire la suite<span class=\"screen-reader-text\"> Lire la suite<\/span><\/a><\/p><\/p>","protected":false},"author":1,"featured_media":0,"comment_status":"open","ping_status":"open","sticky":false,"template":"","format":"standard","meta":{"jetpack_post_was_ever_published":false,"_jetpack_newsletter_access":"","_jetpack_dont_email_post_to_subs":false,"_jetpack_newsletter_tier_id":0,"_jetpack_memberships_contains_paywalled_content":false,"_jetpack_memberships_contains_paid_content":false,"activitypub_content_warning":"","activitypub_content_visibility":"","activitypub_max_image_attachments":4,"activitypub_interaction_policy_quote":"anyone","activitypub_status":"","footnotes":"","jetpack_publicize_message":"","jetpack_publicize_feature_enabled":true,"jetpack_social_post_already_shared":true,"jetpack_social_options":{"image_generator_settings":{"template":"highway","default_image_id":0,"font":"","enabled":false},"version":2}},"categories":[9],"tags":[],"class_list":["post-1309","post","type-post","status-publish","format-standard","hentry","category-informatique"],"aioseo_notices":[],"jetpack_publicize_connections":[],"jetpack_featured_media_url":"","jetpack_sharing_enabled":true,"jetpack_likes_enabled":true,"jetpack-related-posts":[{"id":1606,"url":"https:\/\/www.loicmathieu.fr\/wordpress\/fr\/informatique\/au-revoir-zenika-bonjour-kestra\/","url_meta":{"origin":1309,"position":0},"title":"Au revoir Zenika, bonjour Kestra","author":"admin","date":"mardi 10 janvier 2023","format":false,"excerpt":"Apr\u00e8s 4 ans, 4 mois et 4 jours (ou presque), je quitte Zenika. Ces 4 ann\u00e9es et quelques auront \u00e9t\u00e9 parmi les plus passionnantes de ma vie professionnelle. Je suis triste de quitter cette super soci\u00e9t\u00e9 dans laquelle j'ai pu m'\u00e9panouir, grandir et apprendre plein de choses. Je suis s\u00fbr\u2026","rel":"","context":"Dans &quot;informatique&quot;","block_context":{"text":"informatique","link":"https:\/\/www.loicmathieu.fr\/wordpress\/fr\/category\/informatique\/"},"img":{"alt_text":"","src":"","width":0,"height":0},"classes":[]},{"id":1508,"url":"https:\/\/www.loicmathieu.fr\/wordpress\/fr\/informatique\/4-ans-chez-zenika\/","url_meta":{"origin":1309,"position":1},"title":"4 ans chez Zenika","author":"admin","date":"mardi  6 septembre 2022","format":false,"excerpt":"Avec quelques jours de retard, la date anniversaire \u00e9tant le 3 septembre, voici le bilan de ma quatri\u00e8me ann\u00e9e chez Zenika. Pour ceux qui seraient int\u00e9ress\u00e9 par ce que j\u2019avais fait l\u2019ann\u00e9e pr\u00e9c\u00e9dente, c\u2019est ici : Ma troisi\u00e8me ann\u00e9e chez Zenika. Quelques chiffres : 11 articles sur mon blog perso,\u2026","rel":"","context":"Dans &quot;informatique&quot;","block_context":{"text":"informatique","link":"https:\/\/www.loicmathieu.fr\/wordpress\/fr\/category\/informatique\/"},"img":{"alt_text":"","src":"","width":0,"height":0},"classes":[]},{"id":966,"url":"https:\/\/www.loicmathieu.fr\/wordpress\/fr\/informatique\/1-an-chez-zenika\/","url_meta":{"origin":1309,"position":2},"title":"1 an chez Zenika","author":"admin","date":"mardi  3 septembre 2019","format":false,"excerpt":"Aujourd'hui est un jour sp\u00e9cial, cela fait un an que je suis arriv\u00e9 chez Zenika, apr\u00e8s 9 ans en tant qu'architecte logiciel dans la DSI d'un grand groupe de retail. Et apr\u00e8s un an, quel est donc le bilan ? Tout d'abord, Zenika m'a surpris. Lors des \u00e9changes que j'ai\u2026","rel":"","context":"Dans &quot;informatique&quot;","block_context":{"text":"informatique","link":"https:\/\/www.loicmathieu.fr\/wordpress\/fr\/category\/informatique\/"},"img":{"alt_text":"","src":"","width":0,"height":0},"classes":[]},{"id":1138,"url":"https:\/\/www.loicmathieu.fr\/wordpress\/fr\/informatique\/ma-deuxieme-annee-chez-zenika\/","url_meta":{"origin":1309,"position":3},"title":"Ma deuxi\u00e8me ann\u00e9e chez Zenika","author":"admin","date":"jeudi  3 septembre 2020","format":false,"excerpt":"Aujourd\u2019hui est un jour sp\u00e9cial, cela fait deux ans que je suis arriv\u00e9 chez Zenika, apr\u00e8s 9 ans en tant qu\u2019architecte logiciel dans la DSI d\u2019un grand groupe de retail. L'ann\u00e9e derni\u00e8re j'avais fait le bilan de ma premi\u00e8re ann\u00e9e pass\u00e9e : 1 an chez Zenika. Et un an apr\u00e8s,\u2026","rel":"","context":"Dans &quot;informatique&quot;","block_context":{"text":"informatique","link":"https:\/\/www.loicmathieu.fr\/wordpress\/fr\/category\/informatique\/"},"img":{"alt_text":"","src":"","width":0,"height":0},"classes":[]},{"id":856,"url":"https:\/\/www.loicmathieu.fr\/wordpress\/fr\/informatique\/java-next\/","url_meta":{"origin":1309,"position":4},"title":"Java.Next","author":"admin","date":"mercredi 31 octobre 2018","format":false,"excerpt":"Ma premi\u00e8re contribution au blog de Zenika est un article qui parle du futur (ou du pr\u00e9sent) de Java et des changements pour les d\u00e9veloppeurs dans les versions 9, 10 et 11. La gouvernance de Java y est aussi abord\u00e9. Cet article reprend et r\u00e9sume les articles que j'ai pr\u00e9c\u00e9demment\u2026","rel":"","context":"Dans &quot;informatique&quot;","block_context":{"text":"informatique","link":"https:\/\/www.loicmathieu.fr\/wordpress\/fr\/category\/informatique\/"},"img":{"alt_text":"","src":"","width":0,"height":0},"classes":[]},{"id":936,"url":"https:\/\/www.loicmathieu.fr\/wordpress\/fr\/informatique\/etre-speaker-a-devoxx-france\/","url_meta":{"origin":1309,"position":5},"title":"Etre speaker \u00e0 Devoxx France","author":"admin","date":"mercredi 17 juillet 2019","format":false,"excerpt":"J'ai eu la chance de donner deux talks \u00e0 Devoxx France cette ann\u00e9e (2019). Voici un petit retour d'exp\u00e9rience sur comment j'en suis arriv\u00e9 l\u00e0, et comment s'est pass\u00e9 cette exp\u00e9rience. \u00c9tape 1 : les CFPs Lorsque la saison des CFPs arrive, comme chaque ann\u00e9e, reviens le questionnement \"Est-ce que\u2026","rel":"","context":"Dans &quot;informatique&quot;","block_context":{"text":"informatique","link":"https:\/\/www.loicmathieu.fr\/wordpress\/fr\/category\/informatique\/"},"img":{"alt_text":"","src":"","width":0,"height":0},"classes":[]}],"_links":{"self":[{"href":"https:\/\/www.loicmathieu.fr\/wordpress\/fr\/wp-json\/wp\/v2\/posts\/1309","targetHints":{"allow":["GET"]}}],"collection":[{"href":"https:\/\/www.loicmathieu.fr\/wordpress\/fr\/wp-json\/wp\/v2\/posts"}],"about":[{"href":"https:\/\/www.loicmathieu.fr\/wordpress\/fr\/wp-json\/wp\/v2\/types\/post"}],"author":[{"embeddable":true,"href":"https:\/\/www.loicmathieu.fr\/wordpress\/fr\/wp-json\/wp\/v2\/users\/1"}],"replies":[{"embeddable":true,"href":"https:\/\/www.loicmathieu.fr\/wordpress\/fr\/wp-json\/wp\/v2\/comments?post=1309"}],"version-history":[{"count":0,"href":"https:\/\/www.loicmathieu.fr\/wordpress\/fr\/wp-json\/wp\/v2\/posts\/1309\/revisions"}],"wp:attachment":[{"href":"https:\/\/www.loicmathieu.fr\/wordpress\/fr\/wp-json\/wp\/v2\/media?parent=1309"}],"wp:term":[{"taxonomy":"category","embeddable":true,"href":"https:\/\/www.loicmathieu.fr\/wordpress\/fr\/wp-json\/wp\/v2\/categories?post=1309"},{"taxonomy":"post_tag","embeddable":true,"href":"https:\/\/www.loicmathieu.fr\/wordpress\/fr\/wp-json\/wp\/v2\/tags?post=1309"}],"curies":[{"name":"wp","href":"https:\/\/api.w.org\/{rel}","templated":true}]}}