{"id":1508,"date":"2022-09-06T12:13:18","date_gmt":"2022-09-06T10:13:18","guid":{"rendered":"https:\/\/www.loicmathieu.fr\/wordpress\/?p=1508"},"modified":"2022-09-06T12:13:18","modified_gmt":"2022-09-06T10:13:18","slug":"4-ans-chez-zenika","status":"publish","type":"post","link":"https:\/\/www.loicmathieu.fr\/wordpress\/fr\/informatique\/4-ans-chez-zenika\/","title":{"rendered":"4 ans chez Zenika"},"content":{"rendered":"<p>Avec quelques jours de retard, la date anniversaire \u00e9tant le 3 septembre, voici le bilan de ma quatri\u00e8me ann\u00e9e chez Zenika.<\/p>\n<p>Pour ceux qui seraient int\u00e9ress\u00e9 par ce que j\u2019avais fait l\u2019ann\u00e9e pr\u00e9c\u00e9dente, c\u2019est ici : <a href=\"https:\/\/www.loicmathieu.fr\/wordpress\/informatique\/3-ans-chez-zenika\/\" title=\"3 ans chez Zenika\">Ma troisi\u00e8me ann\u00e9e chez Zenika<\/a>.<\/p>\n<p>Quelques chiffres :<\/p>\n<p>11 articles sur mon blog perso, 2 dans le magazine Programmez et 1 sur le blog de Quarkus.<\/p>\n<p>9 sessions de formation donn\u00e9es, dont 1 sessions pour la formation D\u00e9veloppement d\u2019applications Cloud Ready avec Quarkus que j\u2019ai co-\u00e9crite, et 2 sessions pour la formation Java : la performance applicative que j\u2019ai \u00e9crite int\u00e9gralement.<\/p>\n<p>23 talks en conf\u00e9rences et meetups. Entre autre : Devoxx France, Breizhcamp, Microsoft JDConf, Ch&rsquo;ti JUG, Cloud Nord et Open Source Experience. Pour pouvez voir tous mes talks sur la page <a href=\"https:\/\/www.loicmathieu.fr\/wordpress\/mes-talks\">mes talks<\/a>.\nEt ce n\u2019est pas fini car je serais pr\u00e9sent \u00e0 Devoxx Belgium et au Devfest Nantes.<\/p>\n<p>Plus de 60 PRs sur Quarkus, ainsi que la cr\u00e9ation d\u2019un repository d\u00e9di\u00e9 pour un client <a href=\"https:\/\/github.com\/quarkiverse\/quarkus-elasticsearch-reactive\">r\u00e9actif Elasticsearch<\/a> et un autre pour <a href=\"https:\/\/github.com\/quarkiverse\/quarkus-pinot\">Apache Pinot<\/a>.<\/p>\n<p>Cette ann\u00e9e \u00e0 vu la renaissance d&rsquo;un projet qui me tiens \u00e9norm\u00e9ment \u00e0 coeur : Code moi un mouton. Code-moi un mouton, est une initiative qui a pour objectif de promouvoir l\u2019apprentissage des m\u00e9tiers du d\u00e9veloppement \u00e0 tous. Le principe : aller dans les \u00e9coles primaires pour r\u00e9aliser des ateliers de d\u00e9couverte de la programmation, en partenariat avec les professeurs des \u00e9coles. Cette initiative s\u2019ins\u00e8re dans la vision \u00ab Coding The World \u00bb de Zenika. Nous intervenons gratuitement, sur du temps que nous lib\u00e8re Zenika.<\/p>\n<p>Pour cette saison, nous sommes intervenu dans deux classes de CM1 de l&rsquo;\u00e9cole Boileau Pasteur de Roubaix avec mes coll\u00e8gues Laeticia, S\u00e9bastien, Florent, Douglas et Julien. Pour ceux qui serait int\u00e9ress\u00e9 un article de blog a \u00e9t\u00e9 \u00e9crit en 2019 sur la <a href=\"https:\/\/blog.zenika.com\/2019\/12\/23\/code-moi-un-mouton-a-zenika-lille-saison-1\/\">premi\u00e8re saison<\/a>; un article est en pr\u00e9paration pour parler des sessions de cette ann\u00e9e.<\/p>\n<p>Pour r\u00e9aliser et pr\u00e9parer tout \u00e7a, Zenika \u00e0 investit 13 jours de JAZ (Journ\u00e9e \u00e0 Zenika), des jours non prest\u00e9s d\u00e9di\u00e9s \u00e0 ces diff\u00e9rents sujets.<\/p>\n<p>Assez parl\u00e9 chiffre, cette ann\u00e9e a aussi \u00e9t\u00e9 l\u2019occasion de poursuivre la construction d&rsquo;une belle application dans une super \u00e9quipe pour le client chez lequel je suis depuis deux ans. Nous avons construit une plateforme de streaming de messages r\u00e9siliente et hautement performante gr\u00e2ce \u00e0 Quarkus et l\u2019API MicroProfile Reactive Messaging. Il y a du Kafka, du GKE et plein d\u2019autres trucs sympa! C\u2019est un accomplissement dont je suis particuli\u00e8rement fi\u00e8re, et je suis tr\u00e8s content de l\u2019\u00e9quipe dans laquelle je suis, et qui a cr\u00e9\u00e9 cette plateforme. J\u2019ai d\u2019ailleurs eu la chance de travailler avec un coll\u00e8gue Zenika pendant plus d&rsquo;un an dans cette \u00e9quipe, un lyonnais (mais personne n\u2019est parfait), et c\u2019est une exp\u00e9rience fort enrichissante. Travailler avec un Z est une source d\u2019inspiration, et m\u2019a permis d\u2019apprendre plein de chose et de confronter mes id\u00e9es avec les siennes. Le succ\u00e8s de cette application \u00e0 men\u00e9 \u00e0 l&rsquo;\u00e9criture d&rsquo;un <a href=\"https:\/\/quarkus.io\/blog\/decathlon-user-story\/\">article de blog sur le blog de Quarkus<\/a> et d&rsquo;une <a href=\"https:\/\/www.youtube.com\/watch?v=QCWs5ChObIg\">conf\u00e9rence en bin\u00f4me \u00e0 Devoxx France,<\/a> c&rsquo;\u00e9tait mon premier format conf\u00e9rence \u00e0 Devoxx et dans une grande salle ! Bien que l&rsquo;\u00e9quipe soit super et le projet int\u00e9ressant, je commence \u00e0 manquer de challenge et je pense que l&rsquo;ann\u00e9e prochaine sera celle du changement ;) (mais pas d&rsquo;urgence sur le sujet).<\/p>\n<p>J&rsquo;ai pass\u00e9 avec succ\u00e8s la certification Google Cloud Professional Architect et il me faut maintenant me motiver \u00e0 mener les \u00e9tapes n\u00e9cessaire \u00e0 devenir formateur, c&rsquo;est pour cette unique raison que j&rsquo;ai pass\u00e9 cette certification.<\/p>\n<p>Parlons un peu vie de consultant, cette ann\u00e9e est pass\u00e9e tr\u00e8s vite, beaucoup trop vite ! Le rythme t\u00e9l\u00e9travail 3 jours sur 5 est assez plaisant. Je suis pass\u00e9 de temps en temps \u00e0 l&rsquo;agence mais pas assez souvent \u00e0 mon go\u00fbt, et m\u00eame si j&rsquo;ai crois\u00e9 et fait la connaissance de pleins de coll\u00e8gues d&rsquo;autres agences, je trouves le lien avec les coll\u00e8gues de Zenika Lille assez t\u00e9nu. Nous n&rsquo;avons pas organiser tant de choses que \u00e7a \u00e0 l&rsquo;agence, et je n&rsquo;ai pas vu certain de mes coll\u00e8gues de l&rsquo;ann\u00e9e.<\/p>\n<p>Cette ann\u00e9e \u00e0 \u00e9t\u00e9 marqu\u00e9e par l&rsquo;arriv\u00e9e d&rsquo;une nouvelle manager, et son d\u00e9part. En peu de temps j&rsquo;ai chang\u00e9 4 fois de manager, m\u00eame si je suis assez autonome dans ma fa\u00e7on de travailler mon suivi s&rsquo;en est tout de m\u00eame ressenti, mais heureusement si mon DT pr\u00e9f\u00e9r\u00e9 a toujours \u00e9t\u00e9 l\u00e0 pour moi quand n\u00e9cessaire (merci Logan!).<\/p>\n<p>C\u00f4t\u00e9 Zenika Lille, nos difficult\u00e9s de recrutement me font craindre une ann\u00e9e difficile \u00e0 venir, pas de recrutement signifie moins de budget pour sortir de chez le client, et donc moins de conf, contribution open source, &#8230; Et moins d&rsquo;occasion d&rsquo;\u00e9changer avec mes coll\u00e8gues.<\/p>\n<p>Cette ann\u00e9e, je me suis aussi lanc\u00e9 dans un projet personnel de grande envergure qui j&rsquo;esp\u00e8re, verra son ach\u00e8vement dans les mois qui viennent et dont je vous parlerais l&rsquo;ann\u00e9e prochaine.<\/p>\n<p>A l\u2019ann\u00e9e prochaine pour un prochain bilan \ud83d\ude09<\/p>","protected":false},"excerpt":{"rendered":"<p>Avec quelques jours de retard, la date anniversaire \u00e9tant le 3 septembre, voici le bilan de ma quatri\u00e8me ann\u00e9e chez Zenika. Pour ceux qui seraient int\u00e9ress\u00e9 par ce que j\u2019avais fait l\u2019ann\u00e9e pr\u00e9c\u00e9dente, c\u2019est ici : Ma troisi\u00e8me ann\u00e9e chez Zenika. Quelques chiffres : 11 articles sur mon blog perso, 2 dans le magazine Programmez et 1 sur le blog de Quarkus. 9 sessions de formation donn\u00e9es, dont 1 sessions pour la formation D\u00e9veloppement d\u2019applications Cloud Ready avec Quarkus que&#8230;<p class=\"read-more\"><a class=\"btn btn-default\" href=\"https:\/\/www.loicmathieu.fr\/wordpress\/fr\/informatique\/4-ans-chez-zenika\/\">Lire la suite<span class=\"screen-reader-text\"> Lire la suite<\/span><\/a><\/p><\/p>","protected":false},"author":1,"featured_media":0,"comment_status":"open","ping_status":"open","sticky":false,"template":"","format":"standard","meta":{"jetpack_post_was_ever_published":false,"_jetpack_newsletter_access":"","_jetpack_dont_email_post_to_subs":false,"_jetpack_newsletter_tier_id":0,"_jetpack_memberships_contains_paywalled_content":false,"_jetpack_memberships_contains_paid_content":false,"activitypub_content_warning":"","activitypub_content_visibility":"","activitypub_max_image_attachments":4,"activitypub_interaction_policy_quote":"anyone","activitypub_status":"","footnotes":"","jetpack_publicize_message":"","jetpack_publicize_feature_enabled":true,"jetpack_social_post_already_shared":true,"jetpack_social_options":{"image_generator_settings":{"template":"highway","default_image_id":0,"font":"","enabled":false},"version":2}},"categories":[9],"tags":[],"class_list":["post-1508","post","type-post","status-publish","format-standard","hentry","category-informatique"],"aioseo_notices":[],"jetpack_publicize_connections":[],"jetpack_featured_media_url":"","jetpack_sharing_enabled":true,"jetpack_likes_enabled":true,"jetpack-related-posts":[{"id":1309,"url":"https:\/\/www.loicmathieu.fr\/wordpress\/fr\/informatique\/3-ans-chez-zenika\/","url_meta":{"origin":1508,"position":0},"title":"3 ans chez Zenika","author":"admin","date":"mardi  7 septembre 2021","format":false,"excerpt":"Avec un peu de retard, voici le bilan de ma troisi\u00e8me ann\u00e9e chez Zenika. Pour ceux qui seraient int\u00e9ress\u00e9 par ce que j'avais fait l'ann\u00e9e pr\u00e9c\u00e9dente, c'est ici : Ma deuxi\u00e8me ann\u00e9e chez Zenika. Quelques chiffres : 7 articles sur mon blog perso, 2 dans le magazine Programmez et 2\u2026","rel":"","context":"Dans &quot;informatique&quot;","block_context":{"text":"informatique","link":"https:\/\/www.loicmathieu.fr\/wordpress\/fr\/category\/informatique\/"},"img":{"alt_text":"","src":"","width":0,"height":0},"classes":[]},{"id":966,"url":"https:\/\/www.loicmathieu.fr\/wordpress\/fr\/informatique\/1-an-chez-zenika\/","url_meta":{"origin":1508,"position":1},"title":"1 an chez Zenika","author":"admin","date":"mardi  3 septembre 2019","format":false,"excerpt":"Aujourd'hui est un jour sp\u00e9cial, cela fait un an que je suis arriv\u00e9 chez Zenika, apr\u00e8s 9 ans en tant qu'architecte logiciel dans la DSI d'un grand groupe de retail. Et apr\u00e8s un an, quel est donc le bilan ? Tout d'abord, Zenika m'a surpris. Lors des \u00e9changes que j'ai\u2026","rel":"","context":"Dans &quot;informatique&quot;","block_context":{"text":"informatique","link":"https:\/\/www.loicmathieu.fr\/wordpress\/fr\/category\/informatique\/"},"img":{"alt_text":"","src":"","width":0,"height":0},"classes":[]},{"id":1606,"url":"https:\/\/www.loicmathieu.fr\/wordpress\/fr\/informatique\/au-revoir-zenika-bonjour-kestra\/","url_meta":{"origin":1508,"position":2},"title":"Au revoir Zenika, bonjour Kestra","author":"admin","date":"mardi 10 janvier 2023","format":false,"excerpt":"Apr\u00e8s 4 ans, 4 mois et 4 jours (ou presque), je quitte Zenika. Ces 4 ann\u00e9es et quelques auront \u00e9t\u00e9 parmi les plus passionnantes de ma vie professionnelle. Je suis triste de quitter cette super soci\u00e9t\u00e9 dans laquelle j'ai pu m'\u00e9panouir, grandir et apprendre plein de choses. Je suis s\u00fbr\u2026","rel":"","context":"Dans &quot;informatique&quot;","block_context":{"text":"informatique","link":"https:\/\/www.loicmathieu.fr\/wordpress\/fr\/category\/informatique\/"},"img":{"alt_text":"","src":"","width":0,"height":0},"classes":[]},{"id":1138,"url":"https:\/\/www.loicmathieu.fr\/wordpress\/fr\/informatique\/ma-deuxieme-annee-chez-zenika\/","url_meta":{"origin":1508,"position":3},"title":"Ma deuxi\u00e8me ann\u00e9e chez Zenika","author":"admin","date":"jeudi  3 septembre 2020","format":false,"excerpt":"Aujourd\u2019hui est un jour sp\u00e9cial, cela fait deux ans que je suis arriv\u00e9 chez Zenika, apr\u00e8s 9 ans en tant qu\u2019architecte logiciel dans la DSI d\u2019un grand groupe de retail. L'ann\u00e9e derni\u00e8re j'avais fait le bilan de ma premi\u00e8re ann\u00e9e pass\u00e9e : 1 an chez Zenika. Et un an apr\u00e8s,\u2026","rel":"","context":"Dans &quot;informatique&quot;","block_context":{"text":"informatique","link":"https:\/\/www.loicmathieu.fr\/wordpress\/fr\/category\/informatique\/"},"img":{"alt_text":"","src":"","width":0,"height":0},"classes":[]},{"id":936,"url":"https:\/\/www.loicmathieu.fr\/wordpress\/fr\/informatique\/etre-speaker-a-devoxx-france\/","url_meta":{"origin":1508,"position":4},"title":"Etre speaker \u00e0 Devoxx France","author":"admin","date":"mercredi 17 juillet 2019","format":false,"excerpt":"J'ai eu la chance de donner deux talks \u00e0 Devoxx France cette ann\u00e9e (2019). Voici un petit retour d'exp\u00e9rience sur comment j'en suis arriv\u00e9 l\u00e0, et comment s'est pass\u00e9 cette exp\u00e9rience. \u00c9tape 1 : les CFPs Lorsque la saison des CFPs arrive, comme chaque ann\u00e9e, reviens le questionnement \"Est-ce que\u2026","rel":"","context":"Dans &quot;informatique&quot;","block_context":{"text":"informatique","link":"https:\/\/www.loicmathieu.fr\/wordpress\/fr\/category\/informatique\/"},"img":{"alt_text":"","src":"","width":0,"height":0},"classes":[]},{"id":1330,"url":"https:\/\/www.loicmathieu.fr\/wordpress\/fr\/informatique\/devoxx-france-2021-ledition-9-3-4\/","url_meta":{"origin":1508,"position":5},"title":"Devoxx France 2021 &#8211; l&rsquo;\u00e9dition 9 3\/4","author":"admin","date":"vendredi  1 octobre 2021","format":false,"excerpt":"Cette semaine, c'est Devoxx France. Et pour la premi\u00e8re fois depuis pas mal de temps, je sors de chez moi, et j'y vais ! Je vous \u00e9cris ces mots dans le train de retour de la deuxi\u00e8me journ\u00e9e, pas de troisi\u00e8me pour moi cette ann\u00e9e. J'ai assist\u00e9 \u00e0 quelques talks,\u2026","rel":"","context":"Dans &quot;informatique&quot;","block_context":{"text":"informatique","link":"https:\/\/www.loicmathieu.fr\/wordpress\/fr\/category\/informatique\/"},"img":{"alt_text":"","src":"","width":0,"height":0},"classes":[]}],"_links":{"self":[{"href":"https:\/\/www.loicmathieu.fr\/wordpress\/fr\/wp-json\/wp\/v2\/posts\/1508","targetHints":{"allow":["GET"]}}],"collection":[{"href":"https:\/\/www.loicmathieu.fr\/wordpress\/fr\/wp-json\/wp\/v2\/posts"}],"about":[{"href":"https:\/\/www.loicmathieu.fr\/wordpress\/fr\/wp-json\/wp\/v2\/types\/post"}],"author":[{"embeddable":true,"href":"https:\/\/www.loicmathieu.fr\/wordpress\/fr\/wp-json\/wp\/v2\/users\/1"}],"replies":[{"embeddable":true,"href":"https:\/\/www.loicmathieu.fr\/wordpress\/fr\/wp-json\/wp\/v2\/comments?post=1508"}],"version-history":[{"count":5,"href":"https:\/\/www.loicmathieu.fr\/wordpress\/fr\/wp-json\/wp\/v2\/posts\/1508\/revisions"}],"predecessor-version":[{"id":1513,"href":"https:\/\/www.loicmathieu.fr\/wordpress\/fr\/wp-json\/wp\/v2\/posts\/1508\/revisions\/1513"}],"wp:attachment":[{"href":"https:\/\/www.loicmathieu.fr\/wordpress\/fr\/wp-json\/wp\/v2\/media?parent=1508"}],"wp:term":[{"taxonomy":"category","embeddable":true,"href":"https:\/\/www.loicmathieu.fr\/wordpress\/fr\/wp-json\/wp\/v2\/categories?post=1508"},{"taxonomy":"post_tag","embeddable":true,"href":"https:\/\/www.loicmathieu.fr\/wordpress\/fr\/wp-json\/wp\/v2\/tags?post=1508"}],"curies":[{"name":"wp","href":"https:\/\/api.w.org\/{rel}","templated":true}]}}