{"id":1606,"date":"2023-01-10T12:10:43","date_gmt":"2023-01-10T11:10:43","guid":{"rendered":"https:\/\/www.loicmathieu.fr\/wordpress\/?p=1606"},"modified":"2023-01-10T12:10:43","modified_gmt":"2023-01-10T11:10:43","slug":"au-revoir-zenika-bonjour-kestra","status":"publish","type":"post","link":"https:\/\/www.loicmathieu.fr\/wordpress\/fr\/informatique\/au-revoir-zenika-bonjour-kestra\/","title":{"rendered":"Au revoir Zenika, bonjour Kestra"},"content":{"rendered":"<p>Apr\u00e8s 4 ans, 4 mois et 4 jours (ou presque), je quitte Zenika. Ces 4 ann\u00e9es et quelques auront \u00e9t\u00e9 parmi les plus passionnantes de ma vie professionnelle. Je suis triste de quitter cette super soci\u00e9t\u00e9 dans laquelle j&rsquo;ai pu m&rsquo;\u00e9panouir, grandir et apprendre plein de choses. Je suis s\u00fbr que je regretterai Zenika, l&rsquo;agence de Lille et tous mes coll\u00e8gues, mais l&rsquo;attrait du projet que me proposais Kestra \u00e9tait trop grand !<\/p>\n<p>Si vous avez envie de savoir ce que j&rsquo;ai fait pendant tout ce temps, c&rsquo;est ici : <a href=\"https:\/\/www.loicmathieu.fr\/wordpress\/informatique\/1-an-chez-zenika\/\">1 an chez Zenika<\/a>, <a href=\"https:\/\/www.loicmathieu.fr\/wordpress\/informatique\/ma-deuxieme-annee-chez-zenika\/\">ma deuxi\u00e8me ann\u00e9e chez Zenika<\/a>, <a href=\"https:\/\/www.loicmathieu.fr\/wordpress\/informatique\/3-ans-chez-zenika\/\">3 ans chez Zenika<\/a> et <a href=\"https:\/\/www.loicmathieu.fr\/wordpress\/informatique\/4-ans-chez-zenika\/\">4 ans chez Zenika<\/a>.<\/p>\n<p>D\u2019ailleurs, si pour faire rapidement un petit bilan de ces 4 mois et 4 jours passionnant de ma cinqui\u00e8me ann\u00e9e, quelques chiffres tout d&rsquo;abord.<\/p>\n<p>6 articles sur mon blog perso et 1 dans le magazine Programmez!.<\/p>\n<p>4 sessions de formation donn\u00e9es, dont une session pour la formation D\u00e9veloppement d\u2019applications Cloud Ready avec Quarkus que j\u2019ai co-\u00e9crite, et une session pour la formation Java : la performance applicative que j\u2019ai \u00e9crite int\u00e9gralement. Donner des formations sera une des choses qui me manquera le plus chez Kestra.<\/p>\n<p>4 talks en conf\u00e9rences et meetups. Entre autre : Devfest Nantes et <strong>mon premier talk \u00e0 la Technozaure<\/strong>! la conf\u00e9rence interne Zenika. Parler \u00e0 la Technozaure \u00e9tait un de mes objectifs je suis donc tr\u00e8s content d&rsquo;avoir enfin p\u00fbt y arriver. Vous pouvez voir tous mes talks sur la page mes talks.<\/p>\n<p>Toujours pleins de PRs sur Quarkus, je n&rsquo;ai pas compt\u00e9.<\/p>\n<p>Bon, depuis mon dernier article, il y a eu les vacances, la fin de ma mission que j&rsquo;avais d\u00e9j\u00e0 \u00e9voqu\u00e9 en long, en large et en travers et &#8230; Kestra !<\/p>\n<p>Donc, venons en au fait, je quitte Zenika pour une petite startup lilloise qui vient de se cr\u00e9er et qui s&rsquo;appelle <a href=\"https:\/\/www.kestra.io\" rel=\"noopener\" target=\"_blank\">Kestra Technologies<\/a>. Cette startup \u00e9dite le logiciel Kestra et m&rsquo;a propos\u00e9 de prendre en charge la mise en place d&rsquo;un SaaS ! C&rsquo;est une occasion en or qu&rsquo;on ne voit que rarement dans sa vie, avoir la chance de pouvoir mener de bout en bout un projet aussi ambitieux et techniquement int\u00e9ressant qu&rsquo;un SaaS d&rsquo;une solution d&rsquo;orchestration de donn\u00e9es. Beaucoup de d\u00e9fis en perspective et certainement encore pleins de choses \u00e0 d\u00e9couvrir !<\/p>\n<p>Pour les curieux, Kestra se d\u00e9finit comme :<\/p>\n<blockquote>\nThe open source data orchestration and scheduling platform.\nKestra is an infinitely scalable orchestration and scheduling platform, creating, running, scheduling, and monitoring millions of complex pipelines.\n<\/blockquote>\n<p>Je vous pr\u00e9senterai Kestra quand je l&rsquo;aurai test\u00e9 ;)<\/p>\n<p><\/p>","protected":false},"excerpt":{"rendered":"<p>Apr\u00e8s 4 ans, 4 mois et 4 jours (ou presque), je quitte Zenika. Ces 4 ann\u00e9es et quelques auront \u00e9t\u00e9 parmi les plus passionnantes de ma vie professionnelle. Je suis triste de quitter cette super soci\u00e9t\u00e9 dans laquelle j&rsquo;ai pu m&rsquo;\u00e9panouir, grandir et apprendre plein de choses. Je suis s\u00fbr que je regretterai Zenika, l&rsquo;agence de Lille et tous mes coll\u00e8gues, mais l&rsquo;attrait du projet que me proposais Kestra \u00e9tait trop grand ! Si vous avez envie de savoir ce&#8230;<p class=\"read-more\"><a class=\"btn btn-default\" href=\"https:\/\/www.loicmathieu.fr\/wordpress\/fr\/informatique\/au-revoir-zenika-bonjour-kestra\/\">Lire la suite<span class=\"screen-reader-text\"> Lire la suite<\/span><\/a><\/p><\/p>","protected":false},"author":1,"featured_media":0,"comment_status":"open","ping_status":"open","sticky":false,"template":"","format":"standard","meta":{"jetpack_post_was_ever_published":false,"_jetpack_newsletter_access":"","_jetpack_dont_email_post_to_subs":false,"_jetpack_newsletter_tier_id":0,"_jetpack_memberships_contains_paywalled_content":false,"_jetpack_memberships_contains_paid_content":false,"activitypub_content_warning":"","activitypub_content_visibility":"","activitypub_max_image_attachments":4,"activitypub_interaction_policy_quote":"anyone","activitypub_status":"","footnotes":"","jetpack_publicize_message":"","jetpack_publicize_feature_enabled":true,"jetpack_social_post_already_shared":true,"jetpack_social_options":{"image_generator_settings":{"template":"highway","default_image_id":0,"font":"","enabled":false},"version":2}},"categories":[9],"tags":[],"class_list":["post-1606","post","type-post","status-publish","format-standard","hentry","category-informatique"],"aioseo_notices":[],"jetpack_publicize_connections":[],"jetpack_featured_media_url":"","jetpack_sharing_enabled":true,"jetpack_likes_enabled":true,"jetpack-related-posts":[{"id":1508,"url":"https:\/\/www.loicmathieu.fr\/wordpress\/fr\/informatique\/4-ans-chez-zenika\/","url_meta":{"origin":1606,"position":0},"title":"4 ans chez Zenika","author":"admin","date":"mardi  6 septembre 2022","format":false,"excerpt":"Avec quelques jours de retard, la date anniversaire \u00e9tant le 3 septembre, voici le bilan de ma quatri\u00e8me ann\u00e9e chez Zenika. Pour ceux qui seraient int\u00e9ress\u00e9 par ce que j\u2019avais fait l\u2019ann\u00e9e pr\u00e9c\u00e9dente, c\u2019est ici : Ma troisi\u00e8me ann\u00e9e chez Zenika. Quelques chiffres : 11 articles sur mon blog perso,\u2026","rel":"","context":"Dans &quot;informatique&quot;","block_context":{"text":"informatique","link":"https:\/\/www.loicmathieu.fr\/wordpress\/fr\/category\/informatique\/"},"img":{"alt_text":"","src":"","width":0,"height":0},"classes":[]},{"id":966,"url":"https:\/\/www.loicmathieu.fr\/wordpress\/fr\/informatique\/1-an-chez-zenika\/","url_meta":{"origin":1606,"position":1},"title":"1 an chez Zenika","author":"admin","date":"mardi  3 septembre 2019","format":false,"excerpt":"Aujourd'hui est un jour sp\u00e9cial, cela fait un an que je suis arriv\u00e9 chez Zenika, apr\u00e8s 9 ans en tant qu'architecte logiciel dans la DSI d'un grand groupe de retail. Et apr\u00e8s un an, quel est donc le bilan ? Tout d'abord, Zenika m'a surpris. Lors des \u00e9changes que j'ai\u2026","rel":"","context":"Dans &quot;informatique&quot;","block_context":{"text":"informatique","link":"https:\/\/www.loicmathieu.fr\/wordpress\/fr\/category\/informatique\/"},"img":{"alt_text":"","src":"","width":0,"height":0},"classes":[]},{"id":1309,"url":"https:\/\/www.loicmathieu.fr\/wordpress\/fr\/informatique\/3-ans-chez-zenika\/","url_meta":{"origin":1606,"position":2},"title":"3 ans chez Zenika","author":"admin","date":"mardi  7 septembre 2021","format":false,"excerpt":"Avec un peu de retard, voici le bilan de ma troisi\u00e8me ann\u00e9e chez Zenika. Pour ceux qui seraient int\u00e9ress\u00e9 par ce que j'avais fait l'ann\u00e9e pr\u00e9c\u00e9dente, c'est ici : Ma deuxi\u00e8me ann\u00e9e chez Zenika. Quelques chiffres : 7 articles sur mon blog perso, 2 dans le magazine Programmez et 2\u2026","rel":"","context":"Dans &quot;informatique&quot;","block_context":{"text":"informatique","link":"https:\/\/www.loicmathieu.fr\/wordpress\/fr\/category\/informatique\/"},"img":{"alt_text":"","src":"","width":0,"height":0},"classes":[]},{"id":1138,"url":"https:\/\/www.loicmathieu.fr\/wordpress\/fr\/informatique\/ma-deuxieme-annee-chez-zenika\/","url_meta":{"origin":1606,"position":3},"title":"Ma deuxi\u00e8me ann\u00e9e chez Zenika","author":"admin","date":"jeudi  3 septembre 2020","format":false,"excerpt":"Aujourd\u2019hui est un jour sp\u00e9cial, cela fait deux ans que je suis arriv\u00e9 chez Zenika, apr\u00e8s 9 ans en tant qu\u2019architecte logiciel dans la DSI d\u2019un grand groupe de retail. L'ann\u00e9e derni\u00e8re j'avais fait le bilan de ma premi\u00e8re ann\u00e9e pass\u00e9e : 1 an chez Zenika. Et un an apr\u00e8s,\u2026","rel":"","context":"Dans &quot;informatique&quot;","block_context":{"text":"informatique","link":"https:\/\/www.loicmathieu.fr\/wordpress\/fr\/category\/informatique\/"},"img":{"alt_text":"","src":"","width":0,"height":0},"classes":[]},{"id":856,"url":"https:\/\/www.loicmathieu.fr\/wordpress\/fr\/informatique\/java-next\/","url_meta":{"origin":1606,"position":4},"title":"Java.Next","author":"admin","date":"mercredi 31 octobre 2018","format":false,"excerpt":"Ma premi\u00e8re contribution au blog de Zenika est un article qui parle du futur (ou du pr\u00e9sent) de Java et des changements pour les d\u00e9veloppeurs dans les versions 9, 10 et 11. La gouvernance de Java y est aussi abord\u00e9. Cet article reprend et r\u00e9sume les articles que j'ai pr\u00e9c\u00e9demment\u2026","rel":"","context":"Dans &quot;informatique&quot;","block_context":{"text":"informatique","link":"https:\/\/www.loicmathieu.fr\/wordpress\/fr\/category\/informatique\/"},"img":{"alt_text":"","src":"","width":0,"height":0},"classes":[]},{"id":936,"url":"https:\/\/www.loicmathieu.fr\/wordpress\/fr\/informatique\/etre-speaker-a-devoxx-france\/","url_meta":{"origin":1606,"position":5},"title":"Etre speaker \u00e0 Devoxx France","author":"admin","date":"mercredi 17 juillet 2019","format":false,"excerpt":"J'ai eu la chance de donner deux talks \u00e0 Devoxx France cette ann\u00e9e (2019). Voici un petit retour d'exp\u00e9rience sur comment j'en suis arriv\u00e9 l\u00e0, et comment s'est pass\u00e9 cette exp\u00e9rience. \u00c9tape 1 : les CFPs Lorsque la saison des CFPs arrive, comme chaque ann\u00e9e, reviens le questionnement \"Est-ce que\u2026","rel":"","context":"Dans &quot;informatique&quot;","block_context":{"text":"informatique","link":"https:\/\/www.loicmathieu.fr\/wordpress\/fr\/category\/informatique\/"},"img":{"alt_text":"","src":"","width":0,"height":0},"classes":[]}],"_links":{"self":[{"href":"https:\/\/www.loicmathieu.fr\/wordpress\/fr\/wp-json\/wp\/v2\/posts\/1606","targetHints":{"allow":["GET"]}}],"collection":[{"href":"https:\/\/www.loicmathieu.fr\/wordpress\/fr\/wp-json\/wp\/v2\/posts"}],"about":[{"href":"https:\/\/www.loicmathieu.fr\/wordpress\/fr\/wp-json\/wp\/v2\/types\/post"}],"author":[{"embeddable":true,"href":"https:\/\/www.loicmathieu.fr\/wordpress\/fr\/wp-json\/wp\/v2\/users\/1"}],"replies":[{"embeddable":true,"href":"https:\/\/www.loicmathieu.fr\/wordpress\/fr\/wp-json\/wp\/v2\/comments?post=1606"}],"version-history":[{"count":3,"href":"https:\/\/www.loicmathieu.fr\/wordpress\/fr\/wp-json\/wp\/v2\/posts\/1606\/revisions"}],"predecessor-version":[{"id":1610,"href":"https:\/\/www.loicmathieu.fr\/wordpress\/fr\/wp-json\/wp\/v2\/posts\/1606\/revisions\/1610"}],"wp:attachment":[{"href":"https:\/\/www.loicmathieu.fr\/wordpress\/fr\/wp-json\/wp\/v2\/media?parent=1606"}],"wp:term":[{"taxonomy":"category","embeddable":true,"href":"https:\/\/www.loicmathieu.fr\/wordpress\/fr\/wp-json\/wp\/v2\/categories?post=1606"},{"taxonomy":"post_tag","embeddable":true,"href":"https:\/\/www.loicmathieu.fr\/wordpress\/fr\/wp-json\/wp\/v2\/tags?post=1606"}],"curies":[{"name":"wp","href":"https:\/\/api.w.org\/{rel}","templated":true}]}}