{"id":17,"date":"2007-02-09T14:54:29","date_gmt":"2007-02-09T13:54:29","guid":{"rendered":""},"modified":"2008-02-02T08:53:10","modified_gmt":"2008-02-02T07:53:10","slug":"la-campagne-electoral-fait-parler","status":"publish","type":"post","link":"https:\/\/www.loicmathieu.fr\/wordpress\/fr\/politique\/la-campagne-electoral-fait-parler\/","title":{"rendered":"La campagne \u00e9l\u00e9ctoral fait parler &#8230;"},"content":{"rendered":"<p>Depuis quelques jour, j&rsquo;ai tout les jours des discussion acc\u00e8s politique avec des amis \u00e0 propos de la campagne \u00e9lectorale.\nBien que d&rsquo;orientation politiques diff\u00e9rents, on se retrouve sur \u00e9norm\u00e9ment de point, c&rsquo;est marrant comme, somme toute, les deux principaux partis politiques fran\u00e7ais sont semblable.<\/p>\n<p>Une autre r\u00e9flexion \u00e9t\u00e9 la position des m\u00e9dia, pourquoi s&rsquo;int\u00e9ressent-ils autant \u00e0 des fait divers, propositions, erreurs, &#8230; qui ne nous int\u00e9ressent pas : RG, ISF, scooteur \/ADN, &#8230; sans nous donner ce que nous attendons tous : de vrai d\u00e9bat!\nA quand de r\u00e9el d\u00e9bat entre candidats, ont-ils peur &#8230; et qui\u00e0Est-ce les m\u00e9dia qui ne sont pas int\u00e9ress\u00e9, le publique (dans ce cas l\u00e0 : triste France) ou alors les candidats. Car en ce moment, l&rsquo;actualit\u00e9 politique est plus bas\u00e9 sur des potins inint\u00e9ressant que sur de v\u00e9ritables id\u00e9e.<\/p>\n<p>En esp\u00e9rant que cela changera bient\u00f4t, je vous souhaite \u00e0 tous une bonne journ\u00e9e :)<\/p>","protected":false},"excerpt":{"rendered":"<p>Depuis quelques jour, j&rsquo;ai tout les jours des discussion acc\u00e8s politique avec des amis \u00e0 propos de la campagne \u00e9lectorale. Bien que d&rsquo;orientation politiques diff\u00e9rents, on se retrouve sur \u00e9norm\u00e9ment de point, c&rsquo;est marrant comme, somme toute, les deux principaux partis politiques fran\u00e7ais sont semblable. Une autre r\u00e9flexion \u00e9t\u00e9 la position des m\u00e9dia, pourquoi s&rsquo;int\u00e9ressent-ils autant \u00e0 des fait divers, propositions, erreurs, &#8230; qui ne nous int\u00e9ressent pas : RG, ISF, scooteur \/ADN, &#8230; sans nous donner ce que nous&#8230;<p class=\"read-more\"><a class=\"btn btn-default\" href=\"https:\/\/www.loicmathieu.fr\/wordpress\/fr\/politique\/la-campagne-electoral-fait-parler\/\">Lire la suite<span class=\"screen-reader-text\"> Lire la suite<\/span><\/a><\/p><\/p>","protected":false},"author":1,"featured_media":0,"comment_status":"open","ping_status":"open","sticky":false,"template":"","format":"standard","meta":{"jetpack_post_was_ever_published":false,"_jetpack_newsletter_access":"","_jetpack_dont_email_post_to_subs":false,"_jetpack_newsletter_tier_id":0,"_jetpack_memberships_contains_paywalled_content":false,"_jetpack_memberships_contains_paid_content":false,"activitypub_content_warning":"","activitypub_content_visibility":"","activitypub_max_image_attachments":4,"activitypub_interaction_policy_quote":"anyone","activitypub_status":"","footnotes":"","jetpack_publicize_message":"","jetpack_publicize_feature_enabled":true,"jetpack_social_post_already_shared":false,"jetpack_social_options":{"image_generator_settings":{"template":"highway","default_image_id":0,"font":"","enabled":false},"version":2}},"categories":[7],"tags":[150],"class_list":["post-17","post","type-post","status-publish","format-standard","hentry","category-politique","tag-politique"],"aioseo_notices":[],"jetpack_publicize_connections":[],"jetpack_featured_media_url":"","jetpack_sharing_enabled":true,"jetpack_likes_enabled":true,"jetpack-related-posts":[{"id":13,"url":"https:\/\/www.loicmathieu.fr\/wordpress\/fr\/politique\/campagne-electoral-clownesque\/","url_meta":{"origin":17,"position":0},"title":"Campagne \u00e9l\u00e9ctoral clownesque","author":"admin","date":"jeudi 25 janvier 2007","format":false,"excerpt":"Bonjour, Ayant un peu de temps aujourd'hui ... pas beaucoup de boulot ... je m'ennuie un peut, je vais passer un petit coup de gueule. La campagne \u00e9lectorale me semble mal partie. Encore une fois, les m\u00e9dias nous font du tout et du n'importe quoi (surtout du n'importe quoi d'ailleurs).\u2026","rel":"","context":"Dans &quot;politique&quot;","block_context":{"text":"politique","link":"https:\/\/www.loicmathieu.fr\/wordpress\/fr\/category\/politique\/"},"img":{"alt_text":"","src":"","width":0,"height":0},"classes":[]},{"id":30,"url":"https:\/\/www.loicmathieu.fr\/wordpress\/fr\/politique\/debat-politique\/","url_meta":{"origin":17,"position":1},"title":"D\u00e9bat politique","author":"admin","date":"jeudi  3 mai 2007","format":false,"excerpt":"Hier, j'ai regarder le d\u00e9bat politique entre M.Sakozy et Mme. Royale. C'\u00e9tait sans doute le premier d\u00e9bat que j'ai suivit dans son int\u00e9gralit\u00e9 - ou presque - apr\u00e8s une campagne \u00e9lectorale que j'ai aussi tr\u00e8s suivie. Et ce d\u00e9bat m'a \u00e9nerv\u00e9 : - Mme. Royale s'est cantonn\u00e9e dans son r\u00f4le\u2026","rel":"","context":"Dans &quot;politique&quot;","block_context":{"text":"politique","link":"https:\/\/www.loicmathieu.fr\/wordpress\/fr\/category\/politique\/"},"img":{"alt_text":"","src":"","width":0,"height":0},"classes":[]},{"id":14,"url":"https:\/\/www.loicmathieu.fr\/wordpress\/fr\/politique\/politique-encore-et-sondage\/","url_meta":{"origin":17,"position":2},"title":"Politique encore, et sondage &#8230;","author":"admin","date":"vendredi 26 janvier 2007","format":false,"excerpt":"Encore un petit post politique d'apr\u00e8s sondage. Selon une d\u00e9p\u00eache du Monde - \u00e0 lire ici -, 59% consid\u00e8rent que leur pouvoir d'achat a baisser depuis un an, pourtant en un an : baisse des imp\u00f4ts - hors imp\u00f4ts locaux qui eux, explosent :( - , croissance sup\u00e9rieur \u00e0 l'inflation,\u2026","rel":"","context":"Dans &quot;politique&quot;","block_context":{"text":"politique","link":"https:\/\/www.loicmathieu.fr\/wordpress\/fr\/category\/politique\/"},"img":{"alt_text":"","src":"","width":0,"height":0},"classes":[]},{"id":24,"url":"https:\/\/www.loicmathieu.fr\/wordpress\/fr\/politique\/la-liberte-dexpression-sur-le-web-en-danger\/","url_meta":{"origin":17,"position":3},"title":"La libert\u00e9 d&rsquo;expression sur le web en danger!","author":"admin","date":"mercredi 21 mars 2007","format":false,"excerpt":"J'ai lut aujourd'hui cette article sur les 'colleurs d'affiches du web' : http:\/\/www.lemonde.fr\/web\/articleinteractif\/0,41-0@2-823448,49-885794,0.html?xtor=RSS-3208 . Cela pose de nombreuses questions sur la qualit\u00e9 des informations trouv\u00e9 sur le web, de telle pratique (manipulation de mail\/login\/IP pour tromper les sondage, bombardement de commentaire sur les blog ou les sites) mettent en doute\u2026","rel":"","context":"Dans &quot;divers&quot;","block_context":{"text":"divers","link":"https:\/\/www.loicmathieu.fr\/wordpress\/fr\/category\/divers\/"},"img":{"alt_text":"","src":"","width":0,"height":0},"classes":[]},{"id":72,"url":"https:\/\/www.loicmathieu.fr\/wordpress\/fr\/politique\/mondialisation-positive\/","url_meta":{"origin":17,"position":4},"title":"Mondialisation positive ?","author":"admin","date":"jeudi 27 mars 2008","format":false,"excerpt":"La mondialisation! Quand on entend ce terme, au d\u00e9but, on pense aux d\u00e9localisation ou \u00e0 l'offshore: d\u00e9placer des \u00e9quipes de d\u00e9veloppement informatique par exemple, \u00e0 l'autre bout de la plan\u00e8te (en inde, souvent). Depuis quelques temps, on d\u00e9localisait aussi un peu plus pr\u00eat de nous, en Europe de l'est (offshore\u2026","rel":"","context":"Dans &quot;informatique&quot;","block_context":{"text":"informatique","link":"https:\/\/www.loicmathieu.fr\/wordpress\/fr\/category\/informatique\/"},"img":{"alt_text":"","src":"","width":0,"height":0},"classes":[]},{"id":43,"url":"https:\/\/www.loicmathieu.fr\/wordpress\/fr\/politique\/manifestation-des-usagers-contre-la-sncf\/","url_meta":{"origin":17,"position":5},"title":"Manifestation des usagers contre la SNCF","author":"admin","date":"vendredi 14 septembre 2007","format":false,"excerpt":"Bonjour, Je suis usager r\u00e9gulier de la ligne Lille - Bruxelles, je suis donc abonn\u00e9 SNCF\/Eurostar sur cette ligne. Ce matin, j'ai particip\u00e9 \u00e0 une manifestation d'usagers contre la SNCF pour se plaindre de plusieurs points: retard r\u00e9gulier du train au d\u00e9part de Lille (20mn de retard 1 \u00e0 2\u2026","rel":"","context":"Dans &quot;politique&quot;","block_context":{"text":"politique","link":"https:\/\/www.loicmathieu.fr\/wordpress\/fr\/category\/politique\/"},"img":{"alt_text":"","src":"","width":0,"height":0},"classes":[]}],"_links":{"self":[{"href":"https:\/\/www.loicmathieu.fr\/wordpress\/fr\/wp-json\/wp\/v2\/posts\/17","targetHints":{"allow":["GET"]}}],"collection":[{"href":"https:\/\/www.loicmathieu.fr\/wordpress\/fr\/wp-json\/wp\/v2\/posts"}],"about":[{"href":"https:\/\/www.loicmathieu.fr\/wordpress\/fr\/wp-json\/wp\/v2\/types\/post"}],"author":[{"embeddable":true,"href":"https:\/\/www.loicmathieu.fr\/wordpress\/fr\/wp-json\/wp\/v2\/users\/1"}],"replies":[{"embeddable":true,"href":"https:\/\/www.loicmathieu.fr\/wordpress\/fr\/wp-json\/wp\/v2\/comments?post=17"}],"version-history":[{"count":0,"href":"https:\/\/www.loicmathieu.fr\/wordpress\/fr\/wp-json\/wp\/v2\/posts\/17\/revisions"}],"wp:attachment":[{"href":"https:\/\/www.loicmathieu.fr\/wordpress\/fr\/wp-json\/wp\/v2\/media?parent=17"}],"wp:term":[{"taxonomy":"category","embeddable":true,"href":"https:\/\/www.loicmathieu.fr\/wordpress\/fr\/wp-json\/wp\/v2\/categories?post=17"},{"taxonomy":"post_tag","embeddable":true,"href":"https:\/\/www.loicmathieu.fr\/wordpress\/fr\/wp-json\/wp\/v2\/tags?post=17"}],"curies":[{"name":"wp","href":"https:\/\/api.w.org\/{rel}","templated":true}]}}