{"id":25,"date":"2007-03-30T10:19:49","date_gmt":"2007-03-30T09:19:49","guid":{"rendered":""},"modified":"2008-02-02T08:50:21","modified_gmt":"2008-02-02T07:50:21","slug":"gare-du-nord-respect-civilite-democratie-en-danger","status":"publish","type":"post","link":"https:\/\/www.loicmathieu.fr\/wordpress\/fr\/politique\/gare-du-nord-respect-civilite-democratie-en-danger\/","title":{"rendered":"Gare du Nord, respect, civilit\u00e9 : d\u00e9mocratie en danger!"},"content":{"rendered":"<p>Un coup de gueule : \u00e0 mon sens, la d\u00e9mocratie est en danger quand on trouve normale de piller, bruler, d\u00e9grader, se battre contre les forces de l&rsquo;ordre. Alors je le proclame bien haut : NON, il n&rsquo;est pas normale de prendre le m\u00e9tro sans ticket (m\u00eame si j&rsquo;avoue le faire de temps en temps), NON, il n&rsquo;est pas normale de d\u00e9fier les forces de l&rsquo;ordre (m\u00eame si on n&rsquo;est pas toujours d&rsquo;accord avec elle, on doit les respecter : le respect de l&rsquo;uniforme.).<\/p>\n<p>Je trouve bizzard que la peur de l&rsquo;uniforme n&rsquo;existe plus.\nJe trouve encore plus bizzard une photos vue dans Lille Sud (ou M\u00e9tro, je ne suis plus sure) on l&rsquo;on voyait une troupe de gens poser devant le photographe, plut\u00f4t fi\u00e8re d&rsquo;eux, ces gens \u00e9tant des casseurs!<\/p>\n<p>Je ne suis pas d&rsquo;accord avec sarkozi et sa politique, sa fa\u00e7on d&rsquo;\u00eatre, ses paroles. Je ne suis pas d&rsquo;accord avec le PS qui fustige la droite sans vraiment prendre position.<\/p>\n<p>Pour moi ces \u00e9v\u00e8nements sont inacceptable et montre un probl\u00e8mes d&rsquo;\u00e9ducation et de responsabilit\u00e9 civile. Comment as-t-on put en arriver l\u00e0!<\/p>","protected":false},"excerpt":{"rendered":"<p>Un coup de gueule : \u00e0 mon sens, la d\u00e9mocratie est en danger quand on trouve normale de piller, bruler, d\u00e9grader, se battre contre les forces de l&rsquo;ordre. Alors je le proclame bien haut : NON, il n&rsquo;est pas normale de prendre le m\u00e9tro sans ticket (m\u00eame si j&rsquo;avoue le faire de temps en temps), NON, il n&rsquo;est pas normale de d\u00e9fier les forces de l&rsquo;ordre (m\u00eame si on n&rsquo;est pas toujours d&rsquo;accord avec elle, on doit les respecter :&#8230;<p class=\"read-more\"><a class=\"btn btn-default\" href=\"https:\/\/www.loicmathieu.fr\/wordpress\/fr\/politique\/gare-du-nord-respect-civilite-democratie-en-danger\/\">Lire la suite<span class=\"screen-reader-text\"> Lire la suite<\/span><\/a><\/p><\/p>","protected":false},"author":1,"featured_media":0,"comment_status":"open","ping_status":"open","sticky":false,"template":"","format":"standard","meta":{"jetpack_post_was_ever_published":false,"_jetpack_newsletter_access":"","_jetpack_dont_email_post_to_subs":false,"_jetpack_newsletter_tier_id":0,"_jetpack_memberships_contains_paywalled_content":false,"_jetpack_memberships_contains_paid_content":false,"activitypub_content_warning":"","activitypub_content_visibility":"","activitypub_max_image_attachments":4,"activitypub_interaction_policy_quote":"anyone","activitypub_status":"","footnotes":"","jetpack_publicize_message":"","jetpack_publicize_feature_enabled":true,"jetpack_social_post_already_shared":false,"jetpack_social_options":{"image_generator_settings":{"template":"highway","default_image_id":0,"font":"","enabled":false},"version":2}},"categories":[7],"tags":[150],"class_list":["post-25","post","type-post","status-publish","format-standard","hentry","category-politique","tag-politique"],"aioseo_notices":[],"jetpack_publicize_connections":[],"jetpack_featured_media_url":"","jetpack_sharing_enabled":true,"jetpack_likes_enabled":true,"jetpack-related-posts":[{"id":37,"url":"https:\/\/www.loicmathieu.fr\/wordpress\/fr\/politique\/la-censure-sarkozienne-touche-la-belgique\/","url_meta":{"origin":25,"position":0},"title":"la censure sarkozienne touche la Belgique","author":"admin","date":"samedi 16 juin 2007","format":false,"excerpt":"Tout le monde en a entendue parler, notre cher pr\u00e9sident 'semblait' saoul au G8. Pour moi aucun probl\u00e8me, comme l'ont dit certain, \u00e7a le rend plus humain, plus proche de nous. Clairement, c'est normal d'\u00eatre 'gaie' apr\u00e9s avoir partager quelques verres, par courtoisie, avec les grands de ce monde. Surtout\u2026","rel":"","context":"Dans &quot;politique&quot;","block_context":{"text":"politique","link":"https:\/\/www.loicmathieu.fr\/wordpress\/fr\/category\/politique\/"},"img":{"alt_text":"","src":"","width":0,"height":0},"classes":[]},{"id":31,"url":"https:\/\/www.loicmathieu.fr\/wordpress\/fr\/politique\/violences-hurbaine-en-centre-ville-hum\/","url_meta":{"origin":25,"position":1},"title":"Violences urbaine en centre ville &#8230; hum","author":"admin","date":"mardi  8 mai 2007","format":false,"excerpt":"Dimanche, j'\u00e9t\u00e9 dans le centre de Lille, tout pr\u00e9s du QG de l'UMP de Lille (qui se situe Rue Solf\u00e9rino, comme le QG de Mme Royale mais \u00e0 Lille, dr\u00f4le de coincidence!). Quelle n'a pas \u00e9t\u00e9 ma surpise de d\u00e9couvrire, en plus d'un attroupement de suporter devant le QG, des\u2026","rel":"","context":"Dans &quot;politique&quot;","block_context":{"text":"politique","link":"https:\/\/www.loicmathieu.fr\/wordpress\/fr\/category\/politique\/"},"img":{"alt_text":"","src":"","width":0,"height":0},"classes":[]},{"id":30,"url":"https:\/\/www.loicmathieu.fr\/wordpress\/fr\/politique\/debat-politique\/","url_meta":{"origin":25,"position":2},"title":"D\u00e9bat politique","author":"admin","date":"jeudi  3 mai 2007","format":false,"excerpt":"Hier, j'ai regarder le d\u00e9bat politique entre M.Sakozy et Mme. Royale. C'\u00e9tait sans doute le premier d\u00e9bat que j'ai suivit dans son int\u00e9gralit\u00e9 - ou presque - apr\u00e8s une campagne \u00e9lectorale que j'ai aussi tr\u00e8s suivie. Et ce d\u00e9bat m'a \u00e9nerv\u00e9 : - Mme. Royale s'est cantonn\u00e9e dans son r\u00f4le\u2026","rel":"","context":"Dans &quot;politique&quot;","block_context":{"text":"politique","link":"https:\/\/www.loicmathieu.fr\/wordpress\/fr\/category\/politique\/"},"img":{"alt_text":"","src":"","width":0,"height":0},"classes":[]},{"id":24,"url":"https:\/\/www.loicmathieu.fr\/wordpress\/fr\/politique\/la-liberte-dexpression-sur-le-web-en-danger\/","url_meta":{"origin":25,"position":3},"title":"La libert\u00e9 d&rsquo;expression sur le web en danger!","author":"admin","date":"mercredi 21 mars 2007","format":false,"excerpt":"J'ai lut aujourd'hui cette article sur les 'colleurs d'affiches du web' : http:\/\/www.lemonde.fr\/web\/articleinteractif\/0,41-0@2-823448,49-885794,0.html?xtor=RSS-3208 . Cela pose de nombreuses questions sur la qualit\u00e9 des informations trouv\u00e9 sur le web, de telle pratique (manipulation de mail\/login\/IP pour tromper les sondage, bombardement de commentaire sur les blog ou les sites) mettent en doute\u2026","rel":"","context":"Dans &quot;divers&quot;","block_context":{"text":"divers","link":"https:\/\/www.loicmathieu.fr\/wordpress\/fr\/category\/divers\/"},"img":{"alt_text":"","src":"","width":0,"height":0},"classes":[]},{"id":1309,"url":"https:\/\/www.loicmathieu.fr\/wordpress\/fr\/informatique\/3-ans-chez-zenika\/","url_meta":{"origin":25,"position":4},"title":"3 ans chez Zenika","author":"admin","date":"mardi  7 septembre 2021","format":false,"excerpt":"Avec un peu de retard, voici le bilan de ma troisi\u00e8me ann\u00e9e chez Zenika. Pour ceux qui seraient int\u00e9ress\u00e9 par ce que j'avais fait l'ann\u00e9e pr\u00e9c\u00e9dente, c'est ici : Ma deuxi\u00e8me ann\u00e9e chez Zenika. Quelques chiffres : 7 articles sur mon blog perso, 2 dans le magazine Programmez et 2\u2026","rel":"","context":"Dans &quot;informatique&quot;","block_context":{"text":"informatique","link":"https:\/\/www.loicmathieu.fr\/wordpress\/fr\/category\/informatique\/"},"img":{"alt_text":"","src":"","width":0,"height":0},"classes":[]},{"id":936,"url":"https:\/\/www.loicmathieu.fr\/wordpress\/fr\/informatique\/etre-speaker-a-devoxx-france\/","url_meta":{"origin":25,"position":5},"title":"Etre speaker \u00e0 Devoxx France","author":"admin","date":"mercredi 17 juillet 2019","format":false,"excerpt":"J'ai eu la chance de donner deux talks \u00e0 Devoxx France cette ann\u00e9e (2019). Voici un petit retour d'exp\u00e9rience sur comment j'en suis arriv\u00e9 l\u00e0, et comment s'est pass\u00e9 cette exp\u00e9rience. \u00c9tape 1 : les CFPs Lorsque la saison des CFPs arrive, comme chaque ann\u00e9e, reviens le questionnement \"Est-ce que\u2026","rel":"","context":"Dans &quot;informatique&quot;","block_context":{"text":"informatique","link":"https:\/\/www.loicmathieu.fr\/wordpress\/fr\/category\/informatique\/"},"img":{"alt_text":"","src":"","width":0,"height":0},"classes":[]}],"_links":{"self":[{"href":"https:\/\/www.loicmathieu.fr\/wordpress\/fr\/wp-json\/wp\/v2\/posts\/25","targetHints":{"allow":["GET"]}}],"collection":[{"href":"https:\/\/www.loicmathieu.fr\/wordpress\/fr\/wp-json\/wp\/v2\/posts"}],"about":[{"href":"https:\/\/www.loicmathieu.fr\/wordpress\/fr\/wp-json\/wp\/v2\/types\/post"}],"author":[{"embeddable":true,"href":"https:\/\/www.loicmathieu.fr\/wordpress\/fr\/wp-json\/wp\/v2\/users\/1"}],"replies":[{"embeddable":true,"href":"https:\/\/www.loicmathieu.fr\/wordpress\/fr\/wp-json\/wp\/v2\/comments?post=25"}],"version-history":[{"count":0,"href":"https:\/\/www.loicmathieu.fr\/wordpress\/fr\/wp-json\/wp\/v2\/posts\/25\/revisions"}],"wp:attachment":[{"href":"https:\/\/www.loicmathieu.fr\/wordpress\/fr\/wp-json\/wp\/v2\/media?parent=25"}],"wp:term":[{"taxonomy":"category","embeddable":true,"href":"https:\/\/www.loicmathieu.fr\/wordpress\/fr\/wp-json\/wp\/v2\/categories?post=25"},{"taxonomy":"post_tag","embeddable":true,"href":"https:\/\/www.loicmathieu.fr\/wordpress\/fr\/wp-json\/wp\/v2\/tags?post=25"}],"curies":[{"name":"wp","href":"https:\/\/api.w.org\/{rel}","templated":true}]}}