{"id":31,"date":"2007-05-08T14:12:40","date_gmt":"2007-05-08T13:12:40","guid":{"rendered":""},"modified":"2008-02-02T08:48:45","modified_gmt":"2008-02-02T07:48:45","slug":"violences-hurbaine-en-centre-ville-hum","status":"publish","type":"post","link":"https:\/\/www.loicmathieu.fr\/wordpress\/fr\/politique\/violences-hurbaine-en-centre-ville-hum\/","title":{"rendered":"Violences urbaine en centre ville &#8230; hum"},"content":{"rendered":"<p>Dimanche, j&rsquo;\u00e9t\u00e9 dans le centre de Lille, tout pr\u00e9s du QG de l&rsquo;UMP de Lille (qui se situe Rue Solf\u00e9rino, comme le QG de Mme Royale mais \u00e0 Lille, dr\u00f4le de coincidence!). Quelle n&rsquo;a pas \u00e9t\u00e9 ma surpise de d\u00e9couvrire, en plus d&rsquo;un attroupement de suporter devant le QG, des groupes sporadiques de jeunes, apparement cherchant la bagarre, des \u00e9crans de fum\u00e9e &#8211; certainement des bombes lacrimog\u00e8nes &#8211; , des cars de DCRS. Et tout \u00e7a en plein centre de Lille! (j&rsquo;ai apris le lendemain que de nombreuses voitures avaient brul\u00e9es \u00e0 deux pas de l\u00e0, comme dans de nombreuses autres villes fran\u00e7aise)<\/p>\n<p>Hier (Lundi soir), je sortais tranquillement boire un verre avec des potes en plein centre de Lille encore une fois (dans un caf\u00e9 \u00e0 eux pas du QG de l&rsquo;UMP de Lille), quand, vers 23h00, la barmaid nous pr\u00e9vient que des voitures br\u00fblent tout pr\u00e9s d&rsquo;ici, de potes ayant leurs voitures gar\u00e9es tout pr\u00e9s de l\u00e0, on a \u00e9t\u00e9 jetter un coup d&rsquo;oeil. En fait, il n&rsquo;y avait de visible qu&rsquo;un feu de poubelle &#8211; style baricade de poubelle au milieux de la rue -, j&rsquo;ai saisie une sc\u00e8ne assez marrant, en plus des gens regardant depuis le pas de leurs portes, j&rsquo;ai vu un gars qui passait, qui a saisie un sac poubelle et l&rsquo;a jetter dans le feu! Je me demande toujours quelle signification donner \u00e0 ce geste\u00e0A cent m\u00e8tre du feux, quatre cars de CRS attendent on se sait quoi, sans intervenir, sans arr\u00eater le feu. Peut-\u00eatre gardent-ils le QG de l&rsquo;UMP (\u00e0 cents autres m\u00e8tres de l\u00e0), ou alors ils attendent que quelque chose de s\u00e9rieux se passe car honn\u00e8tement, une poubelle qui crame ce n&rsquo;est pas tr\u00e9s \u00e9xcitant.<\/p>\n<p>Ainsi, plusieurs fait son remarquable :<\/p>\n<ul>\n<li>Pour une fois, les violences sont descendue dans les centres des grandes ville (c&rsquo;est plus int\u00e9lligent de cramer les voitures des autres que celle de ses voisins)<\/li>\n<li>Les faits on \u00e9t\u00e9 relativement relay\u00e9 par les m\u00e9dias<\/li>\n<li>Que dire de ces jeunes qui ne respecent pas la d\u00e9mocratie, car la d\u00e9mocratie c&rsquo;est \u00e7a : <strong>une \u00e9l\u00e9ction a eu lieu, le peuple s&rsquo;est exprimer, la voie du peuple ( les urnes) doit \u00eatre \u00e9cout\u00e9e!<\/strong><\/li>\n<\/ul>\n<p>Alors, pour ou contre M. Sarkozy, maintenant qu&rsquo;il a \u00e9t\u00e9 \u00e9lue il faut l&rsquo;acc\u00e9pter, c&rsquo;est \u00e7a la d\u00e9mocratie!<\/p>","protected":false},"excerpt":{"rendered":"<p>Dimanche, j&rsquo;\u00e9t\u00e9 dans le centre de Lille, tout pr\u00e9s du QG de l&rsquo;UMP de Lille (qui se situe Rue Solf\u00e9rino, comme le QG de Mme Royale mais \u00e0 Lille, dr\u00f4le de coincidence!). Quelle n&rsquo;a pas \u00e9t\u00e9 ma surpise de d\u00e9couvrire, en plus d&rsquo;un attroupement de suporter devant le QG, des groupes sporadiques de jeunes, apparement cherchant la bagarre, des \u00e9crans de fum\u00e9e &#8211; certainement des bombes lacrimog\u00e8nes &#8211; , des cars de DCRS. Et tout \u00e7a en plein centre de&#8230;<p class=\"read-more\"><a class=\"btn btn-default\" href=\"https:\/\/www.loicmathieu.fr\/wordpress\/fr\/politique\/violences-hurbaine-en-centre-ville-hum\/\">Lire la suite<span class=\"screen-reader-text\"> Lire la suite<\/span><\/a><\/p><\/p>","protected":false},"author":1,"featured_media":0,"comment_status":"open","ping_status":"closed","sticky":false,"template":"","format":"standard","meta":{"jetpack_post_was_ever_published":false,"_jetpack_newsletter_access":"","_jetpack_dont_email_post_to_subs":false,"_jetpack_newsletter_tier_id":0,"_jetpack_memberships_contains_paywalled_content":false,"_jetpack_memberships_contains_paid_content":false,"activitypub_content_warning":"","activitypub_content_visibility":"","activitypub_max_image_attachments":4,"activitypub_interaction_policy_quote":"anyone","activitypub_status":"","footnotes":"","jetpack_publicize_message":"","jetpack_publicize_feature_enabled":true,"jetpack_social_post_already_shared":false,"jetpack_social_options":{"image_generator_settings":{"template":"highway","default_image_id":0,"font":"","enabled":false},"version":2}},"categories":[7],"tags":[150],"class_list":["post-31","post","type-post","status-publish","format-standard","hentry","category-politique","tag-politique"],"aioseo_notices":[],"jetpack_publicize_connections":[],"jetpack_featured_media_url":"","jetpack_sharing_enabled":true,"jetpack_likes_enabled":true,"jetpack-related-posts":[{"id":43,"url":"https:\/\/www.loicmathieu.fr\/wordpress\/fr\/politique\/manifestation-des-usagers-contre-la-sncf\/","url_meta":{"origin":31,"position":0},"title":"Manifestation des usagers contre la SNCF","author":"admin","date":"vendredi 14 septembre 2007","format":false,"excerpt":"Bonjour, Je suis usager r\u00e9gulier de la ligne Lille - Bruxelles, je suis donc abonn\u00e9 SNCF\/Eurostar sur cette ligne. Ce matin, j'ai particip\u00e9 \u00e0 une manifestation d'usagers contre la SNCF pour se plaindre de plusieurs points: retard r\u00e9gulier du train au d\u00e9part de Lille (20mn de retard 1 \u00e0 2\u2026","rel":"","context":"Dans &quot;politique&quot;","block_context":{"text":"politique","link":"https:\/\/www.loicmathieu.fr\/wordpress\/fr\/category\/politique\/"},"img":{"alt_text":"","src":"","width":0,"height":0},"classes":[]},{"id":44,"url":"https:\/\/www.loicmathieu.fr\/wordpress\/fr\/politique\/nouveau-tariffs-sncf-moins-de-flexibilite\/","url_meta":{"origin":31,"position":1},"title":"Nouveau tariffs SNCF = moins de flexibilit\u00e9","author":"admin","date":"vendredi 14 septembre 2007","format":false,"excerpt":"Bonjour, Et oui, encore un article sur la SNCF! Et encore un article en mal ... Donc, pour moi les nouveau tarifs de la SNCF am\u00e8ne MOINS de flexibilit\u00e9 qu'avant, alors que toutes les entreprises essaye d'amener plus de flexibilit\u00e9 pour les consommateur, la SNCF fait l'inverse. Avant, l'achat du\u2026","rel":"","context":"Dans &quot;politique&quot;","block_context":{"text":"politique","link":"https:\/\/www.loicmathieu.fr\/wordpress\/fr\/category\/politique\/"},"img":{"alt_text":"","src":"","width":0,"height":0},"classes":[]},{"id":25,"url":"https:\/\/www.loicmathieu.fr\/wordpress\/fr\/politique\/gare-du-nord-respect-civilite-democratie-en-danger\/","url_meta":{"origin":31,"position":2},"title":"Gare du Nord, respect, civilit\u00e9 : d\u00e9mocratie en danger!","author":"admin","date":"vendredi 30 mars 2007","format":false,"excerpt":"Un coup de gueule : \u00e0 mon sens, la d\u00e9mocratie est en danger quand on trouve normale de piller, bruler, d\u00e9grader, se battre contre les forces de l'ordre. Alors je le proclame bien haut : NON, il n'est pas normale de prendre le m\u00e9tro sans ticket (m\u00eame si j'avoue le\u2026","rel":"","context":"Dans &quot;politique&quot;","block_context":{"text":"politique","link":"https:\/\/www.loicmathieu.fr\/wordpress\/fr\/category\/politique\/"},"img":{"alt_text":"","src":"","width":0,"height":0},"classes":[]},{"id":936,"url":"https:\/\/www.loicmathieu.fr\/wordpress\/fr\/informatique\/etre-speaker-a-devoxx-france\/","url_meta":{"origin":31,"position":3},"title":"Etre speaker \u00e0 Devoxx France","author":"admin","date":"mercredi 17 juillet 2019","format":false,"excerpt":"J'ai eu la chance de donner deux talks \u00e0 Devoxx France cette ann\u00e9e (2019). Voici un petit retour d'exp\u00e9rience sur comment j'en suis arriv\u00e9 l\u00e0, et comment s'est pass\u00e9 cette exp\u00e9rience. \u00c9tape 1 : les CFPs Lorsque la saison des CFPs arrive, comme chaque ann\u00e9e, reviens le questionnement \"Est-ce que\u2026","rel":"","context":"Dans &quot;informatique&quot;","block_context":{"text":"informatique","link":"https:\/\/www.loicmathieu.fr\/wordpress\/fr\/category\/informatique\/"},"img":{"alt_text":"","src":"","width":0,"height":0},"classes":[]},{"id":426,"url":"https:\/\/www.loicmathieu.fr\/wordpress\/fr\/voyage\/carnet-de-voyage-jordanie-partie-1-le-nord\/","url_meta":{"origin":31,"position":4},"title":"Carnet de voyage Jordanie &#8211;  partie 1 &#8211; le nord","author":"admin","date":"jeudi  6 janvier 2011","format":false,"excerpt":"Jour 1 : L'arriv\u00e9 \u00e0 Madaba Une s\u00e9rie d'article sur la Jordanie, pays magnifique que j'ai eu la chance de traverser lors de mes derni\u00e8re vacances du 12\/09\/2010 au 02\/10\/2010. Tout d\u00e9bute ... comme d'habitude par une nuit quasiment blanche avant de prendre l'avion. Train, attente, embarquement ... 4h30 apr\u00e8s\u2026","rel":"","context":"Dans &quot;voyage&quot;","block_context":{"text":"voyage","link":"https:\/\/www.loicmathieu.fr\/wordpress\/fr\/category\/voyage\/"},"img":{"alt_text":"","src":"https:\/\/i0.wp.com\/loicmathieu.fr\/wordpress\/wp-content\/uploads\/Jordanie_Madaba_Mosaique_1.jpg?resize=350%2C200","width":350,"height":200},"classes":[]},{"id":533,"url":"https:\/\/www.loicmathieu.fr\/wordpress\/fr\/informatique\/openesb-community-day-2011\/","url_meta":{"origin":31,"position":5},"title":"OpenESB Community Day 2011","author":"admin","date":"jeudi 24 mars 2011","format":false,"excerpt":"Le 03\/03\/2011 s'est d\u00e9roul\u00e9 \u00e0 Lille (exactement \u00e0 Polytech Lille \u00e0 Villeneuve d'Ascq) l'OpenESB Community Day. Une journ\u00e9e de conf\u00e9rence autour d'OpenESB centr\u00e9 sur la communaut\u00e9 de d\u00e9veloppeur et d'utilisateur. OpenESB est une impl\u00e9mentation Open Source d'un ESB (Enterprise Service Bus) d\u00e9velopp\u00e9 par Sun, qui a \u00e9t\u00e9 abandonn\u00e9 par Oracle\u2026","rel":"","context":"Dans &quot;informatique&quot;","block_context":{"text":"informatique","link":"https:\/\/www.loicmathieu.fr\/wordpress\/fr\/category\/informatique\/"},"img":{"alt_text":"","src":"","width":0,"height":0},"classes":[]}],"_links":{"self":[{"href":"https:\/\/www.loicmathieu.fr\/wordpress\/fr\/wp-json\/wp\/v2\/posts\/31","targetHints":{"allow":["GET"]}}],"collection":[{"href":"https:\/\/www.loicmathieu.fr\/wordpress\/fr\/wp-json\/wp\/v2\/posts"}],"about":[{"href":"https:\/\/www.loicmathieu.fr\/wordpress\/fr\/wp-json\/wp\/v2\/types\/post"}],"author":[{"embeddable":true,"href":"https:\/\/www.loicmathieu.fr\/wordpress\/fr\/wp-json\/wp\/v2\/users\/1"}],"replies":[{"embeddable":true,"href":"https:\/\/www.loicmathieu.fr\/wordpress\/fr\/wp-json\/wp\/v2\/comments?post=31"}],"version-history":[{"count":0,"href":"https:\/\/www.loicmathieu.fr\/wordpress\/fr\/wp-json\/wp\/v2\/posts\/31\/revisions"}],"wp:attachment":[{"href":"https:\/\/www.loicmathieu.fr\/wordpress\/fr\/wp-json\/wp\/v2\/media?parent=31"}],"wp:term":[{"taxonomy":"category","embeddable":true,"href":"https:\/\/www.loicmathieu.fr\/wordpress\/fr\/wp-json\/wp\/v2\/categories?post=31"},{"taxonomy":"post_tag","embeddable":true,"href":"https:\/\/www.loicmathieu.fr\/wordpress\/fr\/wp-json\/wp\/v2\/tags?post=31"}],"curies":[{"name":"wp","href":"https:\/\/api.w.org\/{rel}","templated":true}]}}