{"id":32,"date":"2007-05-08T14:14:55","date_gmt":"2007-05-08T13:14:55","guid":{"rendered":""},"modified":"2008-02-02T08:48:35","modified_gmt":"2008-02-02T07:48:35","slug":"francois-bayron-censure","status":"publish","type":"post","link":"https:\/\/www.loicmathieu.fr\/wordpress\/fr\/politique\/francois-bayron-censure\/","title":{"rendered":"Fran\u00e7ois Bayron censur\u00e9"},"content":{"rendered":"<p>Une article tr\u00e9s int\u00e9r\u00e9ssant sur Agoravox, Fran\u00e7ois Bayrou a fait un discours Dimanche \u00e0 20h00 qui devait \u00eatre retransmi en directe sur TF1, F2, F3. Les trois chaines on toutes les trois annul\u00e9 la retransmission au dernier moment pour montrer &#8230; M. Sakozy dinner au Fouquet&rsquo;s et les cris de la foules!<\/p>\n<p>La presse d\u00e9j\u00e0 censur\u00e9e?<\/p>\n<p>L&rsquo;article avec liens vers l&rsquo;interview ici : <a href=\"http:\/\/www.agoravox.fr\/article.php3?id_article=23877\"><a href=\"http:\/\/www.agoravox.fr\/article.php3?id_article=23877\">http:\/\/www.agoravox.fr\/article.php3?id_article=23877<\/a><\/a><\/p>","protected":false},"excerpt":{"rendered":"<p>Une article tr\u00e9s int\u00e9r\u00e9ssant sur Agoravox, Fran\u00e7ois Bayrou a fait un discours Dimanche \u00e0 20h00 qui devait \u00eatre retransmi en directe sur TF1, F2, F3. Les trois chaines on toutes les trois annul\u00e9 la retransmission au dernier moment pour montrer &#8230; M. Sakozy dinner au Fouquet&rsquo;s et les cris de la foules! La presse d\u00e9j\u00e0 censur\u00e9e? L&rsquo;article avec liens vers l&rsquo;interview ici : <a href=\"http:\/\/www.agoravox.fr\/article.php3?id_article=23877\">http:\/\/www.agoravox.fr\/article.php3?id_article=23877<\/a><\/p>","protected":false},"author":1,"featured_media":0,"comment_status":"open","ping_status":"closed","sticky":false,"template":"","format":"standard","meta":{"jetpack_post_was_ever_published":false,"_jetpack_newsletter_access":"","_jetpack_dont_email_post_to_subs":false,"_jetpack_newsletter_tier_id":0,"_jetpack_memberships_contains_paywalled_content":false,"_jetpack_memberships_contains_paid_content":false,"activitypub_content_warning":"","activitypub_content_visibility":"","activitypub_max_image_attachments":4,"activitypub_interaction_policy_quote":"anyone","activitypub_status":"","footnotes":"","jetpack_publicize_message":"","jetpack_publicize_feature_enabled":true,"jetpack_social_post_already_shared":false,"jetpack_social_options":{"image_generator_settings":{"template":"highway","default_image_id":0,"font":"","enabled":false},"version":2}},"categories":[7],"tags":[150],"class_list":["post-32","post","type-post","status-publish","format-standard","hentry","category-politique","tag-politique"],"aioseo_notices":[],"jetpack_publicize_connections":[],"jetpack_featured_media_url":"","jetpack_sharing_enabled":true,"jetpack_likes_enabled":true,"jetpack-related-posts":[{"id":14,"url":"https:\/\/www.loicmathieu.fr\/wordpress\/fr\/politique\/politique-encore-et-sondage\/","url_meta":{"origin":32,"position":0},"title":"Politique encore, et sondage &#8230;","author":"admin","date":"vendredi 26 janvier 2007","format":false,"excerpt":"Encore un petit post politique d'apr\u00e8s sondage. Selon une d\u00e9p\u00eache du Monde - \u00e0 lire ici -, 59% consid\u00e8rent que leur pouvoir d'achat a baisser depuis un an, pourtant en un an : baisse des imp\u00f4ts - hors imp\u00f4ts locaux qui eux, explosent :( - , croissance sup\u00e9rieur \u00e0 l'inflation,\u2026","rel":"","context":"Dans &quot;politique&quot;","block_context":{"text":"politique","link":"https:\/\/www.loicmathieu.fr\/wordpress\/fr\/category\/politique\/"},"img":{"alt_text":"","src":"","width":0,"height":0},"classes":[]},{"id":24,"url":"https:\/\/www.loicmathieu.fr\/wordpress\/fr\/politique\/la-liberte-dexpression-sur-le-web-en-danger\/","url_meta":{"origin":32,"position":1},"title":"La libert\u00e9 d&rsquo;expression sur le web en danger!","author":"admin","date":"mercredi 21 mars 2007","format":false,"excerpt":"J'ai lut aujourd'hui cette article sur les 'colleurs d'affiches du web' : http:\/\/www.lemonde.fr\/web\/articleinteractif\/0,41-0@2-823448,49-885794,0.html?xtor=RSS-3208 . Cela pose de nombreuses questions sur la qualit\u00e9 des informations trouv\u00e9 sur le web, de telle pratique (manipulation de mail\/login\/IP pour tromper les sondage, bombardement de commentaire sur les blog ou les sites) mettent en doute\u2026","rel":"","context":"Dans &quot;divers&quot;","block_context":{"text":"divers","link":"https:\/\/www.loicmathieu.fr\/wordpress\/fr\/category\/divers\/"},"img":{"alt_text":"","src":"","width":0,"height":0},"classes":[]},{"id":37,"url":"https:\/\/www.loicmathieu.fr\/wordpress\/fr\/politique\/la-censure-sarkozienne-touche-la-belgique\/","url_meta":{"origin":32,"position":2},"title":"la censure sarkozienne touche la Belgique","author":"admin","date":"samedi 16 juin 2007","format":false,"excerpt":"Tout le monde en a entendue parler, notre cher pr\u00e9sident 'semblait' saoul au G8. Pour moi aucun probl\u00e8me, comme l'ont dit certain, \u00e7a le rend plus humain, plus proche de nous. Clairement, c'est normal d'\u00eatre 'gaie' apr\u00e9s avoir partager quelques verres, par courtoisie, avec les grands de ce monde. Surtout\u2026","rel":"","context":"Dans &quot;politique&quot;","block_context":{"text":"politique","link":"https:\/\/www.loicmathieu.fr\/wordpress\/fr\/category\/politique\/"},"img":{"alt_text":"","src":"","width":0,"height":0},"classes":[]},{"id":17,"url":"https:\/\/www.loicmathieu.fr\/wordpress\/fr\/politique\/la-campagne-electoral-fait-parler\/","url_meta":{"origin":32,"position":3},"title":"La campagne \u00e9l\u00e9ctoral fait parler &#8230;","author":"admin","date":"vendredi  9 f\u00e9vrier 2007","format":false,"excerpt":"Depuis quelques jour, j'ai tout les jours des discussion acc\u00e8s politique avec des amis \u00e0 propos de la campagne \u00e9lectorale. Bien que d'orientation politiques diff\u00e9rents, on se retrouve sur \u00e9norm\u00e9ment de point, c'est marrant comme, somme toute, les deux principaux partis politiques fran\u00e7ais sont semblable. Une autre r\u00e9flexion \u00e9t\u00e9 la\u2026","rel":"","context":"Dans &quot;politique&quot;","block_context":{"text":"politique","link":"https:\/\/www.loicmathieu.fr\/wordpress\/fr\/category\/politique\/"},"img":{"alt_text":"","src":"","width":0,"height":0},"classes":[]},{"id":63,"url":"https:\/\/www.loicmathieu.fr\/wordpress\/fr\/politique\/etats-unis-vs-ecologie-encore-une-defaite\/","url_meta":{"origin":32,"position":4},"title":"Etats-unis vs \u00e9cologie: encore une d\u00e9faite","author":"admin","date":"vendredi 14 d\u00e9cembre 2007","format":false,"excerpt":"A la conf\u00e9rence de Bali, encore une fois, les Etats-unis on refus\u00e9 d'agir pour l'\u00e9cologie: http:\/\/www.lemonde.fr\/web\/article\/0,1-0@2-3244,36-989631,0.html?xtor=RSS-3208 Etats-unis = plus gros pollueur + premi\u00e8re puissance \u00e9nonomique + pays en d\u00e9veloppement qui fait le moins d'effort. Combien de temps les Etats-unis continuerons \u00e0 ruiner notre plan\u00e8te et \u00e0 emp\u00eacher tout anvancement au\u2026","rel":"","context":"Dans &quot;\u00e9cologie&quot;","block_context":{"text":"\u00e9cologie","link":"https:\/\/www.loicmathieu.fr\/wordpress\/fr\/category\/ecologie\/"},"img":{"alt_text":"","src":"","width":0,"height":0},"classes":[]},{"id":13,"url":"https:\/\/www.loicmathieu.fr\/wordpress\/fr\/politique\/campagne-electoral-clownesque\/","url_meta":{"origin":32,"position":5},"title":"Campagne \u00e9l\u00e9ctoral clownesque","author":"admin","date":"jeudi 25 janvier 2007","format":false,"excerpt":"Bonjour, Ayant un peu de temps aujourd'hui ... pas beaucoup de boulot ... je m'ennuie un peut, je vais passer un petit coup de gueule. La campagne \u00e9lectorale me semble mal partie. Encore une fois, les m\u00e9dias nous font du tout et du n'importe quoi (surtout du n'importe quoi d'ailleurs).\u2026","rel":"","context":"Dans &quot;politique&quot;","block_context":{"text":"politique","link":"https:\/\/www.loicmathieu.fr\/wordpress\/fr\/category\/politique\/"},"img":{"alt_text":"","src":"","width":0,"height":0},"classes":[]}],"_links":{"self":[{"href":"https:\/\/www.loicmathieu.fr\/wordpress\/fr\/wp-json\/wp\/v2\/posts\/32","targetHints":{"allow":["GET"]}}],"collection":[{"href":"https:\/\/www.loicmathieu.fr\/wordpress\/fr\/wp-json\/wp\/v2\/posts"}],"about":[{"href":"https:\/\/www.loicmathieu.fr\/wordpress\/fr\/wp-json\/wp\/v2\/types\/post"}],"author":[{"embeddable":true,"href":"https:\/\/www.loicmathieu.fr\/wordpress\/fr\/wp-json\/wp\/v2\/users\/1"}],"replies":[{"embeddable":true,"href":"https:\/\/www.loicmathieu.fr\/wordpress\/fr\/wp-json\/wp\/v2\/comments?post=32"}],"version-history":[{"count":0,"href":"https:\/\/www.loicmathieu.fr\/wordpress\/fr\/wp-json\/wp\/v2\/posts\/32\/revisions"}],"wp:attachment":[{"href":"https:\/\/www.loicmathieu.fr\/wordpress\/fr\/wp-json\/wp\/v2\/media?parent=32"}],"wp:term":[{"taxonomy":"category","embeddable":true,"href":"https:\/\/www.loicmathieu.fr\/wordpress\/fr\/wp-json\/wp\/v2\/categories?post=32"},{"taxonomy":"post_tag","embeddable":true,"href":"https:\/\/www.loicmathieu.fr\/wordpress\/fr\/wp-json\/wp\/v2\/tags?post=32"}],"curies":[{"name":"wp","href":"https:\/\/api.w.org\/{rel}","templated":true}]}}