{"id":33,"date":"2007-05-21T08:41:28","date_gmt":"2007-05-21T07:41:28","guid":{"rendered":""},"modified":"2008-05-16T18:48:52","modified_gmt":"2008-05-16T17:48:52","slug":"representativite-des-sondages","status":"publish","type":"post","link":"https:\/\/www.loicmathieu.fr\/wordpress\/fr\/politique\/representativite-des-sondages\/","title":{"rendered":"Repr\u00e9sentativit\u00e9 des sondages"},"content":{"rendered":"<p>Hello, je vient de lire un article sur la newsletter de l&rsquo;ADUF (Association des Utilisateurs de Free : <a href=\"http:\/\/www.aduf.org\"><a href=\"http:\/\/www.aduf.org\">http:\/\/www.aduf.org<\/a><\/a>) \u00e0 propos de la repr\u00e9sentativit\u00e9 des sondages. Comme il m&rsquo;a sembl\u00e9 int\u00e9r\u00e9ssant, je vous en fait un r\u00e9sum\u00e9 ici (surtout que derni\u00e8rement, on a eu pas mal de sondage, il est donc bon de savoir comment \u00e7a marche).<\/p>\n<p>Nombre de sondages et d&rsquo;enqu\u00eate sont faites par t\u00e9l\u00e9phone. Jusqu&rsquo;\u00e0 il y a peu, la quasi totalit\u00e9 des personnes disposaient du t\u00e9l\u00e9phone via une ligne fixe de l&rsquo;op\u00e9rateur historique. Il \u00e9tait donc raisonnable, pour les instituts de sondage et d&rsquo;enqu\u00eate, de pr\u00e9tendre \u00eatre \u00e0 m\u00eame de constituer des \u00e9chantillons repr\u00e9sentatifs de population sur lesquels mener lesdits sondages ou enqu\u00eate. Des sondages et enqu\u00eates faisables rapidement, avec des couts contr\u00f4l\u00e9s (condition particuli\u00e8re n\u00e9goci\u00e9 avec l&rsquo;op\u00e9rateur).<\/p>\n<p>Mais aujourd&rsquo;hui, qu&rsquo;en est-il quand les \u00e9tudes (face \u00e0 face, pas au t\u00e9l\u00e9phone :) ) comme celle conduite par le CREDOC sur la  demande conjointe de l&rsquo;ARCEP et du Conseil g\u00e9n\u00e9ral des technologies de l&rsquo;information sur la diffusion des technologies de l&rsquo;informations (t\u00e9l\u00e9phonie fixe, t\u00e9l\u00e9phonie mobile, etc.) en France montre que 15 % de la population adulte ne dispose que d&rsquo;un t\u00e9l\u00e9phone mobile, sans ligne fixe, et que plusieurs millions de personnes n&rsquo;ont plus de lien direct avec l&rsquo;op\u00e9rateur historique (merci le d\u00e9groupage total !) ?<\/p>\n<p>Se pose la question de la repr\u00e9sentativit\u00e9 des sondages ou enqu\u00eates faites en ignorant les personnes qui ne disposent pas ou plus d&rsquo;une ligne t\u00e9l\u00e9phonique fixe de l&rsquo;op\u00e9rateur historique. Une enqu\u00eate peut avoir des cons\u00e9quences importante (voir m\u00eame d\u00e9cisive pour une campagne \u00e9l\u00e9ctorale). Il sera donc int\u00e9ressant que les instituts de sondage suivent l&rsquo;\u00e9volution des t\u00e9l\u00e9com pour continuer \u00e0 pr\u00e9tendre repr\u00e9senter notre soci\u00e9t\u00e9 avec justesse.<\/p>","protected":false},"excerpt":{"rendered":"<p>Hello, je vient de lire un article sur la newsletter de l&rsquo;ADUF (Association des Utilisateurs de Free : <a href=\"http:\/\/www.aduf.org\">http:\/\/www.aduf.org<\/a>) \u00e0 propos de la repr\u00e9sentativit\u00e9 des sondages. Comme il m&rsquo;a sembl\u00e9 int\u00e9r\u00e9ssant, je vous en fait un r\u00e9sum\u00e9 ici (surtout que derni\u00e8rement, on a eu pas mal de sondage, il est donc bon de savoir comment \u00e7a marche). Nombre de sondages et d&rsquo;enqu\u00eate sont faites par t\u00e9l\u00e9phone. Jusqu&rsquo;\u00e0 il y a peu, la quasi totalit\u00e9 des personnes disposaient du t\u00e9l\u00e9phone via&#8230;<p class=\"read-more\"><a class=\"btn btn-default\" href=\"https:\/\/www.loicmathieu.fr\/wordpress\/fr\/politique\/representativite-des-sondages\/\">Lire la suite<span class=\"screen-reader-text\"> Lire la suite<\/span><\/a><\/p><\/p>","protected":false},"author":1,"featured_media":0,"comment_status":"open","ping_status":"closed","sticky":false,"template":"","format":"standard","meta":{"jetpack_post_was_ever_published":false,"_jetpack_newsletter_access":"","_jetpack_dont_email_post_to_subs":false,"_jetpack_newsletter_tier_id":0,"_jetpack_memberships_contains_paywalled_content":false,"_jetpack_memberships_contains_paid_content":false,"activitypub_content_warning":"","activitypub_content_visibility":"","activitypub_max_image_attachments":4,"activitypub_interaction_policy_quote":"anyone","activitypub_status":"","footnotes":"","jetpack_publicize_message":"","jetpack_publicize_feature_enabled":true,"jetpack_social_post_already_shared":false,"jetpack_social_options":{"image_generator_settings":{"template":"highway","default_image_id":0,"font":"","enabled":false},"version":2}},"categories":[8,7],"tags":[150],"class_list":["post-33","post","type-post","status-publish","format-standard","hentry","category-divers","category-politique","tag-politique"],"aioseo_notices":[],"jetpack_publicize_connections":[],"jetpack_featured_media_url":"","jetpack_sharing_enabled":true,"jetpack_likes_enabled":true,"jetpack-related-posts":[{"id":14,"url":"https:\/\/www.loicmathieu.fr\/wordpress\/fr\/politique\/politique-encore-et-sondage\/","url_meta":{"origin":33,"position":0},"title":"Politique encore, et sondage &#8230;","author":"admin","date":"vendredi 26 janvier 2007","format":false,"excerpt":"Encore un petit post politique d'apr\u00e8s sondage. Selon une d\u00e9p\u00eache du Monde - \u00e0 lire ici -, 59% consid\u00e8rent que leur pouvoir d'achat a baisser depuis un an, pourtant en un an : baisse des imp\u00f4ts - hors imp\u00f4ts locaux qui eux, explosent :( - , croissance sup\u00e9rieur \u00e0 l'inflation,\u2026","rel":"","context":"Dans &quot;politique&quot;","block_context":{"text":"politique","link":"https:\/\/www.loicmathieu.fr\/wordpress\/fr\/category\/politique\/"},"img":{"alt_text":"","src":"","width":0,"height":0},"classes":[]},{"id":13,"url":"https:\/\/www.loicmathieu.fr\/wordpress\/fr\/politique\/campagne-electoral-clownesque\/","url_meta":{"origin":33,"position":1},"title":"Campagne \u00e9l\u00e9ctoral clownesque","author":"admin","date":"jeudi 25 janvier 2007","format":false,"excerpt":"Bonjour, Ayant un peu de temps aujourd'hui ... pas beaucoup de boulot ... je m'ennuie un peut, je vais passer un petit coup de gueule. La campagne \u00e9lectorale me semble mal partie. Encore une fois, les m\u00e9dias nous font du tout et du n'importe quoi (surtout du n'importe quoi d'ailleurs).\u2026","rel":"","context":"Dans &quot;politique&quot;","block_context":{"text":"politique","link":"https:\/\/www.loicmathieu.fr\/wordpress\/fr\/category\/politique\/"},"img":{"alt_text":"","src":"","width":0,"height":0},"classes":[]},{"id":24,"url":"https:\/\/www.loicmathieu.fr\/wordpress\/fr\/politique\/la-liberte-dexpression-sur-le-web-en-danger\/","url_meta":{"origin":33,"position":2},"title":"La libert\u00e9 d&rsquo;expression sur le web en danger!","author":"admin","date":"mercredi 21 mars 2007","format":false,"excerpt":"J'ai lut aujourd'hui cette article sur les 'colleurs d'affiches du web' : http:\/\/www.lemonde.fr\/web\/articleinteractif\/0,41-0@2-823448,49-885794,0.html?xtor=RSS-3208 . Cela pose de nombreuses questions sur la qualit\u00e9 des informations trouv\u00e9 sur le web, de telle pratique (manipulation de mail\/login\/IP pour tromper les sondage, bombardement de commentaire sur les blog ou les sites) mettent en doute\u2026","rel":"","context":"Dans &quot;divers&quot;","block_context":{"text":"divers","link":"https:\/\/www.loicmathieu.fr\/wordpress\/fr\/category\/divers\/"},"img":{"alt_text":"","src":"","width":0,"height":0},"classes":[]},{"id":17,"url":"https:\/\/www.loicmathieu.fr\/wordpress\/fr\/politique\/la-campagne-electoral-fait-parler\/","url_meta":{"origin":33,"position":3},"title":"La campagne \u00e9l\u00e9ctoral fait parler &#8230;","author":"admin","date":"vendredi  9 f\u00e9vrier 2007","format":false,"excerpt":"Depuis quelques jour, j'ai tout les jours des discussion acc\u00e8s politique avec des amis \u00e0 propos de la campagne \u00e9lectorale. Bien que d'orientation politiques diff\u00e9rents, on se retrouve sur \u00e9norm\u00e9ment de point, c'est marrant comme, somme toute, les deux principaux partis politiques fran\u00e7ais sont semblable. Une autre r\u00e9flexion \u00e9t\u00e9 la\u2026","rel":"","context":"Dans &quot;politique&quot;","block_context":{"text":"politique","link":"https:\/\/www.loicmathieu.fr\/wordpress\/fr\/category\/politique\/"},"img":{"alt_text":"","src":"","width":0,"height":0},"classes":[]},{"id":43,"url":"https:\/\/www.loicmathieu.fr\/wordpress\/fr\/politique\/manifestation-des-usagers-contre-la-sncf\/","url_meta":{"origin":33,"position":4},"title":"Manifestation des usagers contre la SNCF","author":"admin","date":"vendredi 14 septembre 2007","format":false,"excerpt":"Bonjour, Je suis usager r\u00e9gulier de la ligne Lille - Bruxelles, je suis donc abonn\u00e9 SNCF\/Eurostar sur cette ligne. Ce matin, j'ai particip\u00e9 \u00e0 une manifestation d'usagers contre la SNCF pour se plaindre de plusieurs points: retard r\u00e9gulier du train au d\u00e9part de Lille (20mn de retard 1 \u00e0 2\u2026","rel":"","context":"Dans &quot;politique&quot;","block_context":{"text":"politique","link":"https:\/\/www.loicmathieu.fr\/wordpress\/fr\/category\/politique\/"},"img":{"alt_text":"","src":"","width":0,"height":0},"classes":[]},{"id":407,"url":"https:\/\/www.loicmathieu.fr\/wordpress\/fr\/politique\/age-legale-de-la-retraite-partir-a-63-pour-que-ma-generation-puisse-partir-a-65-et-pas-70\/","url_meta":{"origin":33,"position":5},"title":"Age l\u00e9gale de la retraite : partir \u00e0 63 pour que ma g\u00e9n\u00e9ration puisse partir \u00e0 65 et pas 70","author":"admin","date":"mardi  4 mai 2010","format":false,"excerpt":"Bon, \u00e7a faisait longtemps que je n'avais pas parl\u00e9 actualit\u00e9 ... et voila que je recommence :) L'\u00e2ge \u00e9gale de la retraite, on en parle beaucoup et apparemment il n'y a pas de consensus l\u00e0 dessus, mais pourtant il faut se faire une raison, personne n'aime travailler mais pourtant on\u2026","rel":"","context":"Dans &quot;politique&quot;","block_context":{"text":"politique","link":"https:\/\/www.loicmathieu.fr\/wordpress\/fr\/category\/politique\/"},"img":{"alt_text":"","src":"","width":0,"height":0},"classes":[]}],"_links":{"self":[{"href":"https:\/\/www.loicmathieu.fr\/wordpress\/fr\/wp-json\/wp\/v2\/posts\/33","targetHints":{"allow":["GET"]}}],"collection":[{"href":"https:\/\/www.loicmathieu.fr\/wordpress\/fr\/wp-json\/wp\/v2\/posts"}],"about":[{"href":"https:\/\/www.loicmathieu.fr\/wordpress\/fr\/wp-json\/wp\/v2\/types\/post"}],"author":[{"embeddable":true,"href":"https:\/\/www.loicmathieu.fr\/wordpress\/fr\/wp-json\/wp\/v2\/users\/1"}],"replies":[{"embeddable":true,"href":"https:\/\/www.loicmathieu.fr\/wordpress\/fr\/wp-json\/wp\/v2\/comments?post=33"}],"version-history":[{"count":0,"href":"https:\/\/www.loicmathieu.fr\/wordpress\/fr\/wp-json\/wp\/v2\/posts\/33\/revisions"}],"wp:attachment":[{"href":"https:\/\/www.loicmathieu.fr\/wordpress\/fr\/wp-json\/wp\/v2\/media?parent=33"}],"wp:term":[{"taxonomy":"category","embeddable":true,"href":"https:\/\/www.loicmathieu.fr\/wordpress\/fr\/wp-json\/wp\/v2\/categories?post=33"},{"taxonomy":"post_tag","embeddable":true,"href":"https:\/\/www.loicmathieu.fr\/wordpress\/fr\/wp-json\/wp\/v2\/tags?post=33"}],"curies":[{"name":"wp","href":"https:\/\/api.w.org\/{rel}","templated":true}]}}