{"id":37,"date":"2007-06-16T11:51:30","date_gmt":"2007-06-16T10:51:30","guid":{"rendered":""},"modified":"2008-02-02T08:47:03","modified_gmt":"2008-02-02T07:47:03","slug":"la-censure-sarkozienne-touche-la-belgique","status":"publish","type":"post","link":"https:\/\/www.loicmathieu.fr\/wordpress\/fr\/politique\/la-censure-sarkozienne-touche-la-belgique\/","title":{"rendered":"la censure sarkozienne touche la Belgique"},"content":{"rendered":"<p>Tout le monde en a entendue parler, notre cher pr\u00e9sident &lsquo;semblait&rsquo; saoul au G8. Pour moi aucun probl\u00e8me, comme l&rsquo;ont dit certain, \u00e7a le rend plus humain, plus proche de nous. Clairement, c&rsquo;est normal d&rsquo;\u00eatre &lsquo;gaie&rsquo; apr\u00e9s avoir partager quelques verres, par courtoisie, avec les grands de ce monde. Surtout pour un non buveur.<\/p>\n<p>Le seul probl\u00e8me, est de demander \u00e0 un journaliste, Belge de surcroit, de s&rsquo;excuser!!! (voir l&rsquo;article sur lib\u00e9 <a href=\"http:\/\/www.liberation.fr\/actualite\/ecrans\/260911.FR.php?rss=true\" target=\"_blank\"><a href=\"http:\/\/www.liberation.fr\/actualite\/ecrans\/260911.FR.php?rss=true\">http:\/\/www.liberation.fr\/actualite\/ecrans\/260911.FR.php?rss=true<\/a><\/a>). Pour moi, la d\u00e9mocratie est en danger si les journalistes n&rsquo;ont plus le droit de dire la simple v\u00e9rit\u00e9e, et \u00e7a me parait encore plus grave que ce journaliste est \u00e9tranger!<\/p>\n<p>Souvenez-vous de ce que l&rsquo;ont disait dans les media fran\u00e7ais au sujet de Boris Elstine qui as toujous eu un penchant pour l&rsquo;alcool! donc n&rsquo;allez pas me parler de respecter un haut dirigeant politique (m\u00eame si je suis le premier \u00e0 dire qu&rsquo;il faut le faire).<\/p>","protected":false},"excerpt":{"rendered":"<p>Tout le monde en a entendue parler, notre cher pr\u00e9sident &lsquo;semblait&rsquo; saoul au G8. Pour moi aucun probl\u00e8me, comme l&rsquo;ont dit certain, \u00e7a le rend plus humain, plus proche de nous. Clairement, c&rsquo;est normal d&rsquo;\u00eatre &lsquo;gaie&rsquo; apr\u00e9s avoir partager quelques verres, par courtoisie, avec les grands de ce monde. Surtout pour un non buveur. Le seul probl\u00e8me, est de demander \u00e0 un journaliste, Belge de surcroit, de s&rsquo;excuser!!! (voir l&rsquo;article sur lib\u00e9 <a href=\"http:\/\/www.liberation.fr\/actualite\/ecrans\/260911.FR.php?rss=true\">http:\/\/www.liberation.fr\/actualite\/ecrans\/260911.FR.php?rss=true<\/a>). Pour moi, la d\u00e9mocratie est en danger&#8230;<p class=\"read-more\"><a class=\"btn btn-default\" href=\"https:\/\/www.loicmathieu.fr\/wordpress\/fr\/politique\/la-censure-sarkozienne-touche-la-belgique\/\">Lire la suite<span class=\"screen-reader-text\"> Lire la suite<\/span><\/a><\/p><\/p>","protected":false},"author":1,"featured_media":0,"comment_status":"open","ping_status":"closed","sticky":false,"template":"","format":"standard","meta":{"jetpack_post_was_ever_published":false,"_jetpack_newsletter_access":"","_jetpack_dont_email_post_to_subs":false,"_jetpack_newsletter_tier_id":0,"_jetpack_memberships_contains_paywalled_content":false,"_jetpack_memberships_contains_paid_content":false,"activitypub_content_warning":"","activitypub_content_visibility":"","activitypub_max_image_attachments":4,"activitypub_interaction_policy_quote":"anyone","activitypub_status":"","footnotes":"","jetpack_publicize_message":"","jetpack_publicize_feature_enabled":true,"jetpack_social_post_already_shared":false,"jetpack_social_options":{"image_generator_settings":{"template":"highway","default_image_id":0,"font":"","enabled":false},"version":2}},"categories":[7],"tags":[24,150],"class_list":["post-37","post","type-post","status-publish","format-standard","hentry","category-politique","tag-liberte-dexpression","tag-politique"],"aioseo_notices":[],"jetpack_publicize_connections":[],"jetpack_featured_media_url":"","jetpack_sharing_enabled":true,"jetpack_likes_enabled":true,"jetpack-related-posts":[{"id":43,"url":"https:\/\/www.loicmathieu.fr\/wordpress\/fr\/politique\/manifestation-des-usagers-contre-la-sncf\/","url_meta":{"origin":37,"position":0},"title":"Manifestation des usagers contre la SNCF","author":"admin","date":"vendredi 14 septembre 2007","format":false,"excerpt":"Bonjour, Je suis usager r\u00e9gulier de la ligne Lille - Bruxelles, je suis donc abonn\u00e9 SNCF\/Eurostar sur cette ligne. Ce matin, j'ai particip\u00e9 \u00e0 une manifestation d'usagers contre la SNCF pour se plaindre de plusieurs points: retard r\u00e9gulier du train au d\u00e9part de Lille (20mn de retard 1 \u00e0 2\u2026","rel":"","context":"Dans &quot;politique&quot;","block_context":{"text":"politique","link":"https:\/\/www.loicmathieu.fr\/wordpress\/fr\/category\/politique\/"},"img":{"alt_text":"","src":"","width":0,"height":0},"classes":[]},{"id":13,"url":"https:\/\/www.loicmathieu.fr\/wordpress\/fr\/politique\/campagne-electoral-clownesque\/","url_meta":{"origin":37,"position":1},"title":"Campagne \u00e9l\u00e9ctoral clownesque","author":"admin","date":"jeudi 25 janvier 2007","format":false,"excerpt":"Bonjour, Ayant un peu de temps aujourd'hui ... pas beaucoup de boulot ... je m'ennuie un peut, je vais passer un petit coup de gueule. La campagne \u00e9lectorale me semble mal partie. Encore une fois, les m\u00e9dias nous font du tout et du n'importe quoi (surtout du n'importe quoi d'ailleurs).\u2026","rel":"","context":"Dans &quot;politique&quot;","block_context":{"text":"politique","link":"https:\/\/www.loicmathieu.fr\/wordpress\/fr\/category\/politique\/"},"img":{"alt_text":"","src":"","width":0,"height":0},"classes":[]},{"id":67,"url":"https:\/\/www.loicmathieu.fr\/wordpress\/fr\/politique\/le-projet-picidae-lutte-pour-la-liberte-dexpression-partout-dans-le-monde\/","url_meta":{"origin":37,"position":2},"title":"Le projet Picidae : lutte pour la libert\u00e9 d&rsquo;expression partout dans le monde","author":"admin","date":"mardi  5 f\u00e9vrier 2008","format":false,"excerpt":"Aujourd'hui, un article tr\u00e8s int\u00e9r\u00e9ssant sur le site Les Ecrans de lib\u00e9ration : http:\/\/www.ecrans.fr\/Une-image-pour-contourner-la,3288.html R\u00e9sum\u00e9 en quelques mots, c'est un article sur le projet Picidae qui conciste \u00e0 lutter contre la censure dans le monde en donnant la possibilit\u00e9 aux internautes de consulter n'importe quel site web, m\u00eame si il\u2026","rel":"","context":"Dans &quot;informatique&quot;","block_context":{"text":"informatique","link":"https:\/\/www.loicmathieu.fr\/wordpress\/fr\/category\/informatique\/"},"img":{"alt_text":"","src":"","width":0,"height":0},"classes":[]},{"id":44,"url":"https:\/\/www.loicmathieu.fr\/wordpress\/fr\/politique\/nouveau-tariffs-sncf-moins-de-flexibilite\/","url_meta":{"origin":37,"position":3},"title":"Nouveau tariffs SNCF = moins de flexibilit\u00e9","author":"admin","date":"vendredi 14 septembre 2007","format":false,"excerpt":"Bonjour, Et oui, encore un article sur la SNCF! Et encore un article en mal ... Donc, pour moi les nouveau tarifs de la SNCF am\u00e8ne MOINS de flexibilit\u00e9 qu'avant, alors que toutes les entreprises essaye d'amener plus de flexibilit\u00e9 pour les consommateur, la SNCF fait l'inverse. Avant, l'achat du\u2026","rel":"","context":"Dans &quot;politique&quot;","block_context":{"text":"politique","link":"https:\/\/www.loicmathieu.fr\/wordpress\/fr\/category\/politique\/"},"img":{"alt_text":"","src":"","width":0,"height":0},"classes":[]},{"id":25,"url":"https:\/\/www.loicmathieu.fr\/wordpress\/fr\/politique\/gare-du-nord-respect-civilite-democratie-en-danger\/","url_meta":{"origin":37,"position":4},"title":"Gare du Nord, respect, civilit\u00e9 : d\u00e9mocratie en danger!","author":"admin","date":"vendredi 30 mars 2007","format":false,"excerpt":"Un coup de gueule : \u00e0 mon sens, la d\u00e9mocratie est en danger quand on trouve normale de piller, bruler, d\u00e9grader, se battre contre les forces de l'ordre. Alors je le proclame bien haut : NON, il n'est pas normale de prendre le m\u00e9tro sans ticket (m\u00eame si j'avoue le\u2026","rel":"","context":"Dans &quot;politique&quot;","block_context":{"text":"politique","link":"https:\/\/www.loicmathieu.fr\/wordpress\/fr\/category\/politique\/"},"img":{"alt_text":"","src":"","width":0,"height":0},"classes":[]},{"id":14,"url":"https:\/\/www.loicmathieu.fr\/wordpress\/fr\/politique\/politique-encore-et-sondage\/","url_meta":{"origin":37,"position":5},"title":"Politique encore, et sondage &#8230;","author":"admin","date":"vendredi 26 janvier 2007","format":false,"excerpt":"Encore un petit post politique d'apr\u00e8s sondage. Selon une d\u00e9p\u00eache du Monde - \u00e0 lire ici -, 59% consid\u00e8rent que leur pouvoir d'achat a baisser depuis un an, pourtant en un an : baisse des imp\u00f4ts - hors imp\u00f4ts locaux qui eux, explosent :( - , croissance sup\u00e9rieur \u00e0 l'inflation,\u2026","rel":"","context":"Dans &quot;politique&quot;","block_context":{"text":"politique","link":"https:\/\/www.loicmathieu.fr\/wordpress\/fr\/category\/politique\/"},"img":{"alt_text":"","src":"","width":0,"height":0},"classes":[]}],"_links":{"self":[{"href":"https:\/\/www.loicmathieu.fr\/wordpress\/fr\/wp-json\/wp\/v2\/posts\/37","targetHints":{"allow":["GET"]}}],"collection":[{"href":"https:\/\/www.loicmathieu.fr\/wordpress\/fr\/wp-json\/wp\/v2\/posts"}],"about":[{"href":"https:\/\/www.loicmathieu.fr\/wordpress\/fr\/wp-json\/wp\/v2\/types\/post"}],"author":[{"embeddable":true,"href":"https:\/\/www.loicmathieu.fr\/wordpress\/fr\/wp-json\/wp\/v2\/users\/1"}],"replies":[{"embeddable":true,"href":"https:\/\/www.loicmathieu.fr\/wordpress\/fr\/wp-json\/wp\/v2\/comments?post=37"}],"version-history":[{"count":0,"href":"https:\/\/www.loicmathieu.fr\/wordpress\/fr\/wp-json\/wp\/v2\/posts\/37\/revisions"}],"wp:attachment":[{"href":"https:\/\/www.loicmathieu.fr\/wordpress\/fr\/wp-json\/wp\/v2\/media?parent=37"}],"wp:term":[{"taxonomy":"category","embeddable":true,"href":"https:\/\/www.loicmathieu.fr\/wordpress\/fr\/wp-json\/wp\/v2\/categories?post=37"},{"taxonomy":"post_tag","embeddable":true,"href":"https:\/\/www.loicmathieu.fr\/wordpress\/fr\/wp-json\/wp\/v2\/tags?post=37"}],"curies":[{"name":"wp","href":"https:\/\/api.w.org\/{rel}","templated":true}]}}