{"id":38,"date":"2007-07-14T19:56:30","date_gmt":"2007-07-14T18:56:30","guid":{"rendered":""},"modified":"2008-02-02T08:47:19","modified_gmt":"2008-02-02T07:47:19","slug":"liberte-de-parole-en-danger-lors-dun-concert-des-ogres-de-barback","status":"publish","type":"post","link":"https:\/\/www.loicmathieu.fr\/wordpress\/fr\/politique\/liberte-de-parole-en-danger-lors-dun-concert-des-ogres-de-barback\/","title":{"rendered":"Libert\u00e9 de parole en danger lors d&rsquo;un concert des Ogres de Barback"},"content":{"rendered":"<p>Bonjour,<\/p>\n<p>Derni\u00e8rement, avec les habituel listing inint\u00e9r\u00e9ssant que tout le monde re\u00e7ois r\u00e9guli\u00e8rement par mail, il y en est un qui m&rsquo;a pas mal surpris. il parlait de probl\u00e8me qu&rsquo;ont eu les Ogres de barback (groupe de chanson fran\u00e7aise exc\u00e9lent!) apr\u00e9s un concert, ils on re\u00e7us un courrier de la maire critiquant leurs prises de positions et tenant des propos outrageant, contraire \u00e0 la neutralit\u00e9 des \u00e9lues, atteignant la libert\u00e9 d&rsquo;expression des artistes, &#8230; je vous laisse juger par vous m\u00eame: <a href=\"http:\/\/loicmathieu.free.fr\/blogImages\/courrier1_oyo_lesogres.jpg\">la lettre<\/a><\/p>\n<p>Les Ogres de Barback, bien entendue, on r\u00e9pondue comme il se doit que la libert\u00e9 d&rsquo;expression est un droit sacr\u00e9e et que, encore heureux, une mairie UMP pouvait (et se devait) de faire passer dans ses locaux des groupes ne votans pas UMP, et que des idd\u00e9es de gauches, m\u00eame si elles ne sont pas celles de la majorit\u00e9e des fran\u00e7ais, ont encore le droit d&rsquo;\u00eatre dites! Voici <a href=\"http:\/\/loicmathieu.free.fr\/blogImages\/courrier2_lesogres_oyo.jpg\">la r\u00e9ponse<\/a><\/p>\n<p>Ahhh, la censure &#8230;.<\/p>","protected":false},"excerpt":{"rendered":"<p>Bonjour, Derni\u00e8rement, avec les habituel listing inint\u00e9r\u00e9ssant que tout le monde re\u00e7ois r\u00e9guli\u00e8rement par mail, il y en est un qui m&rsquo;a pas mal surpris. il parlait de probl\u00e8me qu&rsquo;ont eu les Ogres de barback (groupe de chanson fran\u00e7aise exc\u00e9lent!) apr\u00e9s un concert, ils on re\u00e7us un courrier de la maire critiquant leurs prises de positions et tenant des propos outrageant, contraire \u00e0 la neutralit\u00e9 des \u00e9lues, atteignant la libert\u00e9 d&rsquo;expression des artistes, &#8230; je vous laisse juger par vous&#8230;<p class=\"read-more\"><a class=\"btn btn-default\" href=\"https:\/\/www.loicmathieu.fr\/wordpress\/fr\/politique\/liberte-de-parole-en-danger-lors-dun-concert-des-ogres-de-barback\/\">Lire la suite<span class=\"screen-reader-text\"> Lire la suite<\/span><\/a><\/p><\/p>","protected":false},"author":1,"featured_media":0,"comment_status":"open","ping_status":"closed","sticky":false,"template":"","format":"standard","meta":{"jetpack_post_was_ever_published":false,"_jetpack_newsletter_access":"","_jetpack_dont_email_post_to_subs":false,"_jetpack_newsletter_tier_id":0,"_jetpack_memberships_contains_paywalled_content":false,"_jetpack_memberships_contains_paid_content":false,"activitypub_content_warning":"","activitypub_content_visibility":"","activitypub_max_image_attachments":4,"activitypub_interaction_policy_quote":"anyone","activitypub_status":"","footnotes":"","jetpack_publicize_message":"","jetpack_publicize_feature_enabled":true,"jetpack_social_post_already_shared":false,"jetpack_social_options":{"image_generator_settings":{"template":"highway","default_image_id":0,"font":"","enabled":false},"version":2}},"categories":[7],"tags":[24,21,150],"class_list":["post-38","post","type-post","status-publish","format-standard","hentry","category-politique","tag-liberte-dexpression","tag-musique","tag-politique"],"aioseo_notices":[],"jetpack_publicize_connections":[],"jetpack_featured_media_url":"","jetpack_sharing_enabled":true,"jetpack_likes_enabled":true,"jetpack-related-posts":[{"id":24,"url":"https:\/\/www.loicmathieu.fr\/wordpress\/fr\/politique\/la-liberte-dexpression-sur-le-web-en-danger\/","url_meta":{"origin":38,"position":0},"title":"La libert\u00e9 d&rsquo;expression sur le web en danger!","author":"admin","date":"mercredi 21 mars 2007","format":false,"excerpt":"J'ai lut aujourd'hui cette article sur les 'colleurs d'affiches du web' : http:\/\/www.lemonde.fr\/web\/articleinteractif\/0,41-0@2-823448,49-885794,0.html?xtor=RSS-3208 . Cela pose de nombreuses questions sur la qualit\u00e9 des informations trouv\u00e9 sur le web, de telle pratique (manipulation de mail\/login\/IP pour tromper les sondage, bombardement de commentaire sur les blog ou les sites) mettent en doute\u2026","rel":"","context":"Dans &quot;divers&quot;","block_context":{"text":"divers","link":"https:\/\/www.loicmathieu.fr\/wordpress\/fr\/category\/divers\/"},"img":{"alt_text":"","src":"","width":0,"height":0},"classes":[]},{"id":67,"url":"https:\/\/www.loicmathieu.fr\/wordpress\/fr\/politique\/le-projet-picidae-lutte-pour-la-liberte-dexpression-partout-dans-le-monde\/","url_meta":{"origin":38,"position":1},"title":"Le projet Picidae : lutte pour la libert\u00e9 d&rsquo;expression partout dans le monde","author":"admin","date":"mardi  5 f\u00e9vrier 2008","format":false,"excerpt":"Aujourd'hui, un article tr\u00e8s int\u00e9r\u00e9ssant sur le site Les Ecrans de lib\u00e9ration : http:\/\/www.ecrans.fr\/Une-image-pour-contourner-la,3288.html R\u00e9sum\u00e9 en quelques mots, c'est un article sur le projet Picidae qui conciste \u00e0 lutter contre la censure dans le monde en donnant la possibilit\u00e9 aux internautes de consulter n'importe quel site web, m\u00eame si il\u2026","rel":"","context":"Dans &quot;informatique&quot;","block_context":{"text":"informatique","link":"https:\/\/www.loicmathieu.fr\/wordpress\/fr\/category\/informatique\/"},"img":{"alt_text":"","src":"","width":0,"height":0},"classes":[]},{"id":37,"url":"https:\/\/www.loicmathieu.fr\/wordpress\/fr\/politique\/la-censure-sarkozienne-touche-la-belgique\/","url_meta":{"origin":38,"position":2},"title":"la censure sarkozienne touche la Belgique","author":"admin","date":"samedi 16 juin 2007","format":false,"excerpt":"Tout le monde en a entendue parler, notre cher pr\u00e9sident 'semblait' saoul au G8. Pour moi aucun probl\u00e8me, comme l'ont dit certain, \u00e7a le rend plus humain, plus proche de nous. Clairement, c'est normal d'\u00eatre 'gaie' apr\u00e9s avoir partager quelques verres, par courtoisie, avec les grands de ce monde. Surtout\u2026","rel":"","context":"Dans &quot;politique&quot;","block_context":{"text":"politique","link":"https:\/\/www.loicmathieu.fr\/wordpress\/fr\/category\/politique\/"},"img":{"alt_text":"","src":"","width":0,"height":0},"classes":[]},{"id":10,"url":"https:\/\/www.loicmathieu.fr\/wordpress\/fr\/informatique\/portee-des-blogs\/","url_meta":{"origin":38,"position":3},"title":"Port\u00e9e des blogs","author":"admin","date":"mardi  5 d\u00e9cembre 2006","format":false,"excerpt":"Je vient de lire plusieurs articles dans plusieurs journaux au sujet des blogs (petites parenth\u00e8ses ici, comme souvent dans la presse fran\u00e7aise, tout les journaux parlent de la m\u00eame chose en m\u00eame temps, m\u00eame quand ce sont des articles de fond d\u00e9tach\u00e9 de l'actualit\u00e9 ... bizarre). Les articles mettait en\u2026","rel":"","context":"Dans &quot;informatique&quot;","block_context":{"text":"informatique","link":"https:\/\/www.loicmathieu.fr\/wordpress\/fr\/category\/informatique\/"},"img":{"alt_text":"","src":"","width":0,"height":0},"classes":[]},{"id":74,"url":"https:\/\/www.loicmathieu.fr\/wordpress\/fr\/informatique\/asus-z99-mon-portable\/","url_meta":{"origin":38,"position":4},"title":"Asus Z99 &#8211; mon portable","author":"admin","date":"lundi 28 avril 2008","format":false,"excerpt":"Hello, Je viens de faire une nouvelle acquisition, apr\u00e8s tant d'ann\u00e9e dans l'informatique que je ne saurais les compter, je vient d'acheter mon premier portable (si on ne compte pas un 286 portable ... ou plut\u00f4t transportable que j'avais r\u00e9cup\u00e9r\u00e9 il y a plus de 12 ans). J'ai choisit ce\u2026","rel":"","context":"Dans &quot;informatique&quot;","block_context":{"text":"informatique","link":"https:\/\/www.loicmathieu.fr\/wordpress\/fr\/category\/informatique\/"},"img":{"alt_text":"","src":"","width":0,"height":0},"classes":[]},{"id":33,"url":"https:\/\/www.loicmathieu.fr\/wordpress\/fr\/politique\/representativite-des-sondages\/","url_meta":{"origin":38,"position":5},"title":"Repr\u00e9sentativit\u00e9 des sondages","author":"admin","date":"lundi 21 mai 2007","format":false,"excerpt":"Hello, je vient de lire un article sur la newsletter de l'ADUF (Association des Utilisateurs de Free : http:\/\/www.aduf.org) \u00e0 propos de la repr\u00e9sentativit\u00e9 des sondages. Comme il m'a sembl\u00e9 int\u00e9r\u00e9ssant, je vous en fait un r\u00e9sum\u00e9 ici (surtout que derni\u00e8rement, on a eu pas mal de sondage, il est\u2026","rel":"","context":"Dans &quot;divers&quot;","block_context":{"text":"divers","link":"https:\/\/www.loicmathieu.fr\/wordpress\/fr\/category\/divers\/"},"img":{"alt_text":"","src":"","width":0,"height":0},"classes":[]}],"_links":{"self":[{"href":"https:\/\/www.loicmathieu.fr\/wordpress\/fr\/wp-json\/wp\/v2\/posts\/38","targetHints":{"allow":["GET"]}}],"collection":[{"href":"https:\/\/www.loicmathieu.fr\/wordpress\/fr\/wp-json\/wp\/v2\/posts"}],"about":[{"href":"https:\/\/www.loicmathieu.fr\/wordpress\/fr\/wp-json\/wp\/v2\/types\/post"}],"author":[{"embeddable":true,"href":"https:\/\/www.loicmathieu.fr\/wordpress\/fr\/wp-json\/wp\/v2\/users\/1"}],"replies":[{"embeddable":true,"href":"https:\/\/www.loicmathieu.fr\/wordpress\/fr\/wp-json\/wp\/v2\/comments?post=38"}],"version-history":[{"count":0,"href":"https:\/\/www.loicmathieu.fr\/wordpress\/fr\/wp-json\/wp\/v2\/posts\/38\/revisions"}],"wp:attachment":[{"href":"https:\/\/www.loicmathieu.fr\/wordpress\/fr\/wp-json\/wp\/v2\/media?parent=38"}],"wp:term":[{"taxonomy":"category","embeddable":true,"href":"https:\/\/www.loicmathieu.fr\/wordpress\/fr\/wp-json\/wp\/v2\/categories?post=38"},{"taxonomy":"post_tag","embeddable":true,"href":"https:\/\/www.loicmathieu.fr\/wordpress\/fr\/wp-json\/wp\/v2\/tags?post=38"}],"curies":[{"name":"wp","href":"https:\/\/api.w.org\/{rel}","templated":true}]}}