{"id":4,"date":"2007-01-23T14:37:21","date_gmt":"2007-01-23T13:37:21","guid":{"rendered":""},"modified":"2007-10-27T18:09:57","modified_gmt":"2007-10-27T16:09:57","slug":"news","status":"publish","type":"post","link":"https:\/\/www.loicmathieu.fr\/wordpress\/fr\/informatique\/news\/","title":{"rendered":"News"},"content":{"rendered":"<p>Hello, longtemps silencieux et pour cause, je n&rsquo;ai plus internet chez moi. Suite \u00e0 mon d\u00e9m\u00e9nagement, j&rsquo;ai fait une proc\u00e9dure de d\u00e9m\u00e9nagement chez Free &#8211; fournisseur d&rsquo;acc\u00e8s dont j&rsquo;ai toujours \u00e9t\u00e9 tr\u00e8s content. La proc\u00e9dure s&rsquo;est bien pass\u00e9, j&rsquo;arrive vite \u00e0 la tr\u00e8s c\u00e9l\u00e8bre \u00e9tape 4 : \u00ab\u00a0Votre ligne est en cours de construction par France T\u00e9l\u00e9com\u00a0\u00bb. Un mois apr\u00e9s &#8230; j&rsquo;en suis toujours l\u00e0! Je joint la hotline de free (via leur nouveau site je tchatche avec un conseiller technique) qui me disent que la demande est chez FT depuis plus d&rsquo;un mois, je leur demande alors de faire remonter \u00e0 FT une demande d&rsquo;info ce qu&rsquo;ils font. Et l\u00e0 le label de mon \u00e9tape 3 change de &lsquo;inscription valid\u00e9 par France T\u00e9l\u00e9com le 12 d\u00e9cembre 2006&rsquo; \u00e0 &lsquo;Votre inscription a \u00e9t\u00e9 valid\u00e9e par France T\u00e9l\u00e9com le jeudi 18 janvier 2007, AR_INEX \u00ab\u00a0ND inexistant\u00a0\u00bb&lsquo;. OK, int\u00e9r\u00e9ssant mais bon &#8230; ils ont fait quoi FT en un mois alors?<\/p>\n<p>Mon coup de gueule est le suivant : que fait FT quand on sait que, si on paie les 55 euros d&rsquo;installation une ligne est install\u00e9 en moins d&rsquo;une demi-journ\u00e9e &#8230; mais que si c&rsquo;est notre FAI qui la demande cela prend un temps ind\u00e9termin\u00e9 pouvant se chiffrer en mois! Et pourtant, le cout factur\u00e9 par FT \u00e0 notre FAI est loin d&rsquo;\u00eatre n\u00e9gligeable &#8230;<\/p>\n<p>Vivement la fibre optique, car en ayant des tarif et des d\u00e9lais prohibitif comme ceux actuel, FT se garde une partie du march\u00e9 (monopole, concurrence d\u00e9loyale, obstruction \u00e0 la concurrence) &#8230; mais force ses concurrent \u00e0 investir dans le fibre optique pour pouvoir se passer de ses services!<\/p>","protected":false},"excerpt":{"rendered":"<p>Hello, longtemps silencieux et pour cause, je n&rsquo;ai plus internet chez moi. Suite \u00e0 mon d\u00e9m\u00e9nagement, j&rsquo;ai fait une proc\u00e9dure de d\u00e9m\u00e9nagement chez Free &#8211; fournisseur d&rsquo;acc\u00e8s dont j&rsquo;ai toujours \u00e9t\u00e9 tr\u00e8s content. La proc\u00e9dure s&rsquo;est bien pass\u00e9, j&rsquo;arrive vite \u00e0 la tr\u00e8s c\u00e9l\u00e8bre \u00e9tape 4 : \u00ab\u00a0Votre ligne est en cours de construction par France T\u00e9l\u00e9com\u00a0\u00bb. Un mois apr\u00e9s &#8230; j&rsquo;en suis toujours l\u00e0! Je joint la hotline de free (via leur nouveau site je tchatche avec un conseiller&#8230;<p class=\"read-more\"><a class=\"btn btn-default\" href=\"https:\/\/www.loicmathieu.fr\/wordpress\/fr\/informatique\/news\/\">Lire la suite<span class=\"screen-reader-text\"> Lire la suite<\/span><\/a><\/p><\/p>","protected":false},"author":1,"featured_media":0,"comment_status":"open","ping_status":"open","sticky":false,"template":"","format":"standard","meta":{"jetpack_post_was_ever_published":false,"_jetpack_newsletter_access":"","_jetpack_dont_email_post_to_subs":false,"_jetpack_newsletter_tier_id":0,"_jetpack_memberships_contains_paywalled_content":false,"_jetpack_memberships_contains_paid_content":false,"activitypub_content_warning":"","activitypub_content_visibility":"","activitypub_max_image_attachments":4,"activitypub_interaction_policy_quote":"anyone","activitypub_status":"","footnotes":"","jetpack_publicize_message":"","jetpack_publicize_feature_enabled":true,"jetpack_social_post_already_shared":false,"jetpack_social_options":{"image_generator_settings":{"template":"highway","default_image_id":0,"font":"","enabled":false},"version":2}},"categories":[9],"tags":[],"class_list":["post-4","post","type-post","status-publish","format-standard","hentry","category-informatique"],"aioseo_notices":[],"jetpack_publicize_connections":[],"jetpack_featured_media_url":"","jetpack_sharing_enabled":true,"jetpack_likes_enabled":true,"jetpack-related-posts":[{"id":936,"url":"https:\/\/www.loicmathieu.fr\/wordpress\/fr\/informatique\/etre-speaker-a-devoxx-france\/","url_meta":{"origin":4,"position":0},"title":"Etre speaker \u00e0 Devoxx France","author":"admin","date":"mercredi 17 juillet 2019","format":false,"excerpt":"J'ai eu la chance de donner deux talks \u00e0 Devoxx France cette ann\u00e9e (2019). Voici un petit retour d'exp\u00e9rience sur comment j'en suis arriv\u00e9 l\u00e0, et comment s'est pass\u00e9 cette exp\u00e9rience. \u00c9tape 1 : les CFPs Lorsque la saison des CFPs arrive, comme chaque ann\u00e9e, reviens le questionnement \"Est-ce que\u2026","rel":"","context":"Dans &quot;informatique&quot;","block_context":{"text":"informatique","link":"https:\/\/www.loicmathieu.fr\/wordpress\/fr\/category\/informatique\/"},"img":{"alt_text":"","src":"","width":0,"height":0},"classes":[]},{"id":18,"url":"https:\/\/www.loicmathieu.fr\/wordpress\/fr\/divers\/ligne-telephonique\/","url_meta":{"origin":4,"position":1},"title":"Ligne t\u00e9l\u00e9phonique","author":"admin","date":"mardi 13 f\u00e9vrier 2007","format":false,"excerpt":"Vendredi, France T\u00e9l\u00e9com (enfin, un prestataire externe \u00e0 FT, FT ne se d\u00e9pla\u00e7ant plus chez le client) ouvre ma ligne t\u00e9l\u00e9phonique. Samedi matin, premier coup de fil sur cette ligne de la part de 9 T\u00e9l\u00e9com qui me proposait un abonnement internet! Quelle rapidit\u00e9, je me demande bien comment ils\u2026","rel":"","context":"Dans &quot;divers&quot;","block_context":{"text":"divers","link":"https:\/\/www.loicmathieu.fr\/wordpress\/fr\/category\/divers\/"},"img":{"alt_text":"","src":"","width":0,"height":0},"classes":[]},{"id":1309,"url":"https:\/\/www.loicmathieu.fr\/wordpress\/fr\/informatique\/3-ans-chez-zenika\/","url_meta":{"origin":4,"position":2},"title":"3 ans chez Zenika","author":"admin","date":"mardi  7 septembre 2021","format":false,"excerpt":"Avec un peu de retard, voici le bilan de ma troisi\u00e8me ann\u00e9e chez Zenika. Pour ceux qui seraient int\u00e9ress\u00e9 par ce que j'avais fait l'ann\u00e9e pr\u00e9c\u00e9dente, c'est ici : Ma deuxi\u00e8me ann\u00e9e chez Zenika. Quelques chiffres : 7 articles sur mon blog perso, 2 dans le magazine Programmez et 2\u2026","rel":"","context":"Dans &quot;informatique&quot;","block_context":{"text":"informatique","link":"https:\/\/www.loicmathieu.fr\/wordpress\/fr\/category\/informatique\/"},"img":{"alt_text":"","src":"","width":0,"height":0},"classes":[]},{"id":1138,"url":"https:\/\/www.loicmathieu.fr\/wordpress\/fr\/informatique\/ma-deuxieme-annee-chez-zenika\/","url_meta":{"origin":4,"position":3},"title":"Ma deuxi\u00e8me ann\u00e9e chez Zenika","author":"admin","date":"jeudi  3 septembre 2020","format":false,"excerpt":"Aujourd\u2019hui est un jour sp\u00e9cial, cela fait deux ans que je suis arriv\u00e9 chez Zenika, apr\u00e8s 9 ans en tant qu\u2019architecte logiciel dans la DSI d\u2019un grand groupe de retail. L'ann\u00e9e derni\u00e8re j'avais fait le bilan de ma premi\u00e8re ann\u00e9e pass\u00e9e : 1 an chez Zenika. Et un an apr\u00e8s,\u2026","rel":"","context":"Dans &quot;informatique&quot;","block_context":{"text":"informatique","link":"https:\/\/www.loicmathieu.fr\/wordpress\/fr\/category\/informatique\/"},"img":{"alt_text":"","src":"","width":0,"height":0},"classes":[]},{"id":1508,"url":"https:\/\/www.loicmathieu.fr\/wordpress\/fr\/informatique\/4-ans-chez-zenika\/","url_meta":{"origin":4,"position":4},"title":"4 ans chez Zenika","author":"admin","date":"mardi  6 septembre 2022","format":false,"excerpt":"Avec quelques jours de retard, la date anniversaire \u00e9tant le 3 septembre, voici le bilan de ma quatri\u00e8me ann\u00e9e chez Zenika. Pour ceux qui seraient int\u00e9ress\u00e9 par ce que j\u2019avais fait l\u2019ann\u00e9e pr\u00e9c\u00e9dente, c\u2019est ici : Ma troisi\u00e8me ann\u00e9e chez Zenika. Quelques chiffres : 11 articles sur mon blog perso,\u2026","rel":"","context":"Dans &quot;informatique&quot;","block_context":{"text":"informatique","link":"https:\/\/www.loicmathieu.fr\/wordpress\/fr\/category\/informatique\/"},"img":{"alt_text":"","src":"","width":0,"height":0},"classes":[]},{"id":966,"url":"https:\/\/www.loicmathieu.fr\/wordpress\/fr\/informatique\/1-an-chez-zenika\/","url_meta":{"origin":4,"position":5},"title":"1 an chez Zenika","author":"admin","date":"mardi  3 septembre 2019","format":false,"excerpt":"Aujourd'hui est un jour sp\u00e9cial, cela fait un an que je suis arriv\u00e9 chez Zenika, apr\u00e8s 9 ans en tant qu'architecte logiciel dans la DSI d'un grand groupe de retail. Et apr\u00e8s un an, quel est donc le bilan ? Tout d'abord, Zenika m'a surpris. Lors des \u00e9changes que j'ai\u2026","rel":"","context":"Dans &quot;informatique&quot;","block_context":{"text":"informatique","link":"https:\/\/www.loicmathieu.fr\/wordpress\/fr\/category\/informatique\/"},"img":{"alt_text":"","src":"","width":0,"height":0},"classes":[]}],"_links":{"self":[{"href":"https:\/\/www.loicmathieu.fr\/wordpress\/fr\/wp-json\/wp\/v2\/posts\/4","targetHints":{"allow":["GET"]}}],"collection":[{"href":"https:\/\/www.loicmathieu.fr\/wordpress\/fr\/wp-json\/wp\/v2\/posts"}],"about":[{"href":"https:\/\/www.loicmathieu.fr\/wordpress\/fr\/wp-json\/wp\/v2\/types\/post"}],"author":[{"embeddable":true,"href":"https:\/\/www.loicmathieu.fr\/wordpress\/fr\/wp-json\/wp\/v2\/users\/1"}],"replies":[{"embeddable":true,"href":"https:\/\/www.loicmathieu.fr\/wordpress\/fr\/wp-json\/wp\/v2\/comments?post=4"}],"version-history":[{"count":0,"href":"https:\/\/www.loicmathieu.fr\/wordpress\/fr\/wp-json\/wp\/v2\/posts\/4\/revisions"}],"wp:attachment":[{"href":"https:\/\/www.loicmathieu.fr\/wordpress\/fr\/wp-json\/wp\/v2\/media?parent=4"}],"wp:term":[{"taxonomy":"category","embeddable":true,"href":"https:\/\/www.loicmathieu.fr\/wordpress\/fr\/wp-json\/wp\/v2\/categories?post=4"},{"taxonomy":"post_tag","embeddable":true,"href":"https:\/\/www.loicmathieu.fr\/wordpress\/fr\/wp-json\/wp\/v2\/tags?post=4"}],"curies":[{"name":"wp","href":"https:\/\/api.w.org\/{rel}","templated":true}]}}