{"id":43,"date":"2007-09-14T14:38:14","date_gmt":"2007-09-14T12:38:14","guid":{"rendered":""},"modified":"2008-02-02T08:43:27","modified_gmt":"2008-02-02T07:43:27","slug":"manifestation-des-usagers-contre-la-sncf","status":"publish","type":"post","link":"https:\/\/www.loicmathieu.fr\/wordpress\/fr\/politique\/manifestation-des-usagers-contre-la-sncf\/","title":{"rendered":"Manifestation des usagers contre la SNCF"},"content":{"rendered":"<p>Bonjour,<\/p>\n<p>Je suis usager r\u00e9gulier de la ligne Lille &#8211; Bruxelles, je suis donc abonn\u00e9 SNCF\/Eurostar sur cette ligne.  Ce matin, j&rsquo;ai particip\u00e9 \u00e0 une manifestation d&rsquo;usagers contre la SNCF pour se plaindre de plusieurs points:<\/p>\n<ul><li>retard r\u00e9gulier du train au d\u00e9part de Lille (20mn de retard 1 \u00e0 2 fois par semaine, voir plus)<\/li>\n\n<li>retard fr\u00e9quent au d\u00e9part de Bruxelles, souvent sans aucune information de la part d&rsquo;Eurostar<\/li>\n\n<li>pas d&rsquo;acc\u00e9s aux bornes informatique pour les changements de r\u00e9servation (r\u00e9servation qui est, au passage, de 3\u20ac et non 1.5)<\/li>\n\n<li>changement prochain d&rsquo;horaires incompatible avec des horaires de travail (ce qui met en p\u00e9ril le travail de plus de 300 personnes): avant, train au d\u00e9part de Lille \u00e0 7h30 et 9h00 et retour de Bruxelles \u00e0 18h00, 19h00 et 20h30. Bient\u00f4t, train au d\u00e9part de Lille \u00e0 7h30 et 10h30 et retour \u00e0 18h00 ou 21h00!<\/li>\n<\/ul>\n<p>Pour la manifestation, nous devions refuser le contr\u00f4le de billets, mais en fait les contr\u00f4leurs n&rsquo;ont pas contr\u00f4ler nos billets, par contre la presse \u00e9t\u00e9 l\u00e0 (Cam\u00e9ra de France 3, une journaliste papier \u00e9t\u00e9 aussi pr\u00e9sente mais je ne sais pas de quel journal). Pour montrer noter importance sur cette ligner Bruxelles-Lille, des vid\u00e9o ont \u00e9t\u00e9 prise du train avec nous, et sans nous (nous sommes all\u00e9s dans le wagon bar et la premi\u00e8re classes) &#8230; Certain se sont fait interview\u00e9 (pas moi) &#8230; J&rsquo;attend avec impatience le reportage de France 3 &#8230; et les r\u00e9sultats!<\/p>","protected":false},"excerpt":{"rendered":"<p>Bonjour, Je suis usager r\u00e9gulier de la ligne Lille &#8211; Bruxelles, je suis donc abonn\u00e9 SNCF\/Eurostar sur cette ligne. Ce matin, j&rsquo;ai particip\u00e9 \u00e0 une manifestation d&rsquo;usagers contre la SNCF pour se plaindre de plusieurs points: retard r\u00e9gulier du train au d\u00e9part de Lille (20mn de retard 1 \u00e0 2 fois par semaine, voir plus) retard fr\u00e9quent au d\u00e9part de Bruxelles, souvent sans aucune information de la part d&rsquo;Eurostar pas d&rsquo;acc\u00e9s aux bornes informatique pour les changements de r\u00e9servation (r\u00e9servation&#8230;<p class=\"read-more\"><a class=\"btn btn-default\" href=\"https:\/\/www.loicmathieu.fr\/wordpress\/fr\/politique\/manifestation-des-usagers-contre-la-sncf\/\">Lire la suite<span class=\"screen-reader-text\"> Lire la suite<\/span><\/a><\/p><\/p>","protected":false},"author":1,"featured_media":0,"comment_status":"open","ping_status":"open","sticky":false,"template":"","format":"standard","meta":{"jetpack_post_was_ever_published":false,"_jetpack_newsletter_access":"","_jetpack_dont_email_post_to_subs":false,"_jetpack_newsletter_tier_id":0,"_jetpack_memberships_contains_paywalled_content":false,"_jetpack_memberships_contains_paid_content":false,"activitypub_content_warning":"","activitypub_content_visibility":"","activitypub_max_image_attachments":4,"activitypub_interaction_policy_quote":"anyone","activitypub_status":"","footnotes":"","jetpack_publicize_message":"","jetpack_publicize_feature_enabled":true,"jetpack_social_post_already_shared":false,"jetpack_social_options":{"image_generator_settings":{"template":"highway","default_image_id":0,"font":"","enabled":false},"version":2}},"categories":[7],"tags":[150,19],"class_list":["post-43","post","type-post","status-publish","format-standard","hentry","category-politique","tag-politique","tag-transport"],"aioseo_notices":[],"jetpack_publicize_connections":[],"jetpack_featured_media_url":"","jetpack_sharing_enabled":true,"jetpack_likes_enabled":true,"jetpack-related-posts":[{"id":44,"url":"https:\/\/www.loicmathieu.fr\/wordpress\/fr\/politique\/nouveau-tariffs-sncf-moins-de-flexibilite\/","url_meta":{"origin":43,"position":0},"title":"Nouveau tariffs SNCF = moins de flexibilit\u00e9","author":"admin","date":"vendredi 14 septembre 2007","format":false,"excerpt":"Bonjour, Et oui, encore un article sur la SNCF! Et encore un article en mal ... Donc, pour moi les nouveau tarifs de la SNCF am\u00e8ne MOINS de flexibilit\u00e9 qu'avant, alors que toutes les entreprises essaye d'amener plus de flexibilit\u00e9 pour les consommateur, la SNCF fait l'inverse. Avant, l'achat du\u2026","rel":"","context":"Dans &quot;politique&quot;","block_context":{"text":"politique","link":"https:\/\/www.loicmathieu.fr\/wordpress\/fr\/category\/politique\/"},"img":{"alt_text":"","src":"","width":0,"height":0},"classes":[]},{"id":31,"url":"https:\/\/www.loicmathieu.fr\/wordpress\/fr\/politique\/violences-hurbaine-en-centre-ville-hum\/","url_meta":{"origin":43,"position":1},"title":"Violences urbaine en centre ville &#8230; hum","author":"admin","date":"mardi  8 mai 2007","format":false,"excerpt":"Dimanche, j'\u00e9t\u00e9 dans le centre de Lille, tout pr\u00e9s du QG de l'UMP de Lille (qui se situe Rue Solf\u00e9rino, comme le QG de Mme Royale mais \u00e0 Lille, dr\u00f4le de coincidence!). Quelle n'a pas \u00e9t\u00e9 ma surpise de d\u00e9couvrire, en plus d'un attroupement de suporter devant le QG, des\u2026","rel":"","context":"Dans &quot;politique&quot;","block_context":{"text":"politique","link":"https:\/\/www.loicmathieu.fr\/wordpress\/fr\/category\/politique\/"},"img":{"alt_text":"","src":"","width":0,"height":0},"classes":[]},{"id":25,"url":"https:\/\/www.loicmathieu.fr\/wordpress\/fr\/politique\/gare-du-nord-respect-civilite-democratie-en-danger\/","url_meta":{"origin":43,"position":2},"title":"Gare du Nord, respect, civilit\u00e9 : d\u00e9mocratie en danger!","author":"admin","date":"vendredi 30 mars 2007","format":false,"excerpt":"Un coup de gueule : \u00e0 mon sens, la d\u00e9mocratie est en danger quand on trouve normale de piller, bruler, d\u00e9grader, se battre contre les forces de l'ordre. Alors je le proclame bien haut : NON, il n'est pas normale de prendre le m\u00e9tro sans ticket (m\u00eame si j'avoue le\u2026","rel":"","context":"Dans &quot;politique&quot;","block_context":{"text":"politique","link":"https:\/\/www.loicmathieu.fr\/wordpress\/fr\/category\/politique\/"},"img":{"alt_text":"","src":"","width":0,"height":0},"classes":[]},{"id":1309,"url":"https:\/\/www.loicmathieu.fr\/wordpress\/fr\/informatique\/3-ans-chez-zenika\/","url_meta":{"origin":43,"position":3},"title":"3 ans chez Zenika","author":"admin","date":"mardi  7 septembre 2021","format":false,"excerpt":"Avec un peu de retard, voici le bilan de ma troisi\u00e8me ann\u00e9e chez Zenika. Pour ceux qui seraient int\u00e9ress\u00e9 par ce que j'avais fait l'ann\u00e9e pr\u00e9c\u00e9dente, c'est ici : Ma deuxi\u00e8me ann\u00e9e chez Zenika. Quelques chiffres : 7 articles sur mon blog perso, 2 dans le magazine Programmez et 2\u2026","rel":"","context":"Dans &quot;informatique&quot;","block_context":{"text":"informatique","link":"https:\/\/www.loicmathieu.fr\/wordpress\/fr\/category\/informatique\/"},"img":{"alt_text":"","src":"","width":0,"height":0},"classes":[]},{"id":1508,"url":"https:\/\/www.loicmathieu.fr\/wordpress\/fr\/informatique\/4-ans-chez-zenika\/","url_meta":{"origin":43,"position":4},"title":"4 ans chez Zenika","author":"admin","date":"mardi  6 septembre 2022","format":false,"excerpt":"Avec quelques jours de retard, la date anniversaire \u00e9tant le 3 septembre, voici le bilan de ma quatri\u00e8me ann\u00e9e chez Zenika. Pour ceux qui seraient int\u00e9ress\u00e9 par ce que j\u2019avais fait l\u2019ann\u00e9e pr\u00e9c\u00e9dente, c\u2019est ici : Ma troisi\u00e8me ann\u00e9e chez Zenika. Quelques chiffres : 11 articles sur mon blog perso,\u2026","rel":"","context":"Dans &quot;informatique&quot;","block_context":{"text":"informatique","link":"https:\/\/www.loicmathieu.fr\/wordpress\/fr\/category\/informatique\/"},"img":{"alt_text":"","src":"","width":0,"height":0},"classes":[]},{"id":936,"url":"https:\/\/www.loicmathieu.fr\/wordpress\/fr\/informatique\/etre-speaker-a-devoxx-france\/","url_meta":{"origin":43,"position":5},"title":"Etre speaker \u00e0 Devoxx France","author":"admin","date":"mercredi 17 juillet 2019","format":false,"excerpt":"J'ai eu la chance de donner deux talks \u00e0 Devoxx France cette ann\u00e9e (2019). Voici un petit retour d'exp\u00e9rience sur comment j'en suis arriv\u00e9 l\u00e0, et comment s'est pass\u00e9 cette exp\u00e9rience. \u00c9tape 1 : les CFPs Lorsque la saison des CFPs arrive, comme chaque ann\u00e9e, reviens le questionnement \"Est-ce que\u2026","rel":"","context":"Dans &quot;informatique&quot;","block_context":{"text":"informatique","link":"https:\/\/www.loicmathieu.fr\/wordpress\/fr\/category\/informatique\/"},"img":{"alt_text":"","src":"","width":0,"height":0},"classes":[]}],"_links":{"self":[{"href":"https:\/\/www.loicmathieu.fr\/wordpress\/fr\/wp-json\/wp\/v2\/posts\/43","targetHints":{"allow":["GET"]}}],"collection":[{"href":"https:\/\/www.loicmathieu.fr\/wordpress\/fr\/wp-json\/wp\/v2\/posts"}],"about":[{"href":"https:\/\/www.loicmathieu.fr\/wordpress\/fr\/wp-json\/wp\/v2\/types\/post"}],"author":[{"embeddable":true,"href":"https:\/\/www.loicmathieu.fr\/wordpress\/fr\/wp-json\/wp\/v2\/users\/1"}],"replies":[{"embeddable":true,"href":"https:\/\/www.loicmathieu.fr\/wordpress\/fr\/wp-json\/wp\/v2\/comments?post=43"}],"version-history":[{"count":0,"href":"https:\/\/www.loicmathieu.fr\/wordpress\/fr\/wp-json\/wp\/v2\/posts\/43\/revisions"}],"wp:attachment":[{"href":"https:\/\/www.loicmathieu.fr\/wordpress\/fr\/wp-json\/wp\/v2\/media?parent=43"}],"wp:term":[{"taxonomy":"category","embeddable":true,"href":"https:\/\/www.loicmathieu.fr\/wordpress\/fr\/wp-json\/wp\/v2\/categories?post=43"},{"taxonomy":"post_tag","embeddable":true,"href":"https:\/\/www.loicmathieu.fr\/wordpress\/fr\/wp-json\/wp\/v2\/tags?post=43"}],"curies":[{"name":"wp","href":"https:\/\/api.w.org\/{rel}","templated":true}]}}