{"id":66,"date":"2008-01-07T19:31:11","date_gmt":"2008-01-07T18:31:11","guid":{"rendered":"http:\/\/loicmathieu.free.fr\/wordpress\/?p=66"},"modified":"2008-05-16T18:38:38","modified_gmt":"2008-05-16T17:38:38","slug":"freefr-le-meilleur","status":"publish","type":"post","link":"https:\/\/www.loicmathieu.fr\/wordpress\/fr\/informatique\/freefr-le-meilleur\/","title":{"rendered":"Free.fr, le meilleur?"},"content":{"rendered":"<p>Free.fr meilleur FAI du monde?<\/p>\n<p>En tout cas, c&rsquo;est presque ce que pense un  journaliste expert am\u00e9ricainqui a dit, je cite: \u00ab\u00a0Si Xavier Niel &#8211; fondateur de Free &#8211; \u00e9tais \u00e0 chicago ou Houston, AT&amp;T aurrait eu un probl\u00e8me sur les bras\u00a0\u00bb<\/p>\n<p>Et oui, notre FAI ch\u00e9rie est une star dans le monde entire, lire l&rsquo;article (en anglais) ici, \u00e7a vaut le d\u00e9tour: <a href=\"http:\/\/gigaom.com\/2007\/12\/21\/xavier-niel-free-fr\/\" target=\"_blank\"><a href=\"http:\/\/gigaom.com\/2007\/12\/21\/xavier-niel-free-fr\/\">http:\/\/gigaom.com\/2007\/12\/21\/xavier-niel-free-fr\/<\/a><\/a><\/p>","protected":false},"excerpt":{"rendered":"<p>Free.fr meilleur FAI du monde? En tout cas, c&rsquo;est presque ce que pense un journaliste expert am\u00e9ricainqui a dit, je cite: \u00ab\u00a0Si Xavier Niel &#8211; fondateur de Free &#8211; \u00e9tais \u00e0 chicago ou Houston, AT&amp;T aurrait eu un probl\u00e8me sur les bras\u00a0\u00bb Et oui, notre FAI ch\u00e9rie est une star dans le monde entire, lire l&rsquo;article (en anglais) ici, \u00e7a vaut le d\u00e9tour: <a href=\"http:\/\/gigaom.com\/2007\/12\/21\/xavier-niel-free-fr\/\">http:\/\/gigaom.com\/2007\/12\/21\/xavier-niel-free-fr\/<\/a><\/p>","protected":false},"author":1,"featured_media":0,"comment_status":"open","ping_status":"open","sticky":false,"template":"","format":"standard","meta":{"jetpack_post_was_ever_published":false,"_jetpack_newsletter_access":"","_jetpack_dont_email_post_to_subs":false,"_jetpack_newsletter_tier_id":0,"_jetpack_memberships_contains_paywalled_content":false,"_jetpack_memberships_contains_paid_content":false,"activitypub_content_warning":"","activitypub_content_visibility":"","activitypub_max_image_attachments":4,"activitypub_interaction_policy_quote":"anyone","activitypub_status":"","footnotes":"","jetpack_publicize_message":"","jetpack_publicize_feature_enabled":true,"jetpack_social_post_already_shared":false,"jetpack_social_options":{"image_generator_settings":{"template":"highway","default_image_id":0,"font":"","enabled":false},"version":2}},"categories":[9],"tags":[],"class_list":["post-66","post","type-post","status-publish","format-standard","hentry","category-informatique"],"aioseo_notices":[],"jetpack_publicize_connections":[],"jetpack_featured_media_url":"","jetpack_sharing_enabled":true,"jetpack_likes_enabled":true,"jetpack-related-posts":[{"id":94,"url":"https:\/\/www.loicmathieu.fr\/wordpress\/fr\/informatique\/participez-a-un-record-du-monde-telechargez-firefox-3-le-1706\/","url_meta":{"origin":66,"position":0},"title":"Participez \u00e0 un record du monde &#8211; t\u00e9l\u00e9chargez firefox 3 le 17\/06","author":"admin","date":"samedi 14 juin 2008","format":false,"excerpt":"Bon, tout est dans le titre de l'article :). Pour la sortie de Firefox 3, Mozilla organise un 'Download Day' o\u00f9 tout le monde est invit\u00e9 \u00e0 t\u00e9l\u00e9charger la nouvelle version le m\u00eame jour, Mardi 17 Juin. Les info sont ici: http:\/\/www.spreadfirefox.com\/fr\/worldrecord\/ inscrivez-vous pour participer (ou venez simplement le t\u00e9l\u00e9charger\u2026","rel":"","context":"Dans &quot;informatique&quot;","block_context":{"text":"informatique","link":"https:\/\/www.loicmathieu.fr\/wordpress\/fr\/category\/informatique\/"},"img":{"alt_text":"","src":"","width":0,"height":0},"classes":[]},{"id":96,"url":"https:\/\/www.loicmathieu.fr\/wordpress\/fr\/informatique\/record-du-monde\/","url_meta":{"origin":66,"position":1},"title":"Record du monde!","author":"admin","date":"vendredi  4 juillet 2008","format":false,"excerpt":"\u00c7a y est, avec plus de 8 millions de t\u00e9l\u00e9chargement pour firefox 3, un nouveau record du monde a \u00e9t\u00e9 \u00e9tablie. Et j'en fait partie! Voila j'ai particip\u00e9 \u00e0 mon premier record du monde (je doute qu'il y en ai d'autre mais on ne sais jamais :)). En voici la\u2026","rel":"","context":"Dans &quot;informatique&quot;","block_context":{"text":"informatique","link":"https:\/\/www.loicmathieu.fr\/wordpress\/fr\/category\/informatique\/"},"img":{"alt_text":"","src":"","width":0,"height":0},"classes":[]},{"id":67,"url":"https:\/\/www.loicmathieu.fr\/wordpress\/fr\/politique\/le-projet-picidae-lutte-pour-la-liberte-dexpression-partout-dans-le-monde\/","url_meta":{"origin":66,"position":2},"title":"Le projet Picidae : lutte pour la libert\u00e9 d&rsquo;expression partout dans le monde","author":"admin","date":"mardi  5 f\u00e9vrier 2008","format":false,"excerpt":"Aujourd'hui, un article tr\u00e8s int\u00e9r\u00e9ssant sur le site Les Ecrans de lib\u00e9ration : http:\/\/www.ecrans.fr\/Une-image-pour-contourner-la,3288.html R\u00e9sum\u00e9 en quelques mots, c'est un article sur le projet Picidae qui conciste \u00e0 lutter contre la censure dans le monde en donnant la possibilit\u00e9 aux internautes de consulter n'importe quel site web, m\u00eame si il\u2026","rel":"","context":"Dans &quot;informatique&quot;","block_context":{"text":"informatique","link":"https:\/\/www.loicmathieu.fr\/wordpress\/fr\/category\/informatique\/"},"img":{"alt_text":"","src":"","width":0,"height":0},"classes":[]},{"id":37,"url":"https:\/\/www.loicmathieu.fr\/wordpress\/fr\/politique\/la-censure-sarkozienne-touche-la-belgique\/","url_meta":{"origin":66,"position":3},"title":"la censure sarkozienne touche la Belgique","author":"admin","date":"samedi 16 juin 2007","format":false,"excerpt":"Tout le monde en a entendue parler, notre cher pr\u00e9sident 'semblait' saoul au G8. Pour moi aucun probl\u00e8me, comme l'ont dit certain, \u00e7a le rend plus humain, plus proche de nous. Clairement, c'est normal d'\u00eatre 'gaie' apr\u00e9s avoir partager quelques verres, par courtoisie, avec les grands de ce monde. Surtout\u2026","rel":"","context":"Dans &quot;politique&quot;","block_context":{"text":"politique","link":"https:\/\/www.loicmathieu.fr\/wordpress\/fr\/category\/politique\/"},"img":{"alt_text":"","src":"","width":0,"height":0},"classes":[]},{"id":4,"url":"https:\/\/www.loicmathieu.fr\/wordpress\/fr\/informatique\/news\/","url_meta":{"origin":66,"position":4},"title":"News","author":"admin","date":"mardi 23 janvier 2007","format":false,"excerpt":"Hello, longtemps silencieux et pour cause, je n'ai plus internet chez moi. Suite \u00e0 mon d\u00e9m\u00e9nagement, j'ai fait une proc\u00e9dure de d\u00e9m\u00e9nagement chez Free - fournisseur d'acc\u00e8s dont j'ai toujours \u00e9t\u00e9 tr\u00e8s content. La proc\u00e9dure s'est bien pass\u00e9, j'arrive vite \u00e0 la tr\u00e8s c\u00e9l\u00e8bre \u00e9tape 4 : \"Votre ligne est\u2026","rel":"","context":"Dans &quot;informatique&quot;","block_context":{"text":"informatique","link":"https:\/\/www.loicmathieu.fr\/wordpress\/fr\/category\/informatique\/"},"img":{"alt_text":"","src":"","width":0,"height":0},"classes":[]},{"id":13,"url":"https:\/\/www.loicmathieu.fr\/wordpress\/fr\/politique\/campagne-electoral-clownesque\/","url_meta":{"origin":66,"position":5},"title":"Campagne \u00e9l\u00e9ctoral clownesque","author":"admin","date":"jeudi 25 janvier 2007","format":false,"excerpt":"Bonjour, Ayant un peu de temps aujourd'hui ... pas beaucoup de boulot ... je m'ennuie un peut, je vais passer un petit coup de gueule. La campagne \u00e9lectorale me semble mal partie. Encore une fois, les m\u00e9dias nous font du tout et du n'importe quoi (surtout du n'importe quoi d'ailleurs).\u2026","rel":"","context":"Dans &quot;politique&quot;","block_context":{"text":"politique","link":"https:\/\/www.loicmathieu.fr\/wordpress\/fr\/category\/politique\/"},"img":{"alt_text":"","src":"","width":0,"height":0},"classes":[]}],"_links":{"self":[{"href":"https:\/\/www.loicmathieu.fr\/wordpress\/fr\/wp-json\/wp\/v2\/posts\/66","targetHints":{"allow":["GET"]}}],"collection":[{"href":"https:\/\/www.loicmathieu.fr\/wordpress\/fr\/wp-json\/wp\/v2\/posts"}],"about":[{"href":"https:\/\/www.loicmathieu.fr\/wordpress\/fr\/wp-json\/wp\/v2\/types\/post"}],"author":[{"embeddable":true,"href":"https:\/\/www.loicmathieu.fr\/wordpress\/fr\/wp-json\/wp\/v2\/users\/1"}],"replies":[{"embeddable":true,"href":"https:\/\/www.loicmathieu.fr\/wordpress\/fr\/wp-json\/wp\/v2\/comments?post=66"}],"version-history":[{"count":0,"href":"https:\/\/www.loicmathieu.fr\/wordpress\/fr\/wp-json\/wp\/v2\/posts\/66\/revisions"}],"wp:attachment":[{"href":"https:\/\/www.loicmathieu.fr\/wordpress\/fr\/wp-json\/wp\/v2\/media?parent=66"}],"wp:term":[{"taxonomy":"category","embeddable":true,"href":"https:\/\/www.loicmathieu.fr\/wordpress\/fr\/wp-json\/wp\/v2\/categories?post=66"},{"taxonomy":"post_tag","embeddable":true,"href":"https:\/\/www.loicmathieu.fr\/wordpress\/fr\/wp-json\/wp\/v2\/tags?post=66"}],"curies":[{"name":"wp","href":"https:\/\/api.w.org\/{rel}","templated":true}]}}