{"id":77,"date":"2008-05-15T19:16:19","date_gmt":"2008-05-15T18:16:19","guid":{"rendered":"http:\/\/loicmathieu.free.fr\/wordpress\/?p=77"},"modified":"2008-07-05T11:40:42","modified_gmt":"2008-07-05T10:40:42","slug":"croatie-adoree","status":"publish","type":"post","link":"https:\/\/www.loicmathieu.fr\/wordpress\/fr\/voyage\/croatie-adoree\/","title":{"rendered":"Croatie ador\u00e9e"},"content":{"rendered":"<p>Hello,<\/p>\n<p>Je vient d&rsquo;installer un outils de statistique, et je constate que mes articles sur la Croatie sont les articles les plus vus!<\/p>\n<p>Je les ai donc un peu arrang\u00e9s (alignement des photos, liens, &#8230;), n&rsquo;h\u00e9sitez pas \u00e0 les d\u00e9couvrire (ou red\u00e9couvrire), et peut \u00eatre que si \u00e7a continue comme \u00e7a, un jour, je prendrait mon courage \u00e0 deux mains et je r\u00e9\u00e9crirais un articles sur la Croatie et ajouterais encore quelques jolies photos (j&rsquo;ai eu le courage, regardez la parite 5, elle contient une gallerie de photos).<\/p>\n<p><a title=\"Permanent Link: Carnet de voyage - Croatie - Partie 1\" rel=\"bookmark\" href=\"\/wordpress\/index.php\/general\/voyage\/carnet-de-voyage-croatie-partie-1\/\">Carnet de voyage &#8211; Croatie &#8211; Partie 1<\/a>\n<a title=\"Permanent Link: Carnet de voyage - Croatie - Partie 2\" rel=\"bookmark\" href=\"\/wordpress\/index.php\/general\/voyage\/carnet-de-voyage-croatie-partie-2\/\">\nCarnet de voyage &#8211; Croatie &#8211; Partie 2<\/a>\n<a title=\"Permanent Link: Carnet de voyage - Croatie - Partie 3\" rel=\"bookmark\" href=\"\/wordpress\/index.php\/general\/voyage\/carnet-de-voyage-croatie-partie-3\/\">\nCarnet de voyage &#8211; Croatie &#8211; Partie 3<\/a>\n<a title=\"Permanent Link: Carnet de voyage - Croatie - Partie 4\" rel=\"bookmark\" href=\"\/wordpress\/index.php\/general\/voyage\/carnet-de-voyage-croatie-partie-4\/\">\nCarnet de voyage &#8211; Croatie &#8211; Partie 4\n<\/a>\n<a title=\"Lien permanent vers Carnet de voyage - Croatie - Part 5\" rel=\"bookmark\" href=\"..\/index.php\/voyage\/carnet-de-voyage-croatie-part-5\/\">Carnet de voyage &#8211; Croatie &#8211; Partie 5<\/a><\/p>\n<p><a title=\"Permanent Link: Carnet de voyage - Croatie - Partie 4\" rel=\"bookmark\" href=\"http:\/\/loicmathieu.free.fr\/wordpress\/index.php\/voyage\/carnet-de-voyage-croatie-part-5\/\"><\/a><\/p>","protected":false},"excerpt":{"rendered":"<p>Hello, Je vient d&rsquo;installer un outils de statistique, et je constate que mes articles sur la Croatie sont les articles les plus vus! Je les ai donc un peu arrang\u00e9s (alignement des photos, liens, &#8230;), n&rsquo;h\u00e9sitez pas \u00e0 les d\u00e9couvrire (ou red\u00e9couvrire), et peut \u00eatre que si \u00e7a continue comme \u00e7a, un jour, je prendrait mon courage \u00e0 deux mains et je r\u00e9\u00e9crirais un articles sur la Croatie et ajouterais encore quelques jolies photos (j&rsquo;ai eu le courage, regardez la&#8230;<p class=\"read-more\"><a class=\"btn btn-default\" href=\"https:\/\/www.loicmathieu.fr\/wordpress\/fr\/voyage\/croatie-adoree\/\">Lire la suite<span class=\"screen-reader-text\"> Lire la suite<\/span><\/a><\/p><\/p>","protected":false},"author":1,"featured_media":0,"comment_status":"open","ping_status":"open","sticky":false,"template":"","format":"standard","meta":{"jetpack_post_was_ever_published":false,"_jetpack_newsletter_access":"","_jetpack_dont_email_post_to_subs":false,"_jetpack_newsletter_tier_id":0,"_jetpack_memberships_contains_paywalled_content":false,"_jetpack_memberships_contains_paid_content":false,"activitypub_content_warning":"","activitypub_content_visibility":"","activitypub_max_image_attachments":4,"activitypub_interaction_policy_quote":"anyone","activitypub_status":"","footnotes":"","jetpack_publicize_message":"","jetpack_publicize_feature_enabled":true,"jetpack_social_post_already_shared":false,"jetpack_social_options":{"image_generator_settings":{"template":"highway","default_image_id":0,"font":"","enabled":false},"version":2}},"categories":[6],"tags":[29,49,149],"class_list":["post-77","post","type-post","status-publish","format-standard","hentry","category-voyage","tag-croatie","tag-photos","tag-voyage"],"aioseo_notices":[],"jetpack_publicize_connections":[],"jetpack_featured_media_url":"","jetpack_sharing_enabled":true,"jetpack_likes_enabled":true,"jetpack-related-posts":[{"id":93,"url":"https:\/\/www.loicmathieu.fr\/wordpress\/fr\/voyage\/carnet-de-voyage-croatie-part-5\/","url_meta":{"origin":77,"position":0},"title":"Carnet de voyage &#8211; Croatie &#8211; Partie 5","author":"admin","date":"samedi  5 juillet 2008","format":false,"excerpt":"Carnet de voyage - Croatie - Part 1 \/ Part 2 \/ Part 3 \/ Part 4 \/ Part 5 Et bien, comme promis, mes articles sur la Croatie \u00e9tant ceux les plus lus, je vais donc en \u00e9crire un dernier et en m\u00eame temps tester la fonctionnalit\u00e9 galerie de\u2026","rel":"","context":"Dans &quot;voyage&quot;","block_context":{"text":"voyage","link":"https:\/\/www.loicmathieu.fr\/wordpress\/fr\/category\/voyage\/"},"img":{"alt_text":"","src":"https:\/\/i0.wp.com\/loicmathieu.fr\/wordpress\/wp-content\/uploads\/img_2046.jpg?resize=350%2C200","width":350,"height":200},"classes":[]},{"id":7,"url":"https:\/\/www.loicmathieu.fr\/wordpress\/fr\/voyage\/carnet-de-voyage-croatie-partie-2\/","url_meta":{"origin":77,"position":1},"title":"Carnet de voyage &#8211; Croatie &#8211; Partie 2","author":"admin","date":"jeudi 16 novembre 2006","format":false,"excerpt":"Carnet de voyage - Croatie - Part 1 \/ Part 2 \/ Part 3 \/ Part 4 \/ Part 5 Pour continuer \u00e0 parler de ce jolie voyage en Croatie, je vais vous pr\u00e9senter les excursion que j'y ai fait. Premi\u00e8re excursion : l'ile de Cres (prononcez tch-rrrr-\u00e8s) D\u00e9but de\u2026","rel":"","context":"Dans &quot;voyage&quot;","block_context":{"text":"voyage","link":"https:\/\/www.loicmathieu.fr\/wordpress\/fr\/category\/voyage\/"},"img":{"alt_text":"","src":"","width":0,"height":0},"classes":[]},{"id":9,"url":"https:\/\/www.loicmathieu.fr\/wordpress\/fr\/voyage\/carnet-de-voyage-croatie-partie-4\/","url_meta":{"origin":77,"position":2},"title":"Carnet de voyage &#8211; Croatie &#8211; Partie 4","author":"admin","date":"mercredi  6 d\u00e9cembre 2006","format":false,"excerpt":"Carnet de voyage - Croatie - Part 1 \/ Part 2 \/ Part 3 \/ Part 4 \/ Part 5 Fin du voyage, quatri\u00e8me partie, derni\u00e8re excursion. Troisi\u00e8me excursion : Le tour d'Istrie. Lors de cette troisi\u00e8me excursion, nous avons parcourue toute l'Istrie en bus et nous sommes arr\u00eater dans\u2026","rel":"","context":"Dans &quot;voyage&quot;","block_context":{"text":"voyage","link":"https:\/\/www.loicmathieu.fr\/wordpress\/fr\/category\/voyage\/"},"img":{"alt_text":"","src":"","width":0,"height":0},"classes":[]},{"id":8,"url":"https:\/\/www.loicmathieu.fr\/wordpress\/fr\/voyage\/carnet-de-voyage-croatie-partie-3\/","url_meta":{"origin":77,"position":3},"title":"Carnet de voyage &#8211; Croatie &#8211; Partie 3","author":"admin","date":"vendredi 24 novembre 2006","format":false,"excerpt":"Carnet de voyage - Croatie - Part 1 \/ Part 2 \/ Part 3 \/ Part 4 \/ Part 5 Toujours la continuation de mon voyage en Croatie (je pense que ce sera fait en 4 parties), la partie 3, avec une autre excursion, et la plus importante, l'excursion \u00e0\u2026","rel":"","context":"Dans &quot;voyage&quot;","block_context":{"text":"voyage","link":"https:\/\/www.loicmathieu.fr\/wordpress\/fr\/category\/voyage\/"},"img":{"alt_text":"","src":"","width":0,"height":0},"classes":[]},{"id":6,"url":"https:\/\/www.loicmathieu.fr\/wordpress\/fr\/voyage\/carnet-de-voyage-croatie-partie-1\/","url_meta":{"origin":77,"position":4},"title":"Carnet de voyage &#8211; Croatie &#8211; Partie 1","author":"admin","date":"lundi 13 novembre 2006","format":false,"excerpt":"Carnet de voyage - Croatie - Part 1 \/ Part 2 \/ Part 3 \/ Part 4 \/ Part 5 La Croatie, Une semaine en h\u00f4tel dans ce beau pays, des excusions pour le d\u00e9couvrir, voila ce qui sera la base de cette s\u00e9rie d'article pour ne pas oublier ce\u2026","rel":"","context":"Dans &quot;voyage&quot;","block_context":{"text":"voyage","link":"https:\/\/www.loicmathieu.fr\/wordpress\/fr\/category\/voyage\/"},"img":{"alt_text":"","src":"","width":0,"height":0},"classes":[]},{"id":125,"url":"https:\/\/www.loicmathieu.fr\/wordpress\/fr\/voyage\/carnet-de-voyage-madagascar\/","url_meta":{"origin":77,"position":5},"title":"Carnet de voyage &#8211; Madagascar","author":"admin","date":"vendredi 10 octobre 2008","format":false,"excerpt":"Et voici le premier d'une longue s\u00e9rie d'articles qui, je l'esp\u00e8re, vous feront plaisir. En effet, je revient d'un voyage de trois semaines de Madagascar, je vais donc vous conter ce voyage, comme j'ai cont\u00e9 mon voyage en Croatie (et apparemment, ayant beaucoup de visiteur sur ces articles, ils plaisent\u2026","rel":"","context":"Dans &quot;voyage&quot;","block_context":{"text":"voyage","link":"https:\/\/www.loicmathieu.fr\/wordpress\/fr\/category\/voyage\/"},"img":{"alt_text":"","src":"","width":0,"height":0},"classes":[]}],"_links":{"self":[{"href":"https:\/\/www.loicmathieu.fr\/wordpress\/fr\/wp-json\/wp\/v2\/posts\/77","targetHints":{"allow":["GET"]}}],"collection":[{"href":"https:\/\/www.loicmathieu.fr\/wordpress\/fr\/wp-json\/wp\/v2\/posts"}],"about":[{"href":"https:\/\/www.loicmathieu.fr\/wordpress\/fr\/wp-json\/wp\/v2\/types\/post"}],"author":[{"embeddable":true,"href":"https:\/\/www.loicmathieu.fr\/wordpress\/fr\/wp-json\/wp\/v2\/users\/1"}],"replies":[{"embeddable":true,"href":"https:\/\/www.loicmathieu.fr\/wordpress\/fr\/wp-json\/wp\/v2\/comments?post=77"}],"version-history":[{"count":0,"href":"https:\/\/www.loicmathieu.fr\/wordpress\/fr\/wp-json\/wp\/v2\/posts\/77\/revisions"}],"wp:attachment":[{"href":"https:\/\/www.loicmathieu.fr\/wordpress\/fr\/wp-json\/wp\/v2\/media?parent=77"}],"wp:term":[{"taxonomy":"category","embeddable":true,"href":"https:\/\/www.loicmathieu.fr\/wordpress\/fr\/wp-json\/wp\/v2\/categories?post=77"},{"taxonomy":"post_tag","embeddable":true,"href":"https:\/\/www.loicmathieu.fr\/wordpress\/fr\/wp-json\/wp\/v2\/tags?post=77"}],"curies":[{"name":"wp","href":"https:\/\/api.w.org\/{rel}","templated":true}]}}