{"id":856,"date":"2018-10-31T18:49:46","date_gmt":"2018-10-31T16:49:46","guid":{"rendered":"http:\/\/www.loicmathieu.fr\/wordpress\/?p=856"},"modified":"2018-10-31T18:53:29","modified_gmt":"2018-10-31T16:53:29","slug":"java-next","status":"publish","type":"post","link":"https:\/\/www.loicmathieu.fr\/wordpress\/fr\/informatique\/java-next\/","title":{"rendered":"Java.Next"},"content":{"rendered":"<p>Ma premi\u00e8re contribution au blog de Zenika est un article qui parle du futur (ou du pr\u00e9sent) de Java et des changements pour les d\u00e9veloppeurs dans les versions 9, 10 et 11.<\/p>\n<p>La gouvernance de Java y est aussi abord\u00e9.<\/p>\n<p>Cet article reprend et r\u00e9sume les articles que j&rsquo;ai pr\u00e9c\u00e9demment \u00e9crit sur ce blog sur Java <a href=\"http:\/\/www.loicmathieu.fr\/wordpress\/informatique\/les-nouveautes-de-java-9-pour-les-developeurs\/\">9<\/a>, <a href=\"http:\/\/www.loicmathieu.fr\/wordpress\/informatique\/java-10-quoi-de-neuf\/\">10<\/a> et <a href=\"http:\/\/www.loicmathieu.fr\/wordpress\/informatique\/java-11-quoi-de-neuf\/\">11<\/a>, voici le lien :\u00a0<a href=\"https:\/\/blog.zenika.com\/2018\/10\/30\/java-next\/\"><a href=\"https:\/\/blog.zenika.com\/2018\/10\/30\/java-next\/\">https:\/\/blog.zenika.com\/2018\/10\/30\/java-next\/<\/a><\/a><\/p>\n<p>Contribuer au blog de Zenika a \u00e9t\u00e9 une exp\u00e9rience enrichissante (par le regard exigeant et bienveillant des relecteurs, et l&rsquo;interaction avec les \u00e9quipes marketing) et je suis fi\u00e8re du travail accomplit tous ensemble (car derri\u00e8re un article \u00e9crit par un auteur se cache des relecteurs, des conseillers, des experts marketing, des community managers, &#8230;) et heureux de la possibilit\u00e9 qui m&rsquo;a \u00e9t\u00e9 offerte.<\/p>","protected":false},"excerpt":{"rendered":"<p>Ma premi\u00e8re contribution au blog de Zenika est un article qui parle du futur (ou du pr\u00e9sent) de Java et des changements pour les d\u00e9veloppeurs dans les versions 9, 10 et 11. La gouvernance de Java y est aussi abord\u00e9. Cet article reprend et r\u00e9sume les articles que j&rsquo;ai pr\u00e9c\u00e9demment \u00e9crit sur ce blog sur Java 9, 10 et 11, voici le lien :\u00a0<a href=\"https:\/\/blog.zenika.com\/2018\/10\/30\/java-next\/\">https:\/\/blog.zenika.com\/2018\/10\/30\/java-next\/<\/a> Contribuer au blog de Zenika a \u00e9t\u00e9 une exp\u00e9rience enrichissante (par le regard exigeant et bienveillant&#8230;<p class=\"read-more\"><a class=\"btn btn-default\" href=\"https:\/\/www.loicmathieu.fr\/wordpress\/fr\/informatique\/java-next\/\">Lire la suite<span class=\"screen-reader-text\"> Lire la suite<\/span><\/a><\/p><\/p>","protected":false},"author":1,"featured_media":0,"comment_status":"open","ping_status":"open","sticky":false,"template":"","format":"standard","meta":{"jetpack_post_was_ever_published":false,"_jetpack_newsletter_access":"","_jetpack_dont_email_post_to_subs":false,"_jetpack_newsletter_tier_id":0,"_jetpack_memberships_contains_paywalled_content":false,"_jetpack_memberships_contains_paid_content":false,"activitypub_content_warning":"","activitypub_content_visibility":"","activitypub_max_image_attachments":4,"activitypub_interaction_policy_quote":"anyone","activitypub_status":"","footnotes":"","jetpack_publicize_message":"","jetpack_publicize_feature_enabled":true,"jetpack_social_post_already_shared":true,"jetpack_social_options":{"image_generator_settings":{"template":"highway","default_image_id":0,"font":"","enabled":false},"version":2}},"categories":[9],"tags":[11,161,162,158],"class_list":["post-856","post","type-post","status-publish","format-standard","hentry","category-informatique","tag-java","tag-java10","tag-java11","tag-java9"],"aioseo_notices":[],"jetpack_publicize_connections":[],"jetpack_featured_media_url":"","jetpack_sharing_enabled":true,"jetpack_likes_enabled":true,"jetpack-related-posts":[{"id":966,"url":"https:\/\/www.loicmathieu.fr\/wordpress\/fr\/informatique\/1-an-chez-zenika\/","url_meta":{"origin":856,"position":0},"title":"1 an chez Zenika","author":"admin","date":"mardi  3 septembre 2019","format":false,"excerpt":"Aujourd'hui est un jour sp\u00e9cial, cela fait un an que je suis arriv\u00e9 chez Zenika, apr\u00e8s 9 ans en tant qu'architecte logiciel dans la DSI d'un grand groupe de retail. Et apr\u00e8s un an, quel est donc le bilan ? Tout d'abord, Zenika m'a surpris. Lors des \u00e9changes que j'ai\u2026","rel":"","context":"Dans &quot;informatique&quot;","block_context":{"text":"informatique","link":"https:\/\/www.loicmathieu.fr\/wordpress\/fr\/category\/informatique\/"},"img":{"alt_text":"","src":"","width":0,"height":0},"classes":[]},{"id":1606,"url":"https:\/\/www.loicmathieu.fr\/wordpress\/fr\/informatique\/au-revoir-zenika-bonjour-kestra\/","url_meta":{"origin":856,"position":1},"title":"Au revoir Zenika, bonjour Kestra","author":"admin","date":"mardi 10 janvier 2023","format":false,"excerpt":"Apr\u00e8s 4 ans, 4 mois et 4 jours (ou presque), je quitte Zenika. Ces 4 ann\u00e9es et quelques auront \u00e9t\u00e9 parmi les plus passionnantes de ma vie professionnelle. Je suis triste de quitter cette super soci\u00e9t\u00e9 dans laquelle j'ai pu m'\u00e9panouir, grandir et apprendre plein de choses. Je suis s\u00fbr\u2026","rel":"","context":"Dans &quot;informatique&quot;","block_context":{"text":"informatique","link":"https:\/\/www.loicmathieu.fr\/wordpress\/fr\/category\/informatique\/"},"img":{"alt_text":"","src":"","width":0,"height":0},"classes":[]},{"id":1508,"url":"https:\/\/www.loicmathieu.fr\/wordpress\/fr\/informatique\/4-ans-chez-zenika\/","url_meta":{"origin":856,"position":2},"title":"4 ans chez Zenika","author":"admin","date":"mardi  6 septembre 2022","format":false,"excerpt":"Avec quelques jours de retard, la date anniversaire \u00e9tant le 3 septembre, voici le bilan de ma quatri\u00e8me ann\u00e9e chez Zenika. Pour ceux qui seraient int\u00e9ress\u00e9 par ce que j\u2019avais fait l\u2019ann\u00e9e pr\u00e9c\u00e9dente, c\u2019est ici : Ma troisi\u00e8me ann\u00e9e chez Zenika. Quelques chiffres : 11 articles sur mon blog perso,\u2026","rel":"","context":"Dans &quot;informatique&quot;","block_context":{"text":"informatique","link":"https:\/\/www.loicmathieu.fr\/wordpress\/fr\/category\/informatique\/"},"img":{"alt_text":"","src":"","width":0,"height":0},"classes":[]},{"id":1138,"url":"https:\/\/www.loicmathieu.fr\/wordpress\/fr\/informatique\/ma-deuxieme-annee-chez-zenika\/","url_meta":{"origin":856,"position":3},"title":"Ma deuxi\u00e8me ann\u00e9e chez Zenika","author":"admin","date":"jeudi  3 septembre 2020","format":false,"excerpt":"Aujourd\u2019hui est un jour sp\u00e9cial, cela fait deux ans que je suis arriv\u00e9 chez Zenika, apr\u00e8s 9 ans en tant qu\u2019architecte logiciel dans la DSI d\u2019un grand groupe de retail. L'ann\u00e9e derni\u00e8re j'avais fait le bilan de ma premi\u00e8re ann\u00e9e pass\u00e9e : 1 an chez Zenika. Et un an apr\u00e8s,\u2026","rel":"","context":"Dans &quot;informatique&quot;","block_context":{"text":"informatique","link":"https:\/\/www.loicmathieu.fr\/wordpress\/fr\/category\/informatique\/"},"img":{"alt_text":"","src":"","width":0,"height":0},"classes":[]},{"id":1309,"url":"https:\/\/www.loicmathieu.fr\/wordpress\/fr\/informatique\/3-ans-chez-zenika\/","url_meta":{"origin":856,"position":4},"title":"3 ans chez Zenika","author":"admin","date":"mardi  7 septembre 2021","format":false,"excerpt":"Avec un peu de retard, voici le bilan de ma troisi\u00e8me ann\u00e9e chez Zenika. Pour ceux qui seraient int\u00e9ress\u00e9 par ce que j'avais fait l'ann\u00e9e pr\u00e9c\u00e9dente, c'est ici : Ma deuxi\u00e8me ann\u00e9e chez Zenika. Quelques chiffres : 7 articles sur mon blog perso, 2 dans le magazine Programmez et 2\u2026","rel":"","context":"Dans &quot;informatique&quot;","block_context":{"text":"informatique","link":"https:\/\/www.loicmathieu.fr\/wordpress\/fr\/category\/informatique\/"},"img":{"alt_text":"","src":"","width":0,"height":0},"classes":[]},{"id":722,"url":"https:\/\/www.loicmathieu.fr\/wordpress\/fr\/informatique\/java-10-quoi-de-neuf\/","url_meta":{"origin":856,"position":5},"title":"Java 10 : quoi de neuf ?","author":"admin","date":"lundi 26 mars 2018","format":false,"excerpt":"Maintenant que Java 10 est sorti, il est temps de se pencher sur les nouveaut\u00e9s de cette version. Comme pour mon pr\u00e9c\u00e9dent article sur java 9, je vais me pencher principalement sur les changements qui impacterons les d\u00e9veloppeurs utilisant Java en laissant de c\u00f4t\u00e9 les changements internes\/anecdotique\/sur des API peu\u2026","rel":"","context":"Dans &quot;informatique&quot;","block_context":{"text":"informatique","link":"https:\/\/www.loicmathieu.fr\/wordpress\/fr\/category\/informatique\/"},"img":{"alt_text":"","src":"","width":0,"height":0},"classes":[]}],"_links":{"self":[{"href":"https:\/\/www.loicmathieu.fr\/wordpress\/fr\/wp-json\/wp\/v2\/posts\/856","targetHints":{"allow":["GET"]}}],"collection":[{"href":"https:\/\/www.loicmathieu.fr\/wordpress\/fr\/wp-json\/wp\/v2\/posts"}],"about":[{"href":"https:\/\/www.loicmathieu.fr\/wordpress\/fr\/wp-json\/wp\/v2\/types\/post"}],"author":[{"embeddable":true,"href":"https:\/\/www.loicmathieu.fr\/wordpress\/fr\/wp-json\/wp\/v2\/users\/1"}],"replies":[{"embeddable":true,"href":"https:\/\/www.loicmathieu.fr\/wordpress\/fr\/wp-json\/wp\/v2\/comments?post=856"}],"version-history":[{"count":0,"href":"https:\/\/www.loicmathieu.fr\/wordpress\/fr\/wp-json\/wp\/v2\/posts\/856\/revisions"}],"wp:attachment":[{"href":"https:\/\/www.loicmathieu.fr\/wordpress\/fr\/wp-json\/wp\/v2\/media?parent=856"}],"wp:term":[{"taxonomy":"category","embeddable":true,"href":"https:\/\/www.loicmathieu.fr\/wordpress\/fr\/wp-json\/wp\/v2\/categories?post=856"},{"taxonomy":"post_tag","embeddable":true,"href":"https:\/\/www.loicmathieu.fr\/wordpress\/fr\/wp-json\/wp\/v2\/tags?post=856"}],"curies":[{"name":"wp","href":"https:\/\/api.w.org\/{rel}","templated":true}]}}