{"id":91,"date":"2008-06-03T19:04:15","date_gmt":"2008-06-03T18:04:15","guid":{"rendered":"http:\/\/loicmathieu.free.fr\/wordpress\/?p=91"},"modified":"2008-06-03T19:07:29","modified_gmt":"2008-06-03T18:07:29","slug":"facebook-de-l-interet","status":"publish","type":"post","link":"https:\/\/www.loicmathieu.fr\/wordpress\/fr\/divers\/facebook-de-l-interet\/","title":{"rendered":"Facebook &#8230; de l&rsquo;inter\u00eat?"},"content":{"rendered":"<p>Hello,<\/p>\n<p>Depuis peu, je me suis inscrit sur facebook. Pass\u00e9 le premier jours o\u00f9, curieux, je me suis un peu ballad\u00e9 sur le site, j&rsquo;ai du mal \u00e0 trouver un int\u00e9r\u00eat \u00e0 ce site. Les sites de r\u00e9seaux professionel, OK, \u00e7a sert \u00e0 garder contact avec ses coll\u00e8gues et \u00e0 entretenir un r\u00e9seau profesionel mais les infos trouv\u00e9 sur facebook sur mes contact \u00e9t\u00e9 tous sans inter\u00eat!<\/p>\n<p>Bon, OK, j&rsquo;ai une trentaines d&rsquo;amis dans mon r\u00e9seau, mais ce sont uniquement des coll\u00e8gues ou des amis que je voit r\u00e9guli\u00e8rement donc &#8230; y&rsquo;a pas d&rsquo;int\u00e9r\u00eat au truc!<\/p>\n<p>Donc, ben, j&rsquo;ai vu quoi! Je voulais savoir ce que c&rsquo;\u00e9tais, maintenant je sais et je pense que je n&rsquo;y passerais pas souvent sur ce site.<\/p>","protected":false},"excerpt":{"rendered":"<p>Hello, Depuis peu, je me suis inscrit sur facebook. Pass\u00e9 le premier jours o\u00f9, curieux, je me suis un peu ballad\u00e9 sur le site, j&rsquo;ai du mal \u00e0 trouver un int\u00e9r\u00eat \u00e0 ce site. Les sites de r\u00e9seaux professionel, OK, \u00e7a sert \u00e0 garder contact avec ses coll\u00e8gues et \u00e0 entretenir un r\u00e9seau profesionel mais les infos trouv\u00e9 sur facebook sur mes contact \u00e9t\u00e9 tous sans inter\u00eat! Bon, OK, j&rsquo;ai une trentaines d&rsquo;amis dans mon r\u00e9seau, mais ce sont uniquement&#8230;<p class=\"read-more\"><a class=\"btn btn-default\" href=\"https:\/\/www.loicmathieu.fr\/wordpress\/fr\/divers\/facebook-de-l-interet\/\">Lire la suite<span class=\"screen-reader-text\"> Lire la suite<\/span><\/a><\/p><\/p>","protected":false},"author":1,"featured_media":0,"comment_status":"open","ping_status":"open","sticky":false,"template":"","format":"standard","meta":{"jetpack_post_was_ever_published":false,"_jetpack_newsletter_access":"","_jetpack_dont_email_post_to_subs":false,"_jetpack_newsletter_tier_id":0,"_jetpack_memberships_contains_paywalled_content":false,"_jetpack_memberships_contains_paid_content":false,"activitypub_content_warning":"","activitypub_content_visibility":"","activitypub_max_image_attachments":4,"activitypub_interaction_policy_quote":"anyone","activitypub_status":"","footnotes":"","jetpack_publicize_message":"","jetpack_publicize_feature_enabled":true,"jetpack_social_post_already_shared":false,"jetpack_social_options":{"image_generator_settings":{"template":"highway","default_image_id":0,"font":"","enabled":false},"version":2}},"categories":[8],"tags":[66,14],"class_list":["post-91","post","type-post","status-publish","format-standard","hentry","category-divers","tag-facebook","tag-web"],"aioseo_notices":[],"jetpack_publicize_connections":[],"jetpack_featured_media_url":"","jetpack_sharing_enabled":true,"jetpack_likes_enabled":true,"jetpack-related-posts":[{"id":1508,"url":"https:\/\/www.loicmathieu.fr\/wordpress\/fr\/informatique\/4-ans-chez-zenika\/","url_meta":{"origin":91,"position":0},"title":"4 ans chez Zenika","author":"admin","date":"mardi  6 septembre 2022","format":false,"excerpt":"Avec quelques jours de retard, la date anniversaire \u00e9tant le 3 septembre, voici le bilan de ma quatri\u00e8me ann\u00e9e chez Zenika. Pour ceux qui seraient int\u00e9ress\u00e9 par ce que j\u2019avais fait l\u2019ann\u00e9e pr\u00e9c\u00e9dente, c\u2019est ici : Ma troisi\u00e8me ann\u00e9e chez Zenika. Quelques chiffres : 11 articles sur mon blog perso,\u2026","rel":"","context":"Dans &quot;informatique&quot;","block_context":{"text":"informatique","link":"https:\/\/www.loicmathieu.fr\/wordpress\/fr\/category\/informatique\/"},"img":{"alt_text":"","src":"","width":0,"height":0},"classes":[]},{"id":936,"url":"https:\/\/www.loicmathieu.fr\/wordpress\/fr\/informatique\/etre-speaker-a-devoxx-france\/","url_meta":{"origin":91,"position":1},"title":"Etre speaker \u00e0 Devoxx France","author":"admin","date":"mercredi 17 juillet 2019","format":false,"excerpt":"J'ai eu la chance de donner deux talks \u00e0 Devoxx France cette ann\u00e9e (2019). Voici un petit retour d'exp\u00e9rience sur comment j'en suis arriv\u00e9 l\u00e0, et comment s'est pass\u00e9 cette exp\u00e9rience. \u00c9tape 1 : les CFPs Lorsque la saison des CFPs arrive, comme chaque ann\u00e9e, reviens le questionnement \"Est-ce que\u2026","rel":"","context":"Dans &quot;informatique&quot;","block_context":{"text":"informatique","link":"https:\/\/www.loicmathieu.fr\/wordpress\/fr\/category\/informatique\/"},"img":{"alt_text":"","src":"","width":0,"height":0},"classes":[]},{"id":1309,"url":"https:\/\/www.loicmathieu.fr\/wordpress\/fr\/informatique\/3-ans-chez-zenika\/","url_meta":{"origin":91,"position":2},"title":"3 ans chez Zenika","author":"admin","date":"mardi  7 septembre 2021","format":false,"excerpt":"Avec un peu de retard, voici le bilan de ma troisi\u00e8me ann\u00e9e chez Zenika. Pour ceux qui seraient int\u00e9ress\u00e9 par ce que j'avais fait l'ann\u00e9e pr\u00e9c\u00e9dente, c'est ici : Ma deuxi\u00e8me ann\u00e9e chez Zenika. Quelques chiffres : 7 articles sur mon blog perso, 2 dans le magazine Programmez et 2\u2026","rel":"","context":"Dans &quot;informatique&quot;","block_context":{"text":"informatique","link":"https:\/\/www.loicmathieu.fr\/wordpress\/fr\/category\/informatique\/"},"img":{"alt_text":"","src":"","width":0,"height":0},"classes":[]},{"id":19,"url":"https:\/\/www.loicmathieu.fr\/wordpress\/fr\/informatique\/ruby-on-rails\/","url_meta":{"origin":91,"position":3},"title":"Ruby on Rails","author":"admin","date":"jeudi 15 f\u00e9vrier 2007","format":false,"excerpt":"Bonjour, d'habitude au ton bucolique des vacances ou revendicatif des coups de gueules, aujourd'hui le ton de ce post va \u00eatre technophile. En effet, je bosse dans l'informatique qui est donc un de mes centre d'int\u00e9r\u00eat, et je vous livre ici mon premier message sur les nouvelles technologies. J'ai tester\u2026","rel":"","context":"Dans &quot;informatique&quot;","block_context":{"text":"informatique","link":"https:\/\/www.loicmathieu.fr\/wordpress\/fr\/category\/informatique\/"},"img":{"alt_text":"","src":"","width":0,"height":0},"classes":[]},{"id":966,"url":"https:\/\/www.loicmathieu.fr\/wordpress\/fr\/informatique\/1-an-chez-zenika\/","url_meta":{"origin":91,"position":4},"title":"1 an chez Zenika","author":"admin","date":"mardi  3 septembre 2019","format":false,"excerpt":"Aujourd'hui est un jour sp\u00e9cial, cela fait un an que je suis arriv\u00e9 chez Zenika, apr\u00e8s 9 ans en tant qu'architecte logiciel dans la DSI d'un grand groupe de retail. Et apr\u00e8s un an, quel est donc le bilan ? Tout d'abord, Zenika m'a surpris. Lors des \u00e9changes que j'ai\u2026","rel":"","context":"Dans &quot;informatique&quot;","block_context":{"text":"informatique","link":"https:\/\/www.loicmathieu.fr\/wordpress\/fr\/category\/informatique\/"},"img":{"alt_text":"","src":"","width":0,"height":0},"classes":[]},{"id":1330,"url":"https:\/\/www.loicmathieu.fr\/wordpress\/fr\/informatique\/devoxx-france-2021-ledition-9-3-4\/","url_meta":{"origin":91,"position":5},"title":"Devoxx France 2021 &#8211; l&rsquo;\u00e9dition 9 3\/4","author":"admin","date":"vendredi  1 octobre 2021","format":false,"excerpt":"Cette semaine, c'est Devoxx France. Et pour la premi\u00e8re fois depuis pas mal de temps, je sors de chez moi, et j'y vais ! Je vous \u00e9cris ces mots dans le train de retour de la deuxi\u00e8me journ\u00e9e, pas de troisi\u00e8me pour moi cette ann\u00e9e. J'ai assist\u00e9 \u00e0 quelques talks,\u2026","rel":"","context":"Dans &quot;informatique&quot;","block_context":{"text":"informatique","link":"https:\/\/www.loicmathieu.fr\/wordpress\/fr\/category\/informatique\/"},"img":{"alt_text":"","src":"","width":0,"height":0},"classes":[]}],"_links":{"self":[{"href":"https:\/\/www.loicmathieu.fr\/wordpress\/fr\/wp-json\/wp\/v2\/posts\/91","targetHints":{"allow":["GET"]}}],"collection":[{"href":"https:\/\/www.loicmathieu.fr\/wordpress\/fr\/wp-json\/wp\/v2\/posts"}],"about":[{"href":"https:\/\/www.loicmathieu.fr\/wordpress\/fr\/wp-json\/wp\/v2\/types\/post"}],"author":[{"embeddable":true,"href":"https:\/\/www.loicmathieu.fr\/wordpress\/fr\/wp-json\/wp\/v2\/users\/1"}],"replies":[{"embeddable":true,"href":"https:\/\/www.loicmathieu.fr\/wordpress\/fr\/wp-json\/wp\/v2\/comments?post=91"}],"version-history":[{"count":0,"href":"https:\/\/www.loicmathieu.fr\/wordpress\/fr\/wp-json\/wp\/v2\/posts\/91\/revisions"}],"wp:attachment":[{"href":"https:\/\/www.loicmathieu.fr\/wordpress\/fr\/wp-json\/wp\/v2\/media?parent=91"}],"wp:term":[{"taxonomy":"category","embeddable":true,"href":"https:\/\/www.loicmathieu.fr\/wordpress\/fr\/wp-json\/wp\/v2\/categories?post=91"},{"taxonomy":"post_tag","embeddable":true,"href":"https:\/\/www.loicmathieu.fr\/wordpress\/fr\/wp-json\/wp\/v2\/tags?post=91"}],"curies":[{"name":"wp","href":"https:\/\/api.w.org\/{rel}","templated":true}]}}