{"id":936,"date":"2019-07-17T15:24:33","date_gmt":"2019-07-17T13:24:33","guid":{"rendered":"http:\/\/www.loicmathieu.fr\/wordpress\/?p=936"},"modified":"2019-07-17T15:24:33","modified_gmt":"2019-07-17T13:24:33","slug":"etre-speaker-a-devoxx-france","status":"publish","type":"post","link":"https:\/\/www.loicmathieu.fr\/wordpress\/fr\/informatique\/etre-speaker-a-devoxx-france\/","title":{"rendered":"Etre speaker \u00e0 Devoxx France"},"content":{"rendered":"<p>J&rsquo;ai eu la chance de donner deux talks \u00e0 Devoxx France cette ann\u00e9e (2019). Voici un petit retour d&rsquo;exp\u00e9rience sur comment j&rsquo;en suis arriv\u00e9 l\u00e0, et comment s&rsquo;est pass\u00e9 cette exp\u00e9rience.<\/p>\n<h3>\u00c9tape 1 : les CFPs<\/h3>\n<p>Lorsque la saison des CFPs arrive, comme chaque ann\u00e9e, reviens le questionnement \u00ab\u00a0Est-ce que j&rsquo;oserais y r\u00e9pondre ?\u00a0\u00bb, \u00ab\u00a0Qu&rsquo;est-ce que je pourrais bien proposer ?\u00a0\u00bb, \u00ab\u00a0Suis-je l\u00e9gitime pour parler de \u00e7a ?\u00a0\u00bb. En un moi : OUI ! Chacun peut apporter quelque chose \u00e0 quelqu&rsquo;un, donc que vous soyez d\u00e9butant ou expert sur un sujet, qu&rsquo;il soit technique ou plus g\u00e9n\u00e9ral, si vous avez une id\u00e9e qui pourrait int\u00e9resser des gens, lancez-vous ! Il y aura toujours quelqu&rsquo;un de plus <em>l\u00e9gitime<\/em> que vous \u00e0 vos yeux !<\/p>\n<p>Certaines conf\u00e9rences prennent beaucoup de sujet (plus 300 talks \u00e0 Devoxx France), et ont des salles plus ou moins grandes ,et des formats de talks tr\u00e8s diff\u00e9rents (des quickies de 15mn au universit\u00e9 de 3h). Si vous avez peur, commencez par des quickies ou des tools in action, qui sont plus abordable et moins sollicit\u00e9 par les orateurs que les formats conf\u00e9rence. C&rsquo;est ce que j&rsquo;ai fait ;)<\/p>\n<p>J&rsquo;ai donc propos\u00e9 des talks \u00e0 pas mal de conf\u00e9rences fran\u00e7aise, principalement des\u00a0<em>petites conf\u00e9rences r\u00e9gionales<\/em> de type Devfest (il y en a certainement pr\u00e8s de chez vous), et \u00e0 Devoxx France, sans trop y croire &#8230;<\/p>\n<p>Dans les CFP, on vous demande souvent vos exp\u00e9riences, quand vous n&rsquo;avez jamais fait de conf\u00e9rence (ce qui \u00e9tait mon cas), donnez vos exp\u00e9riences sur les meetup locaux (si vous n&rsquo;avez pas encore parl\u00e9 dans un meetup local, d\u00e9p\u00eachez-vous ;) ), cela vous donne plus de chance, surtout pour les conf\u00e9rences organis\u00e9es par les organisateurs de ces m\u00eame meetup.<\/p>\n<h3>\u00c9tape 2 : les r\u00e9sultats du CFP<\/h3>\n<p>Bien sur, c&rsquo;est d\u00e9cevant de recevoir des refus, ne pas \u00eatre pris \u00e0 un CFP ne veut rien dire de la qualit\u00e9 de votre proposition, surtout si c&rsquo;est une de vos premi\u00e8re fois, certaines conf\u00e9rences ont \u00e9norm\u00e9ment de propositions aux CFP, et pas forc\u00e9ment beaucoup de talks (il y a environ 30 talks au Devfest Lille qui est d\u00e9j\u00e0 un gros Devfest !). De plus elles doivent panacher leur programmation pour r\u00e9pondre aux attentes de tout le monde. Si vous avez propos\u00e9 un sujet sur LE framework tr\u00e8s pris\u00e9 du moment, ils on peut-\u00eatre eu 10 propositions sur ce sujet, et choisit une autre.<\/p>\n<p>J&rsquo;ai donc essuy\u00e9 de nombreux refus, c&rsquo;est frustrant, mais c&rsquo;est la vie. Ce qui m&rsquo;as le moins plu, c&rsquo;est que certaines conf\u00e9rences publient des speakers s\u00e9lectionn\u00e9s avant la fin des CFP ! Pour en avoir discut\u00e9 avec un organisateur, c&rsquo;est pour faire venir les gens \u00e0 la conf\u00e9rence, amener des sponsors, &#8230; Ce sont ce que j\u2019appellerais les Top Speaker, on ne peut pas luter avec eux, et donc, il y a parfois beaucoup moins de slots disponible dans une conf\u00e9rence que ce que l&rsquo;on croirait (surtout dans une conf\u00e9rence locale qui n&rsquo;a d\u00e9j\u00e0 pas beaucoup de slots).<\/p>\n<p>J&rsquo;ai donc vu toutes mes propositions aux conf\u00e9rences locales refus\u00e9es, partout en France &#8230; Puis mon talk sur Arthas a \u00e9t\u00e9 accept\u00e9 \u00e0 Devoxx France, et mon talk sur le machine learning mis en backup !<\/p>\n<p>Je n&rsquo;en croyais pas mes yeux, \u00eatre admis \u00e0 Devoxx France serait plus facile qu&rsquo;au Devfest Lille ?<\/p>\n<p>Et oui ! Plus de talks, plus de sujets, et surtout certains <em>professionnels des conf\u00e9rences<\/em> (qu&rsquo;on les nomme devrel, \u00e9vang\u00e9liste ou autre) font la tourn\u00e9e de toutes les conf\u00e9rences de France, donc quand on enl\u00e8ve les top speaker et les pro avec lesquels il est difficile de luter, il ne reste plus que quelques places dans les conf\u00e9rences r\u00e9gionales. De plus, avoir choisit un sujet original a d\u00fbt m&rsquo;aider, personne n&rsquo;a propos\u00e9 le m\u00eame, et Devoxx France ayant une programmation \u00e9clectique, c&rsquo;est plus facile pour eux de prendre des talks sur des sujets originaux.<\/p>\n<p>Quand on compare Devoxx BE (je n&rsquo;ai pas retrouv\u00e9 les nombres pour DevoxxFR) et le Devfest Lille on a 725 talks soumis \u00e0 Devoxx BE pour plus de 200 slots, et 419 soumis au Devefest Lille pour 30 slots &#8230; les chiffres parlent d&rsquo;eux m\u00eame :)<\/p>\n<p>Donc un conseil : osez r\u00e9pondre au CFP de Devoxx France, et <strong>proposez des sujets originaux<\/strong>.<\/p>\n<h3>\u00c9tape 3 : la pr\u00e9paration du talk<\/h3>\n<p>Bon, maintenant, il faut se retrousser les manches, Devoxx France m&rsquo;attend ! Comme c&rsquo;est un tools in action, je pr\u00e9vois une toute petite pr\u00e9sentation pour planter le d\u00e9cor, et une longue session de d\u00e9mo en ligne de commande. Je pr\u00e9pare donc une petite application de d\u00e9mo, et les \u00e9tapes que je montrerais. Comme c&rsquo;est principalement des lignes de commandes \u00e0 taper,\u00a0 je les r\u00e9p\u00e8te plusieurs fois pour \u00eatre sur de l\u2019encha\u00eenement, et les notes dans un fichier que j&rsquo;ouvrirais dans mon t\u00e9l\u00e9phone pour pouvoir les consulter sans quitter mon \u00e9cran principal.<\/p>\n<p>Je r\u00e9p\u00e8te plusieurs fois, dont une fois devant mes coll\u00e8gues qui me donnent des retours tr\u00e8s positif, \u00e7a y est, je suis pr\u00eat :)<\/p>\n<p>Une semaine avant Devoxx France, on me propose de donner aussi mon talk en backup qui est pr\u00eat &#8230; Mais je ne l&rsquo;ai pas donn\u00e9 depuis un an ! Apr\u00e8s un peu de stress pour savoir si je serais capable de le donner, aller, je me lance, c&rsquo;est OK !\u00a0 Me voici donc parti pour donner deux talks \u00e0 Devoxx France ! Comme je ne suis pas super s\u00fbr de moi sur le second je pr\u00e9vois de prendre les 15mn du quickies pour ne pas avoir de question :)<\/p>\n<h3>\u00c9tape 4 : Devoxx France en tant que speaker<\/h3>\n<p>Comme le ticket d&rsquo;entr\u00e9 est offert pour les speaker, et que Zenika me paye normalement pour aller \u00e0 la conf\u00e9rence en tant que speaker (ainsi que les frais), j&rsquo;en profite pour faire les trois jours. Et bien m&rsquo;en fait, car comme il y a\u00a0 beaucoup moins de monde le Mercredi, \u00e7a permet de faire tranquillement le tour des stands avant la cohue des deux derniers jours.<\/p>\n<p>Arriver en tant que speakers n&rsquo;est pas diff\u00e9rent qu&rsquo;arriver en tant qu&rsquo;auditeur, Devoxx France ne fait quasiment aucune distinction entre un speaker et un auditeur standard, et je trouve \u00e7a bien, nous ne sommes pas des VIP. Bien s\u00fbr il y a quand m\u00eame quelques petits avantages : acc\u00e8s \u00e0 une petite salle pour se mettre au calme (toute petite salle avec quelques chaises et tables mais rien d&rsquo;autre), repas des speakers (auquel h\u00e9las je n&rsquo;ai pu assister), et un petit cadeau de bienvenu : des chocolats de p\u00e2ques d\u00e9licieux :)<\/p>\n<p>Avant le talk, pour que le stresse ne monte pas trop, je me suis occup\u00e9 : conf\u00e9rence, papotage, &#8230; Pas de r\u00e9p\u00e9tition sur les lieux pour ne pas trop y penser.<\/p>\n<h3>\u00c9tape 5 : la talk<\/h3>\n<p>\u00c7a y est, l&rsquo;heure du talk arrive, comme je dois me pr\u00e9senter 15mn \u00e0 l&rsquo;avance j&rsquo;arrive 30 avant pour mon talk sur Arthas. Apr\u00e8s coup je n&rsquo;aurais pas d\u00fb arriver autant \u00e0 l&rsquo;avance car l&rsquo;attente fait monter le stress, et 15 minutes sont largement suffisantes pour s&rsquo;installer, lancer les d\u00e9mos, faire les derni\u00e8res v\u00e9rifications, &#8230;<\/p>\n<p>Arriv\u00e9 dans la salle, un membre de l&rsquo;organisation Devoxx France est l\u00e0 pour m\u2019accueillir et s&rsquo;occuper de l&rsquo;organisation (principalement lancer le d\u00e9compte du temps &#8230;). Tr\u00e8s sympa et tr\u00e8s calme, \u00e7a fait retomber en partie le stress. Un technicien est aussi l\u00e0 pour m&rsquo;\u00e9quiper en micro et s&rsquo;occuper de la captation vid\u00e9o : \u00ab\u00a0il ne faut pas trop bouger\u00a0\u00bb &#8230; \u00e7a ne va pas \u00eatre facile.<\/p>\n<p>Petit stress de derni\u00e8re minute, ma sortie HDMI n&rsquo;affiche rien! Encore heureux que j&rsquo;avais mon adaptateur VGA !<\/p>\n<p>3 &#8230; 2 &#8230; 1 &#8230; GO ! Apr\u00e8s quelques h\u00e9sitations lors de la pr\u00e9sentation, d\u00e8s que j&rsquo;ai commenc\u00e9 \u00e0 faire la d\u00e9mo, lanc\u00e9 sur les rails de ce que j&rsquo;avais pr\u00e9par\u00e9, le stress s&rsquo;\u00e9vanouit et tout se passe bien. Si la pr\u00e9sentation vous int\u00e9resse c&rsquo;est ici : <a href=\"https:\/\/www.youtube.com\/watch?v=e8CMlsMvIrc&amp;list=PLbf9DSLhCPwTw_4IUA2Hne6nzGwInybBm&amp;index=4&amp;t=0s\">Arthas &#8211; Alibaba Java Diagnostic Tool<\/a><\/p>\n<p>Deux jours plus tard, rebelote, c&rsquo;est au tour de mon quickies sur le machine learning, beaucoup moins de monde dans la salle, 15 minutes de pr\u00e9sentation r\u00e9p\u00e9t\u00e9e plusieurs fois avant, organisation toujours aussi fluide et cette fois-ci ma sortie HDMI qui fonctionne sans soucis ;) Et c&rsquo;est par ici pour le revoir : <a href=\"https:\/\/www.youtube.com\/watch?v=fSCT2Jv4mDU&amp;list=PLbf9DSLhCPwTw_4IUA2Hne6nzGwInybBm&amp;index=5\">Mes premiers pas en deeplearning avec Keras<\/a><\/p>\n<h3>Pour conclure<\/h3>\n<p>\u00catre speaker n&rsquo;est pas si compliqu\u00e9 que \u00e7a : il faut oser, se pr\u00e9parer (meetup locaux), r\u00e9p\u00e9ter (r\u00e9p\u00e9ter, r\u00e9p\u00e9ter), se rassurer (planifier, pr\u00e9parer un synopsis) et se lancer ! Je pense que l&rsquo;originalit\u00e9 du sujet que personne d&rsquo;autre n&rsquo;avait propos\u00e9 m&rsquo;a grandement aid\u00e9 \u00e0 \u00eatre s\u00e9lectionn\u00e9 \u00e0 Devoxx France.<\/p>\n<p>Cette exp\u00e9rience fut enrichissante en bien de point, et je remercie l&rsquo;organisation de Devoxx France pour ce bel \u00e9v\u00e9nement et l\u2019opportunit\u00e9 qu&rsquo;elle m&rsquo;a offerte. Je remercie aussi Zenika pour m&rsquo;avoir permis de le faire et mes coll\u00e8gues pour leurs soutiens et leurs feedback.<\/p>","protected":false},"excerpt":{"rendered":"<p>J&rsquo;ai eu la chance de donner deux talks \u00e0 Devoxx France cette ann\u00e9e (2019). Voici un petit retour d&rsquo;exp\u00e9rience sur comment j&rsquo;en suis arriv\u00e9 l\u00e0, et comment s&rsquo;est pass\u00e9 cette exp\u00e9rience. \u00c9tape 1 : les CFPs Lorsque la saison des CFPs arrive, comme chaque ann\u00e9e, reviens le questionnement \u00ab\u00a0Est-ce que j&rsquo;oserais y r\u00e9pondre ?\u00a0\u00bb, \u00ab\u00a0Qu&rsquo;est-ce que je pourrais bien proposer ?\u00a0\u00bb, \u00ab\u00a0Suis-je l\u00e9gitime pour parler de \u00e7a ?\u00a0\u00bb. En un moi : OUI ! Chacun peut apporter quelque chose \u00e0&#8230;<p class=\"read-more\"><a class=\"btn btn-default\" href=\"https:\/\/www.loicmathieu.fr\/wordpress\/fr\/informatique\/etre-speaker-a-devoxx-france\/\">Lire la suite<span class=\"screen-reader-text\"> Lire la suite<\/span><\/a><\/p><\/p>","protected":false},"author":1,"featured_media":0,"comment_status":"open","ping_status":"open","sticky":false,"template":"","format":"standard","meta":{"jetpack_post_was_ever_published":false,"_jetpack_newsletter_access":"","_jetpack_dont_email_post_to_subs":false,"_jetpack_newsletter_tier_id":0,"_jetpack_memberships_contains_paywalled_content":false,"_jetpack_memberships_contains_paid_content":false,"activitypub_content_warning":"","activitypub_content_visibility":"","activitypub_max_image_attachments":4,"activitypub_interaction_policy_quote":"anyone","activitypub_status":"","footnotes":"","jetpack_publicize_message":"","jetpack_publicize_feature_enabled":true,"jetpack_social_post_already_shared":true,"jetpack_social_options":{"image_generator_settings":{"template":"highway","default_image_id":0,"font":"","enabled":false},"version":2}},"categories":[9],"tags":[],"class_list":["post-936","post","type-post","status-publish","format-standard","hentry","category-informatique"],"aioseo_notices":[],"jetpack_publicize_connections":[],"jetpack_featured_media_url":"","jetpack_sharing_enabled":true,"jetpack_likes_enabled":true,"jetpack-related-posts":[{"id":1508,"url":"https:\/\/www.loicmathieu.fr\/wordpress\/fr\/informatique\/4-ans-chez-zenika\/","url_meta":{"origin":936,"position":0},"title":"4 ans chez Zenika","author":"admin","date":"mardi  6 septembre 2022","format":false,"excerpt":"Avec quelques jours de retard, la date anniversaire \u00e9tant le 3 septembre, voici le bilan de ma quatri\u00e8me ann\u00e9e chez Zenika. Pour ceux qui seraient int\u00e9ress\u00e9 par ce que j\u2019avais fait l\u2019ann\u00e9e pr\u00e9c\u00e9dente, c\u2019est ici : Ma troisi\u00e8me ann\u00e9e chez Zenika. Quelques chiffres : 11 articles sur mon blog perso,\u2026","rel":"","context":"Dans &quot;informatique&quot;","block_context":{"text":"informatique","link":"https:\/\/www.loicmathieu.fr\/wordpress\/fr\/category\/informatique\/"},"img":{"alt_text":"","src":"","width":0,"height":0},"classes":[]},{"id":1330,"url":"https:\/\/www.loicmathieu.fr\/wordpress\/fr\/informatique\/devoxx-france-2021-ledition-9-3-4\/","url_meta":{"origin":936,"position":1},"title":"Devoxx France 2021 &#8211; l&rsquo;\u00e9dition 9 3\/4","author":"admin","date":"vendredi  1 octobre 2021","format":false,"excerpt":"Cette semaine, c'est Devoxx France. Et pour la premi\u00e8re fois depuis pas mal de temps, je sors de chez moi, et j'y vais ! Je vous \u00e9cris ces mots dans le train de retour de la deuxi\u00e8me journ\u00e9e, pas de troisi\u00e8me pour moi cette ann\u00e9e. J'ai assist\u00e9 \u00e0 quelques talks,\u2026","rel":"","context":"Dans &quot;informatique&quot;","block_context":{"text":"informatique","link":"https:\/\/www.loicmathieu.fr\/wordpress\/fr\/category\/informatique\/"},"img":{"alt_text":"","src":"","width":0,"height":0},"classes":[]},{"id":966,"url":"https:\/\/www.loicmathieu.fr\/wordpress\/fr\/informatique\/1-an-chez-zenika\/","url_meta":{"origin":936,"position":2},"title":"1 an chez Zenika","author":"admin","date":"mardi  3 septembre 2019","format":false,"excerpt":"Aujourd'hui est un jour sp\u00e9cial, cela fait un an que je suis arriv\u00e9 chez Zenika, apr\u00e8s 9 ans en tant qu'architecte logiciel dans la DSI d'un grand groupe de retail. Et apr\u00e8s un an, quel est donc le bilan ? Tout d'abord, Zenika m'a surpris. Lors des \u00e9changes que j'ai\u2026","rel":"","context":"Dans &quot;informatique&quot;","block_context":{"text":"informatique","link":"https:\/\/www.loicmathieu.fr\/wordpress\/fr\/category\/informatique\/"},"img":{"alt_text":"","src":"","width":0,"height":0},"classes":[]},{"id":1309,"url":"https:\/\/www.loicmathieu.fr\/wordpress\/fr\/informatique\/3-ans-chez-zenika\/","url_meta":{"origin":936,"position":3},"title":"3 ans chez Zenika","author":"admin","date":"mardi  7 septembre 2021","format":false,"excerpt":"Avec un peu de retard, voici le bilan de ma troisi\u00e8me ann\u00e9e chez Zenika. Pour ceux qui seraient int\u00e9ress\u00e9 par ce que j'avais fait l'ann\u00e9e pr\u00e9c\u00e9dente, c'est ici : Ma deuxi\u00e8me ann\u00e9e chez Zenika. Quelques chiffres : 7 articles sur mon blog perso, 2 dans le magazine Programmez et 2\u2026","rel":"","context":"Dans &quot;informatique&quot;","block_context":{"text":"informatique","link":"https:\/\/www.loicmathieu.fr\/wordpress\/fr\/category\/informatique\/"},"img":{"alt_text":"","src":"","width":0,"height":0},"classes":[]},{"id":1668,"url":"https:\/\/www.loicmathieu.fr\/wordpress\/fr\/informatique\/devoxx-fr-2023-hidden-security-features-of-th-jvm-everything-you-didnt-know-and-more-par-steve-poole\/","url_meta":{"origin":936,"position":4},"title":"Devoxx FR 2023 &#8211; Hidden security features of the JVM &#8211; everything you didn&rsquo;t know and more par Steve Poole","author":"admin","date":"vendredi 14 avril 2023","format":false,"excerpt":"Premi\u00e8re conf\u00e9rence \u00e0 laquelle je vais pour cette session de Devoxx France parle de s\u00e9curit\u00e9 dans le JVM par Steve Poole. Le Security Manager est d\u00e9pr\u00e9ci\u00e9 mais la JVM a un design fantastique pour la s\u00e9curit\u00e9. Tout d'abord, pourquoi se soucier de la s\u00e9curit\u00e9 ? Premi\u00e8re conf\u00e9rence \u00e0 laquelle je\u2026","rel":"","context":"Dans &quot;informatique&quot;","block_context":{"text":"informatique","link":"https:\/\/www.loicmathieu.fr\/wordpress\/fr\/category\/informatique\/"},"img":{"alt_text":"","src":"","width":0,"height":0},"classes":[]},{"id":1138,"url":"https:\/\/www.loicmathieu.fr\/wordpress\/fr\/informatique\/ma-deuxieme-annee-chez-zenika\/","url_meta":{"origin":936,"position":5},"title":"Ma deuxi\u00e8me ann\u00e9e chez Zenika","author":"admin","date":"jeudi  3 septembre 2020","format":false,"excerpt":"Aujourd\u2019hui est un jour sp\u00e9cial, cela fait deux ans que je suis arriv\u00e9 chez Zenika, apr\u00e8s 9 ans en tant qu\u2019architecte logiciel dans la DSI d\u2019un grand groupe de retail. L'ann\u00e9e derni\u00e8re j'avais fait le bilan de ma premi\u00e8re ann\u00e9e pass\u00e9e : 1 an chez Zenika. Et un an apr\u00e8s,\u2026","rel":"","context":"Dans &quot;informatique&quot;","block_context":{"text":"informatique","link":"https:\/\/www.loicmathieu.fr\/wordpress\/fr\/category\/informatique\/"},"img":{"alt_text":"","src":"","width":0,"height":0},"classes":[]}],"_links":{"self":[{"href":"https:\/\/www.loicmathieu.fr\/wordpress\/fr\/wp-json\/wp\/v2\/posts\/936","targetHints":{"allow":["GET"]}}],"collection":[{"href":"https:\/\/www.loicmathieu.fr\/wordpress\/fr\/wp-json\/wp\/v2\/posts"}],"about":[{"href":"https:\/\/www.loicmathieu.fr\/wordpress\/fr\/wp-json\/wp\/v2\/types\/post"}],"author":[{"embeddable":true,"href":"https:\/\/www.loicmathieu.fr\/wordpress\/fr\/wp-json\/wp\/v2\/users\/1"}],"replies":[{"embeddable":true,"href":"https:\/\/www.loicmathieu.fr\/wordpress\/fr\/wp-json\/wp\/v2\/comments?post=936"}],"version-history":[{"count":0,"href":"https:\/\/www.loicmathieu.fr\/wordpress\/fr\/wp-json\/wp\/v2\/posts\/936\/revisions"}],"wp:attachment":[{"href":"https:\/\/www.loicmathieu.fr\/wordpress\/fr\/wp-json\/wp\/v2\/media?parent=936"}],"wp:term":[{"taxonomy":"category","embeddable":true,"href":"https:\/\/www.loicmathieu.fr\/wordpress\/fr\/wp-json\/wp\/v2\/categories?post=936"},{"taxonomy":"post_tag","embeddable":true,"href":"https:\/\/www.loicmathieu.fr\/wordpress\/fr\/wp-json\/wp\/v2\/tags?post=936"}],"curies":[{"name":"wp","href":"https:\/\/api.w.org\/{rel}","templated":true}]}}