{"id":96,"date":"2008-07-04T11:15:43","date_gmt":"2008-07-04T10:15:43","guid":{"rendered":"http:\/\/loicmathieu.free.fr\/wordpress\/?p=96"},"modified":"2008-07-04T11:15:43","modified_gmt":"2008-07-04T10:15:43","slug":"record-du-monde","status":"publish","type":"post","link":"https:\/\/www.loicmathieu.fr\/wordpress\/fr\/informatique\/record-du-monde\/","title":{"rendered":"Record du monde!"},"content":{"rendered":"<p>\u00c7a y est, avec plus de 8 millions de t\u00e9l\u00e9chargement pour firefox 3, un nouveau record du monde a \u00e9t\u00e9 \u00e9tablie.<\/p>\n<h3>Et j&rsquo;en fait partie!<\/h3>\n<p>Voila j&rsquo;ai particip\u00e9 \u00e0 mon premier record du monde (je doute qu&rsquo;il y en ai d&rsquo;autre mais on ne sais jamais :)). En voici la preuve avec mon certificat de participation au record du monde visible <a title=\"Certificat de participation au record du monde de t\u00e9l\u00e9chargement pour Firefox 3 - Download Day 2008\" href=\"http:\/\/loicmathieu.free.fr\/blogImages\/Download Day 2008.pdf\" target=\"_blank\">ici<\/a>.<\/p>\n<p>Le derni\u00e8re question: est-ce que tout le monde appara\u00eeteras dans le Guiness &#8230;<\/p>","protected":false},"excerpt":{"rendered":"<p>\u00c7a y est, avec plus de 8 millions de t\u00e9l\u00e9chargement pour firefox 3, un nouveau record du monde a \u00e9t\u00e9 \u00e9tablie. Et j&rsquo;en fait partie! Voila j&rsquo;ai particip\u00e9 \u00e0 mon premier record du monde (je doute qu&rsquo;il y en ai d&rsquo;autre mais on ne sais jamais :)). En voici la preuve avec mon certificat de participation au record du monde visible ici. Le derni\u00e8re question: est-ce que tout le monde appara\u00eeteras dans le Guiness &#8230;<\/p>","protected":false},"author":1,"featured_media":0,"comment_status":"open","ping_status":"open","sticky":false,"template":"","format":"standard","meta":{"jetpack_post_was_ever_published":false,"_jetpack_newsletter_access":"","_jetpack_dont_email_post_to_subs":false,"_jetpack_newsletter_tier_id":0,"_jetpack_memberships_contains_paywalled_content":false,"_jetpack_memberships_contains_paid_content":false,"activitypub_content_warning":"","activitypub_content_visibility":"","activitypub_max_image_attachments":4,"activitypub_interaction_policy_quote":"anyone","activitypub_status":"","footnotes":"","jetpack_publicize_message":"","jetpack_publicize_feature_enabled":true,"jetpack_social_post_already_shared":false,"jetpack_social_options":{"image_generator_settings":{"template":"highway","default_image_id":0,"font":"","enabled":false},"version":2}},"categories":[9],"tags":[68,67,70,69,14],"class_list":["post-96","post","type-post","status-publish","format-standard","hentry","category-informatique","tag-browser","tag-firefox","tag-guiness","tag-record-du-monde","tag-web"],"aioseo_notices":[],"jetpack_publicize_connections":[],"jetpack_featured_media_url":"","jetpack_sharing_enabled":true,"jetpack_likes_enabled":true,"jetpack-related-posts":[{"id":94,"url":"https:\/\/www.loicmathieu.fr\/wordpress\/fr\/informatique\/participez-a-un-record-du-monde-telechargez-firefox-3-le-1706\/","url_meta":{"origin":96,"position":0},"title":"Participez \u00e0 un record du monde &#8211; t\u00e9l\u00e9chargez firefox 3 le 17\/06","author":"admin","date":"samedi 14 juin 2008","format":false,"excerpt":"Bon, tout est dans le titre de l'article :). Pour la sortie de Firefox 3, Mozilla organise un 'Download Day' o\u00f9 tout le monde est invit\u00e9 \u00e0 t\u00e9l\u00e9charger la nouvelle version le m\u00eame jour, Mardi 17 Juin. Les info sont ici: http:\/\/www.spreadfirefox.com\/fr\/worldrecord\/ inscrivez-vous pour participer (ou venez simplement le t\u00e9l\u00e9charger\u2026","rel":"","context":"Dans &quot;informatique&quot;","block_context":{"text":"informatique","link":"https:\/\/www.loicmathieu.fr\/wordpress\/fr\/category\/informatique\/"},"img":{"alt_text":"","src":"","width":0,"height":0},"classes":[]},{"id":67,"url":"https:\/\/www.loicmathieu.fr\/wordpress\/fr\/politique\/le-projet-picidae-lutte-pour-la-liberte-dexpression-partout-dans-le-monde\/","url_meta":{"origin":96,"position":1},"title":"Le projet Picidae : lutte pour la libert\u00e9 d&rsquo;expression partout dans le monde","author":"admin","date":"mardi  5 f\u00e9vrier 2008","format":false,"excerpt":"Aujourd'hui, un article tr\u00e8s int\u00e9r\u00e9ssant sur le site Les Ecrans de lib\u00e9ration : http:\/\/www.ecrans.fr\/Une-image-pour-contourner-la,3288.html R\u00e9sum\u00e9 en quelques mots, c'est un article sur le projet Picidae qui conciste \u00e0 lutter contre la censure dans le monde en donnant la possibilit\u00e9 aux internautes de consulter n'importe quel site web, m\u00eame si il\u2026","rel":"","context":"Dans &quot;informatique&quot;","block_context":{"text":"informatique","link":"https:\/\/www.loicmathieu.fr\/wordpress\/fr\/category\/informatique\/"},"img":{"alt_text":"","src":"","width":0,"height":0},"classes":[]},{"id":13,"url":"https:\/\/www.loicmathieu.fr\/wordpress\/fr\/politique\/campagne-electoral-clownesque\/","url_meta":{"origin":96,"position":2},"title":"Campagne \u00e9l\u00e9ctoral clownesque","author":"admin","date":"jeudi 25 janvier 2007","format":false,"excerpt":"Bonjour, Ayant un peu de temps aujourd'hui ... pas beaucoup de boulot ... je m'ennuie un peut, je vais passer un petit coup de gueule. La campagne \u00e9lectorale me semble mal partie. Encore une fois, les m\u00e9dias nous font du tout et du n'importe quoi (surtout du n'importe quoi d'ailleurs).\u2026","rel":"","context":"Dans &quot;politique&quot;","block_context":{"text":"politique","link":"https:\/\/www.loicmathieu.fr\/wordpress\/fr\/category\/politique\/"},"img":{"alt_text":"","src":"","width":0,"height":0},"classes":[]},{"id":66,"url":"https:\/\/www.loicmathieu.fr\/wordpress\/fr\/informatique\/freefr-le-meilleur\/","url_meta":{"origin":96,"position":3},"title":"Free.fr, le meilleur?","author":"admin","date":"lundi  7 janvier 2008","format":false,"excerpt":"Free.fr meilleur FAI du monde? En tout cas, c'est presque ce que pense un journaliste expert am\u00e9ricainqui a dit, je cite: \"Si Xavier Niel - fondateur de Free - \u00e9tais \u00e0 chicago ou Houston, AT&T aurrait eu un probl\u00e8me sur les bras\" Et oui, notre FAI ch\u00e9rie est une star\u2026","rel":"","context":"Dans &quot;informatique&quot;","block_context":{"text":"informatique","link":"https:\/\/www.loicmathieu.fr\/wordpress\/fr\/category\/informatique\/"},"img":{"alt_text":"","src":"","width":0,"height":0},"classes":[]},{"id":936,"url":"https:\/\/www.loicmathieu.fr\/wordpress\/fr\/informatique\/etre-speaker-a-devoxx-france\/","url_meta":{"origin":96,"position":4},"title":"Etre speaker \u00e0 Devoxx France","author":"admin","date":"mercredi 17 juillet 2019","format":false,"excerpt":"J'ai eu la chance de donner deux talks \u00e0 Devoxx France cette ann\u00e9e (2019). Voici un petit retour d'exp\u00e9rience sur comment j'en suis arriv\u00e9 l\u00e0, et comment s'est pass\u00e9 cette exp\u00e9rience. \u00c9tape 1 : les CFPs Lorsque la saison des CFPs arrive, comme chaque ann\u00e9e, reviens le questionnement \"Est-ce que\u2026","rel":"","context":"Dans &quot;informatique&quot;","block_context":{"text":"informatique","link":"https:\/\/www.loicmathieu.fr\/wordpress\/fr\/category\/informatique\/"},"img":{"alt_text":"","src":"","width":0,"height":0},"classes":[]},{"id":74,"url":"https:\/\/www.loicmathieu.fr\/wordpress\/fr\/informatique\/asus-z99-mon-portable\/","url_meta":{"origin":96,"position":5},"title":"Asus Z99 &#8211; mon portable","author":"admin","date":"lundi 28 avril 2008","format":false,"excerpt":"Hello, Je viens de faire une nouvelle acquisition, apr\u00e8s tant d'ann\u00e9e dans l'informatique que je ne saurais les compter, je vient d'acheter mon premier portable (si on ne compte pas un 286 portable ... ou plut\u00f4t transportable que j'avais r\u00e9cup\u00e9r\u00e9 il y a plus de 12 ans). J'ai choisit ce\u2026","rel":"","context":"Dans &quot;informatique&quot;","block_context":{"text":"informatique","link":"https:\/\/www.loicmathieu.fr\/wordpress\/fr\/category\/informatique\/"},"img":{"alt_text":"","src":"","width":0,"height":0},"classes":[]}],"_links":{"self":[{"href":"https:\/\/www.loicmathieu.fr\/wordpress\/fr\/wp-json\/wp\/v2\/posts\/96","targetHints":{"allow":["GET"]}}],"collection":[{"href":"https:\/\/www.loicmathieu.fr\/wordpress\/fr\/wp-json\/wp\/v2\/posts"}],"about":[{"href":"https:\/\/www.loicmathieu.fr\/wordpress\/fr\/wp-json\/wp\/v2\/types\/post"}],"author":[{"embeddable":true,"href":"https:\/\/www.loicmathieu.fr\/wordpress\/fr\/wp-json\/wp\/v2\/users\/1"}],"replies":[{"embeddable":true,"href":"https:\/\/www.loicmathieu.fr\/wordpress\/fr\/wp-json\/wp\/v2\/comments?post=96"}],"version-history":[{"count":0,"href":"https:\/\/www.loicmathieu.fr\/wordpress\/fr\/wp-json\/wp\/v2\/posts\/96\/revisions"}],"wp:attachment":[{"href":"https:\/\/www.loicmathieu.fr\/wordpress\/fr\/wp-json\/wp\/v2\/media?parent=96"}],"wp:term":[{"taxonomy":"category","embeddable":true,"href":"https:\/\/www.loicmathieu.fr\/wordpress\/fr\/wp-json\/wp\/v2\/categories?post=96"},{"taxonomy":"post_tag","embeddable":true,"href":"https:\/\/www.loicmathieu.fr\/wordpress\/fr\/wp-json\/wp\/v2\/tags?post=96"}],"curies":[{"name":"wp","href":"https:\/\/api.w.org\/{rel}","templated":true}]}}