{"id":966,"date":"2019-09-03T11:14:55","date_gmt":"2019-09-03T09:14:55","guid":{"rendered":"http:\/\/www.loicmathieu.fr\/wordpress\/?p=966"},"modified":"2019-09-03T15:38:50","modified_gmt":"2019-09-03T13:38:50","slug":"1-an-chez-zenika","status":"publish","type":"post","link":"https:\/\/www.loicmathieu.fr\/wordpress\/fr\/informatique\/1-an-chez-zenika\/","title":{"rendered":"1 an chez Zenika"},"content":{"rendered":"<p>Aujourd&rsquo;hui est un jour sp\u00e9cial, cela fait un an que je suis arriv\u00e9 chez Zenika, apr\u00e8s 9 ans en tant qu&rsquo;architecte logiciel dans la DSI d&rsquo;un grand groupe de retail.<\/p>\n<p>Et apr\u00e8s un an, quel est donc le bilan ?<\/p>\n<p>Tout d&rsquo;abord, Zenika m&rsquo;a surpris. Lors des \u00e9changes que j&rsquo;ai eus avec ses consultants, ses recruteurs et le directeur de l&rsquo;agence lilloise, ils m&rsquo;ont parl\u00e9 de la diff\u00e9rence de Zenika avec les autres SSI: transparence, bienveillance, le consultant au centre de l&rsquo;entreprise (le consultant d&rsquo;abord !), &#8230; Et j&rsquo;en suis arriv\u00e9 \u00e0 une conclusion : pas mal de soci\u00e9t\u00e9 disent la m\u00eame chose &#8230; Zenika le fait !<\/p>\n<p>Pour une fois, une soci\u00e9t\u00e9 pr\u00f4nait la transparence et la mettais r\u00e9ellement en pratique, c&rsquo;est la premi\u00e8re fois dans ma d\u00e9j\u00e0 assez longue carri\u00e8re dans l&rsquo;informatique que je voyais \u00e7a (transparence sur la vie de la soci\u00e9t\u00e9, sur les salaires et les taux journaliers, sur tous les \u00e9l\u00e9ments financier et commerciaux du groupe, &#8230;). Chaque d\u00e9cision est expliqu\u00e9e de mani\u00e8re transparente et \u00e7a change beaucoup de chose.<\/p>\n<p>J&rsquo;ai rejoint Zenika pour rejoindre une communaut\u00e9 d&rsquo;expert, pouvoir continuer \u00e0 apprendre de nouvelles choses et \u00e9changer avec des gens \u00ab\u00a0qui en connaissent plus que moi\u00a0\u00bb et pouvoir d\u00e9velopper de l&rsquo;expertise et de la formation. Et j&rsquo;ai eu tous \u00e7a ;). Une communaut\u00e9 d&rsquo;expert et passionn\u00e9, des gens de qui apprendre. De plus j&rsquo;ai pu d\u00e8s le d\u00e9but donner des formations ce qui \u00e9t\u00e9 pour moi quelque chose d&rsquo;important.<\/p>\n<p>Chez Zenika, en plus des missions et des formations, on a la possibilit\u00e9 de faire pleins de trucs, entre autre gr\u00e2ce \u00e0 la possibilit\u00e9 de prendre des JAZ (Journ\u00e9e d&rsquo;Activit\u00e9 Zenika) pour pr\u00e9parer une conf\u00e9rence, une formation, une certification, participer \u00e0 l&rsquo;open source ou autre &#8230;<\/p>\n<p>En un an, voici ce que j&rsquo;ai pu accomplir :<\/p>\n<ul><li>2 missions d&rsquo;architecte logiciel (Java, Cloud, Kubernetes)<\/li>\n\n<li>4 formations donn\u00e9es sur 3 sujets distincts (Kubernetes, Elastic Stack, RESTful webservices)<\/li>\n\n<li>Un talk au ChtiJUG (de Java 8 \u00e0 Java 11)<\/li>\n\n<li>Deux talks \u00e0 Devoxx France (<a href=\"https:\/\/www.youtube.com\/watch?v=e8CMlsMvIrc&amp;list=PLbf9DSLhCPwTw_4IUA2Hne6nzGwInybBm&amp;index=4&amp;t=0s\">Arthas &#8211; Alibaba Java Diagnistic Tool<\/a> et <a href=\"https:\/\/www.youtube.com\/watch?v=fSCT2Jv4mDU&amp;list=PLbf9DSLhCPwTw_4IUA2Hne6nzGwInybBm&amp;index=5\">Mes premiers pas en deeplearning avec Keras<\/a>)<\/li>\n\n<li>Plusieurs BBL (Kafka, Java GC)<\/li>\n\n<li><strong>Code-moi un mouton<\/strong> : 3 ateliers d&rsquo;acculturation au code organis\u00e9 avec un coll\u00e8gue dans une classe de CE2 d&rsquo;une \u00e9cole de Roubaix<\/li>\n\n<li>Plusieurs miniconf donn\u00e9es le midi chez Zenika entre coll\u00e8gues (autour de la performance principalement)<\/li>\n\n<li>R\u00e9dactions de plusieurs articles sur le bog de Zenika (Java, Quarkus, &#8230;)<\/li>\n\n<li>R\u00e9daction d&rsquo;un article pour la revue Programmez de Septembre : <a href=\"https:\/\/www.programmez.com\/magazine\/article\/zoom-sur-quarkus\">Zoom sur Quarkus<\/a><\/li>\n\n<li>Ecriture d&rsquo;une formation sur la performance en Java (pas encore disponible)<\/li>\n\n<li>Participation substantielle \u00e0 la communaut\u00e9 OpenSource; entre autre sur Quarkus pour lequel je pr\u00e9pare ma deuxi\u00e8me extension en ce moment :) (dans le top 20 des contributeurs au jour d&rsquo;\u00e9criture de l&rsquo;article)<\/li>\n\n<li>Participation au recrutement des futurs collaborateurs<\/li>\n<\/ul>\n<p>J&rsquo;ai aussi pu assister \u00e0 :<\/p>\n<ul><li>2 conf\u00e9rences : le Devfest Lille et Devoxx France<\/li>\n\n<li>Deux conf\u00e9rences interne Zenika : les TechnoZaure (la prochaine est dans quelques semaines)<\/li>\n\n<li>Une formation sur Kafka<\/li>\n\n<li>Plusieurs miniconf donn\u00e9 par des coll\u00e8gues, le midi chez Zenika, sur plein de sujets (un grand merci \u00e0 eux :) )<\/li>\n<\/ul>\n<p>Et voici ce qui est d\u00e9j\u00e0 pr\u00e9vu pour la fin de l&rsquo;ann\u00e9e :<\/p>\n<ul><li>Animer une nouvelle session de la formation Kubernetes<\/li>\n\n<li>Animer une session de la formation Clean Code<\/li>\n\n<li>Organiser une Nightclass sur Quarkus<\/li>\n\n<li>Un nouvel article prochainement publi\u00e9 dans la revue Programmez (Arthas)<\/li>\n\n<li>Un talk pour le Devfest Nantes (D\u00e9velopper une application cloud ready avec Quarkus)<\/li>\n\n<li>Deux talks pour Devoxx Belgium (les m\u00eames que ceux que j&rsquo;ai donn\u00e9 \u00e0 Devoxx France, mais en anglais !)<\/li>\n\n<li>Une mission d&rsquo;expertise autour des probl\u00e9matiques cloud<\/li>\n\n<li>Le passage de la certification GCP Cloud architect (j&rsquo;ai commenc\u00e9 la pr\u00e9paration mais pas encore eu le temps de la passer)<\/li>\n\n<li>Une nouvelle saison de Code moi un mouton<\/li>\n<\/ul>\n<p>Et petite pr\u00e9cision, tout \u00e7a quasiment sans temps pris sur ma vie priv\u00e9e (je ne touche jamais un ordinateur le week-end et rarement le soir en rentrant du taff) ! J&rsquo;ai pu profiter de JAZ et d&rsquo;une p\u00e9riode d&rsquo;inter-contrat entre mes deux missions pour avoir le temps de faire tout \u00e7a :).<\/p>\n<p>Pour conclure, en un an, en plus d&rsquo;avoir rejoint une soci\u00e9t\u00e9 qui me correspond et dans laquelle je m&rsquo;\u00e9panoui, j&rsquo;ai pu apprendre plein de choses gr\u00e2ce \u00e0 mes super coll\u00e8gues et r\u00e9aliser plein de chose tr\u00e8s diff\u00e9rentes. C&rsquo;est ce qui me convient, \u00e7a ne conviendrait pas \u00e0 tous le monde mais c&rsquo;est ce que je voulais en rejoignant Zenika.<\/p>\n<p>Retour un an en arri\u00e8re, je ne pensais pas accomplir tout cela en un an, et \u00e0 voir ce que j&rsquo;ai encore devant moi je ne peux qu&rsquo;\u00eatre enthousiaste !<\/p>\n<p>Pour conclure, j&rsquo;ai quitt\u00e9 mon ancien poste d&rsquo;architecte logicielle suite \u00e0 une rupture conventionnelle \u00ab\u00a0\u00e0 la d\u00e9cision de l&#8217;employeur\u00a0\u00bb, ce fut bien sur une remise en question, et un moment pas tr\u00e8s dr\u00f4le. Mais un an apr\u00e8s je ne peux dire qu&rsquo;une chose : <strong>\u00ab\u00a0Merci boss de m&rsquo;avoir vir\u00e9 !\u00a0\u00bb<\/strong>. J&rsquo;h\u00e9sitais depuis quelque temps \u00e0 quitter mon poste et rejoindre une soci\u00e9t\u00e9 telle que Zenika, maintenant c&rsquo;est fait !<\/p>\n<p>Ceci est bien s\u00fbr mon \u00e9volution personnelle, mais \u00e0 ceux qui ne se plaisent plus trop dans leur Job, n&rsquo;h\u00e9sitez pas \u00e0 vous remettre en question, il existe des SSI o\u00f9 il faut bon travailler et qui vous permettent d&rsquo;accomplir plein de chose (si vous le d\u00e9sirez), Zenika est l&rsquo;une d&rsquo;entre elle (n&rsquo;h\u00e9sitez pas \u00e0 me contacter pour en parler) !<\/p>","protected":false},"excerpt":{"rendered":"<p>Aujourd&rsquo;hui est un jour sp\u00e9cial, cela fait un an que je suis arriv\u00e9 chez Zenika, apr\u00e8s 9 ans en tant qu&rsquo;architecte logiciel dans la DSI d&rsquo;un grand groupe de retail. Et apr\u00e8s un an, quel est donc le bilan ? Tout d&rsquo;abord, Zenika m&rsquo;a surpris. Lors des \u00e9changes que j&rsquo;ai eus avec ses consultants, ses recruteurs et le directeur de l&rsquo;agence lilloise, ils m&rsquo;ont parl\u00e9 de la diff\u00e9rence de Zenika avec les autres SSI: transparence, bienveillance, le consultant au centre&#8230;<p class=\"read-more\"><a class=\"btn btn-default\" href=\"https:\/\/www.loicmathieu.fr\/wordpress\/fr\/informatique\/1-an-chez-zenika\/\">Lire la suite<span class=\"screen-reader-text\"> Lire la suite<\/span><\/a><\/p><\/p>","protected":false},"author":1,"featured_media":0,"comment_status":"open","ping_status":"open","sticky":false,"template":"","format":"standard","meta":{"jetpack_post_was_ever_published":false,"_jetpack_newsletter_access":"","_jetpack_dont_email_post_to_subs":false,"_jetpack_newsletter_tier_id":0,"_jetpack_memberships_contains_paywalled_content":false,"_jetpack_memberships_contains_paid_content":false,"activitypub_content_warning":"","activitypub_content_visibility":"","activitypub_max_image_attachments":4,"activitypub_interaction_policy_quote":"anyone","activitypub_status":"","footnotes":"","jetpack_publicize_message":"","jetpack_publicize_feature_enabled":true,"jetpack_social_post_already_shared":true,"jetpack_social_options":{"image_generator_settings":{"template":"highway","default_image_id":0,"font":"","enabled":false},"version":2}},"categories":[9],"tags":[],"class_list":["post-966","post","type-post","status-publish","format-standard","hentry","category-informatique"],"aioseo_notices":[],"jetpack_publicize_connections":[],"jetpack_featured_media_url":"","jetpack_sharing_enabled":true,"jetpack_likes_enabled":true,"jetpack-related-posts":[{"id":1606,"url":"https:\/\/www.loicmathieu.fr\/wordpress\/fr\/informatique\/au-revoir-zenika-bonjour-kestra\/","url_meta":{"origin":966,"position":0},"title":"Au revoir Zenika, bonjour Kestra","author":"admin","date":"mardi 10 janvier 2023","format":false,"excerpt":"Apr\u00e8s 4 ans, 4 mois et 4 jours (ou presque), je quitte Zenika. Ces 4 ann\u00e9es et quelques auront \u00e9t\u00e9 parmi les plus passionnantes de ma vie professionnelle. Je suis triste de quitter cette super soci\u00e9t\u00e9 dans laquelle j'ai pu m'\u00e9panouir, grandir et apprendre plein de choses. Je suis s\u00fbr\u2026","rel":"","context":"Dans &quot;informatique&quot;","block_context":{"text":"informatique","link":"https:\/\/www.loicmathieu.fr\/wordpress\/fr\/category\/informatique\/"},"img":{"alt_text":"","src":"","width":0,"height":0},"classes":[]},{"id":1138,"url":"https:\/\/www.loicmathieu.fr\/wordpress\/fr\/informatique\/ma-deuxieme-annee-chez-zenika\/","url_meta":{"origin":966,"position":1},"title":"Ma deuxi\u00e8me ann\u00e9e chez Zenika","author":"admin","date":"jeudi  3 septembre 2020","format":false,"excerpt":"Aujourd\u2019hui est un jour sp\u00e9cial, cela fait deux ans que je suis arriv\u00e9 chez Zenika, apr\u00e8s 9 ans en tant qu\u2019architecte logiciel dans la DSI d\u2019un grand groupe de retail. L'ann\u00e9e derni\u00e8re j'avais fait le bilan de ma premi\u00e8re ann\u00e9e pass\u00e9e : 1 an chez Zenika. Et un an apr\u00e8s,\u2026","rel":"","context":"Dans &quot;informatique&quot;","block_context":{"text":"informatique","link":"https:\/\/www.loicmathieu.fr\/wordpress\/fr\/category\/informatique\/"},"img":{"alt_text":"","src":"","width":0,"height":0},"classes":[]},{"id":1508,"url":"https:\/\/www.loicmathieu.fr\/wordpress\/fr\/informatique\/4-ans-chez-zenika\/","url_meta":{"origin":966,"position":2},"title":"4 ans chez Zenika","author":"admin","date":"mardi  6 septembre 2022","format":false,"excerpt":"Avec quelques jours de retard, la date anniversaire \u00e9tant le 3 septembre, voici le bilan de ma quatri\u00e8me ann\u00e9e chez Zenika. Pour ceux qui seraient int\u00e9ress\u00e9 par ce que j\u2019avais fait l\u2019ann\u00e9e pr\u00e9c\u00e9dente, c\u2019est ici : Ma troisi\u00e8me ann\u00e9e chez Zenika. Quelques chiffres : 11 articles sur mon blog perso,\u2026","rel":"","context":"Dans &quot;informatique&quot;","block_context":{"text":"informatique","link":"https:\/\/www.loicmathieu.fr\/wordpress\/fr\/category\/informatique\/"},"img":{"alt_text":"","src":"","width":0,"height":0},"classes":[]},{"id":1309,"url":"https:\/\/www.loicmathieu.fr\/wordpress\/fr\/informatique\/3-ans-chez-zenika\/","url_meta":{"origin":966,"position":3},"title":"3 ans chez Zenika","author":"admin","date":"mardi  7 septembre 2021","format":false,"excerpt":"Avec un peu de retard, voici le bilan de ma troisi\u00e8me ann\u00e9e chez Zenika. Pour ceux qui seraient int\u00e9ress\u00e9 par ce que j'avais fait l'ann\u00e9e pr\u00e9c\u00e9dente, c'est ici : Ma deuxi\u00e8me ann\u00e9e chez Zenika. Quelques chiffres : 7 articles sur mon blog perso, 2 dans le magazine Programmez et 2\u2026","rel":"","context":"Dans &quot;informatique&quot;","block_context":{"text":"informatique","link":"https:\/\/www.loicmathieu.fr\/wordpress\/fr\/category\/informatique\/"},"img":{"alt_text":"","src":"","width":0,"height":0},"classes":[]},{"id":856,"url":"https:\/\/www.loicmathieu.fr\/wordpress\/fr\/informatique\/java-next\/","url_meta":{"origin":966,"position":4},"title":"Java.Next","author":"admin","date":"mercredi 31 octobre 2018","format":false,"excerpt":"Ma premi\u00e8re contribution au blog de Zenika est un article qui parle du futur (ou du pr\u00e9sent) de Java et des changements pour les d\u00e9veloppeurs dans les versions 9, 10 et 11. La gouvernance de Java y est aussi abord\u00e9. Cet article reprend et r\u00e9sume les articles que j'ai pr\u00e9c\u00e9demment\u2026","rel":"","context":"Dans &quot;informatique&quot;","block_context":{"text":"informatique","link":"https:\/\/www.loicmathieu.fr\/wordpress\/fr\/category\/informatique\/"},"img":{"alt_text":"","src":"","width":0,"height":0},"classes":[]},{"id":1318,"url":"https:\/\/www.loicmathieu.fr\/wordpress\/fr\/informatique\/je-suis-google-developer-expert-gde-sur-les-technologies-google-cloud-platform-gcp\/","url_meta":{"origin":966,"position":5},"title":"Je suis Google Developer Expert (GDE) sur les technologies Google Cloud Platform (GCP)","author":"admin","date":"mercredi  6 octobre 2021","format":false,"excerpt":"J'ai \u00e9t\u00e9 il y a peu reconnu comme Google Developer Expert (GDE) sur les technologies Google Cloud Platform (GCP). Tout d'abord, c'est quoi un GDE ? C'est une personne qui ne travaille pas chez Google, et qui est reconnue pour son activit\u00e9 et son expertise sur une technologie Google. C'est\u2026","rel":"","context":"Dans &quot;informatique&quot;","block_context":{"text":"informatique","link":"https:\/\/www.loicmathieu.fr\/wordpress\/fr\/category\/informatique\/"},"img":{"alt_text":"","src":"https:\/\/i0.wp.com\/loicmathieu.fr\/wordpress\/wp-content\/uploads\/Welcome-Animation.gif?resize=350%2C200&ssl=1","width":350,"height":200,"srcset":"https:\/\/i0.wp.com\/loicmathieu.fr\/wordpress\/wp-content\/uploads\/Welcome-Animation.gif?resize=350%2C200&ssl=1 1x, https:\/\/i0.wp.com\/loicmathieu.fr\/wordpress\/wp-content\/uploads\/Welcome-Animation.gif?resize=525%2C300&ssl=1 1.5x, https:\/\/i0.wp.com\/loicmathieu.fr\/wordpress\/wp-content\/uploads\/Welcome-Animation.gif?resize=700%2C400&ssl=1 2x"},"classes":[]}],"_links":{"self":[{"href":"https:\/\/www.loicmathieu.fr\/wordpress\/fr\/wp-json\/wp\/v2\/posts\/966","targetHints":{"allow":["GET"]}}],"collection":[{"href":"https:\/\/www.loicmathieu.fr\/wordpress\/fr\/wp-json\/wp\/v2\/posts"}],"about":[{"href":"https:\/\/www.loicmathieu.fr\/wordpress\/fr\/wp-json\/wp\/v2\/types\/post"}],"author":[{"embeddable":true,"href":"https:\/\/www.loicmathieu.fr\/wordpress\/fr\/wp-json\/wp\/v2\/users\/1"}],"replies":[{"embeddable":true,"href":"https:\/\/www.loicmathieu.fr\/wordpress\/fr\/wp-json\/wp\/v2\/comments?post=966"}],"version-history":[{"count":0,"href":"https:\/\/www.loicmathieu.fr\/wordpress\/fr\/wp-json\/wp\/v2\/posts\/966\/revisions"}],"wp:attachment":[{"href":"https:\/\/www.loicmathieu.fr\/wordpress\/fr\/wp-json\/wp\/v2\/media?parent=966"}],"wp:term":[{"taxonomy":"category","embeddable":true,"href":"https:\/\/www.loicmathieu.fr\/wordpress\/fr\/wp-json\/wp\/v2\/categories?post=966"},{"taxonomy":"post_tag","embeddable":true,"href":"https:\/\/www.loicmathieu.fr\/wordpress\/fr\/wp-json\/wp\/v2\/tags?post=966"}],"curies":[{"name":"wp","href":"https:\/\/api.w.org\/{rel}","templated":true}]}}