{"id":10,"date":"2006-12-05T11:40:15","date_gmt":"2006-12-05T10:40:15","guid":{"rendered":""},"modified":"2012-09-20T13:32:58","modified_gmt":"2012-09-20T11:32:58","slug":"portee-des-blogs","status":"publish","type":"post","link":"https:\/\/www.loicmathieu.fr\/wordpress\/informatique\/portee-des-blogs\/","title":{"rendered":"Port\u00e9e des blogs"},"content":{"rendered":"<p>Je vient de lire plusieurs articles dans plusieurs journaux au sujet des blogs (petites parenth\u00e8ses ici, comme souvent dans la presse fran\u00e7aise, tout les journaux parlent de la m\u00eame chose en m\u00eame temps, m\u00eame quand ce sont des articles de fond d\u00e9tach\u00e9 de l&#8217;actualit\u00e9 &#8230; bizarre).<\/p>\n<p>Les articles mettait en \u00e9vidence le fait que la France est le pays comprenant le plus de blog au monde par rapport \u00e0 sa population (pr\u00e9s de 3 millions de blog actif estim\u00e9) et parlait de l&#8217;importance des blogs dans la vie fran\u00e7aise. Importance de plus en plus grandissante pour certain, mais en r\u00e9alit\u00e9 inmesurable. Je ne suis pas un bloggeur connue, je ne fr\u00e9quente que tr\u00e8s peu de blog, autour de moi, pareil (\u00e0 part un coll\u00e8gue belge dont le blog re\u00e7oit 500 visites par jours &#8230; ce qui l&#8217;a d\u00e9j\u00e0 propuls\u00e9 plus d&#8217;une foi sur la page d&#8217;accueil de son h\u00e9bergeur de blog).<\/p>\n<p>Je me pose quand m\u00eame la question de la r\u00e9alit\u00e9 de l&#8217;influence des blogs dans la vie des fran\u00e7ais. Certes les blog de personnes ou de d&#8217;institution connue on de l&#8217;influence (mais comme nouveau support, sans l&#8217;existence des blog ce serait leur site web ou leurs article de journaux). On peut aussi parler de micro influence des blog entre personnes qui se connaissent. Mais je ne croit pas r\u00e9ellement que les blog r\u00e9volutionne les comportements et les flux d&#8217;influence de la France (n&#8217;oubliez pas que sur les 60 millions de fran\u00e7ais une grande partie n&#8217;ont pas acc\u00e8s \u00e0 internet).<\/p>\n<p>Une phrase m&#8217;a choqu\u00e9, elle vient de Lo\u00efc Le Meur, consid\u00e9r\u00e9 comme le plus grand bloggueur fran\u00e7ais \u00ab si\nvous ne blogguez pas, vous n\u2019existez pas. Je crois qu\u2019aujourd\u2019hui l\u2019identit\u00e9 en ligne est plus importante que l\u2019identit\u00e9 r\u00e9elle. \u00bb Si il y a trois millions de bog en France, cela veut dire que pour lui, la franc comporte trois millions de personnes (donc il vient d&#8217;en tuer 57 millions) &#8230;sympa.\nJe peut comprendre sans probl\u00e8mes que l&#8217;identit\u00e9 num\u00e9rique de certaine personne peut d\u00e9passer leur identit\u00e9 r\u00e9elle. Mais je ne pense pas que ceci soit une r\u00e9alit\u00e9 (et je trouverait cela d\u00e9solant).<\/p>\n<p>Par contre, je ne peut nier le cot\u00e9 positif au niveau libert\u00e9 d&#8217;expression des blogs, et m\u00eame artistique, certains artiste \u00e9tant d\u00e9couvert gr\u00e2ce \u00e0 leur blog.<\/p>\n<p>Un r\u00e9elle point noir, qui pourrait peser sur la libert\u00e9 d&#8217;expression des blog et leur influence r\u00e9el : la r\u00e9cup\u00e9ration marketing. On voit de plus en plus de marketing viral s&#8217;introduire sur les blog. Bient\u00f4t il sera de plus en plus difficile de d\u00e9cern\u00e9 blog r\u00e9el cr\u00e9e par une individu quelconque voulant donner sont avis sur internet d&#8217;op\u00e9ration marketing (sans parler des op\u00e9ration s\u00e9duction des marques envers les bloggeur qui pourrait remettre en question la libert\u00e9 de ton de beaucoup de blog &#8230;)<\/p>\n<p>Conclusion : la conclusion est difficile. La bloggosphere comme on l&#8217;appel a des effets positif certes, bien que des risques subsistent au niveau de la cr\u00e9dibilit\u00e9 des blogs \u00e0 cause du marketing viral (comment diff\u00e9renci\u00e9 un v\u00e9ritable blog d&#8217;une op\u00e9ration marketing?). Quand \u00e0 dire l&#8217;influence de la bloggosph\u00e9re, sur internet elle est ind\u00e9niable (bien que limit\u00e9 aux bloggeur j&#8217;aurais tendance \u00e0 dire), dans la vie r\u00e9elle, qui il ne faut pas l&#8217;oublier est celle qui r\u00e9git notre monde, je pense qu&#8217;elle est limit\u00e9.<\/p>\n<p>Autres m\u00e9dia ou plus &#8230; l&#8217;avenir nous le dire. Mais n&#8217;oublions pas que tout va tr\u00e8s vite sur Internet, ce qui un jour est \u00e0 la mode, le lendemain peut \u00eatre oubli\u00e9. Notre style de vie va chang\u00e9, change, \u00e0 chang\u00e9 et changera encore &#8230;<\/p>\n<p>Pour finir, je voudrait temp\u00e9r\u00e9 l&#8217;influence des blog en donnant quelques indications sur moi : je connait internet depuis ses tout d\u00e9buts (je surfait d\u00e9j\u00e0 en 1996, j&#8217;ai eu des modem 14400bps!), je suis consultant informatique (je cr\u00e9e des sites web pour des grosses soci\u00e9t\u00e9), je passe pas mal de temps sur internet mais &#8230; je vient de commencer un blog (sans lecteur, pour m&#8217;amuser) et je ne vais quasiment jamais sur les blogs &#8230; profil hors norme?<\/p>","protected":false},"excerpt":{"rendered":"<p>Je vient de lire plusieurs articles dans plusieurs journaux au sujet des blogs (petites parenth\u00e8ses ici, comme souvent dans la presse fran\u00e7aise, tout les journaux parlent de la m\u00eame chose en m\u00eame temps, m\u00eame quand ce sont des articles de fond d\u00e9tach\u00e9 de l&#8217;actualit\u00e9 &#8230; bizarre). Les articles mettait en \u00e9vidence le fait que la France est le pays comprenant le plus de blog au monde par rapport \u00e0 sa population (pr\u00e9s de 3 millions de blog actif estim\u00e9) et&#8230;<p class=\"read-more\"><a class=\"btn btn-default\" href=\"https:\/\/www.loicmathieu.fr\/wordpress\/informatique\/portee-des-blogs\/\"> Read More<span class=\"screen-reader-text\">  Read More<\/span><\/a><\/p><\/p>","protected":false},"author":1,"featured_media":0,"comment_status":"closed","ping_status":"closed","sticky":false,"template":"","format":"standard","meta":{"jetpack_post_was_ever_published":false,"_jetpack_newsletter_access":"","_jetpack_dont_email_post_to_subs":false,"_jetpack_newsletter_tier_id":0,"_jetpack_memberships_contains_paywalled_content":false,"_jetpack_memberships_contains_paid_content":false,"activitypub_content_warning":"","activitypub_content_visibility":"","activitypub_max_image_attachments":4,"activitypub_interaction_policy_quote":"anyone","activitypub_status":"","footnotes":"","jetpack_publicize_message":"","jetpack_publicize_feature_enabled":true,"jetpack_social_post_already_shared":false,"jetpack_social_options":{"image_generator_settings":{"template":"highway","default_image_id":0,"font":"","enabled":false},"version":2}},"categories":[9],"tags":[151],"class_list":["post-10","post","type-post","status-publish","format-standard","hentry","category-informatique","tag-informatique"],"aioseo_notices":[],"jetpack_publicize_connections":[],"jetpack_featured_media_url":"","jetpack_sharing_enabled":true,"jetpack_likes_enabled":true,"jetpack-related-posts":[{"id":966,"url":"https:\/\/www.loicmathieu.fr\/wordpress\/informatique\/1-an-chez-zenika\/","url_meta":{"origin":10,"position":0},"title":"(Fran\u00e7ais) 1 an chez Zenika","author":"admin","date":"Tuesday September  3rd, 2019","format":false,"excerpt":"Sorry, this entry is only available in Fran\u00e7ais.","rel":"","context":"In &quot;informatique&quot;","block_context":{"text":"informatique","link":"https:\/\/www.loicmathieu.fr\/wordpress\/category\/informatique\/"},"img":{"alt_text":"","src":"","width":0,"height":0},"classes":[]},{"id":936,"url":"https:\/\/www.loicmathieu.fr\/wordpress\/informatique\/etre-speaker-a-devoxx-france\/","url_meta":{"origin":10,"position":1},"title":"(Fran\u00e7ais) Etre speaker \u00e0 Devoxx France","author":"admin","date":"Wednesday July 17th, 2019","format":false,"excerpt":"Sorry, this entry is only available in Fran\u00e7ais.","rel":"","context":"In &quot;informatique&quot;","block_context":{"text":"informatique","link":"https:\/\/www.loicmathieu.fr\/wordpress\/category\/informatique\/"},"img":{"alt_text":"","src":"","width":0,"height":0},"classes":[]},{"id":72,"url":"https:\/\/www.loicmathieu.fr\/wordpress\/politique\/mondialisation-positive\/","url_meta":{"origin":10,"position":2},"title":"Mondialisation positive ?","author":"admin","date":"Thursday March 27th, 2008","format":false,"excerpt":"La mondialisation! Quand on entend ce terme, au d\u00e9but, on pense aux d\u00e9localisation ou \u00e0 l'offshore: d\u00e9placer des \u00e9quipes de d\u00e9veloppement informatique par exemple, \u00e0 l'autre bout de la plan\u00e8te (en inde, souvent). Depuis quelques temps, on d\u00e9localisait aussi un peu plus pr\u00eat de nous, en Europe de l'est (offshore\u2026","rel":"","context":"In &quot;informatique&quot;","block_context":{"text":"informatique","link":"https:\/\/www.loicmathieu.fr\/wordpress\/category\/informatique\/"},"img":{"alt_text":"","src":"","width":0,"height":0},"classes":[]},{"id":1138,"url":"https:\/\/www.loicmathieu.fr\/wordpress\/informatique\/ma-deuxieme-annee-chez-zenika\/","url_meta":{"origin":10,"position":3},"title":"(Fran\u00e7ais) Ma deuxi\u00e8me ann\u00e9e chez Zenika","author":"admin","date":"Thursday September  3rd, 2020","format":false,"excerpt":"Sorry, this entry is only available in Fran\u00e7ais.","rel":"","context":"In &quot;informatique&quot;","block_context":{"text":"informatique","link":"https:\/\/www.loicmathieu.fr\/wordpress\/category\/informatique\/"},"img":{"alt_text":"","src":"","width":0,"height":0},"classes":[]},{"id":235,"url":"https:\/\/www.loicmathieu.fr\/wordpress\/informatique\/lequivalent-gratuit-et-le-plus-souvent-open-source-aux-logiciel-que-jutilisait\/","url_meta":{"origin":10,"position":4},"title":"L&#8217;\u00e9quivalent gratuit (et le plus souvent open source) aux logiciel que j&#8217;utilisais","author":"admin","date":"Friday April  3rd, 2009","format":false,"excerpt":"Changeant la plupart des pi\u00e8ces de mon ordinateur, je suis oblig\u00e9 de r\u00e9installer le syst\u00e8me d'exploitation. Je me suis dit, \u00e0 la place de r\u00e9installer mes vieux logiciels habituel (qui sont pour beaucoup, payant), pourquoi ne pas essayer de trouver des \u00e9quivalent gratuit, et m\u00eame open source (l'un ne voulant\u2026","rel":"","context":"In &quot;informatique&quot;","block_context":{"text":"informatique","link":"https:\/\/www.loicmathieu.fr\/wordpress\/category\/informatique\/"},"img":{"alt_text":"","src":"","width":0,"height":0},"classes":[]},{"id":34,"url":"https:\/\/www.loicmathieu.fr\/wordpress\/informatique\/ajax-ou-flex-ou-flash-discussion-sans-fin\/","url_meta":{"origin":10,"position":5},"title":"Ajax ou Flex (ou Flash) : discussion sans fin","author":"admin","date":"Tuesday May 22nd, 2007","format":false,"excerpt":"Web 2.0, Ajax, Flex (ou flash dynamic, cel\u00e0 revient quasiment au m\u00eame), ... quelle techno pour quelle utilisation, laquelle est la plus \u00e0 la mode (la plus 'hype' :-). Difficile de trancher, moi je ne vais pas le faire. J'utilise AJAX, et des coll\u00e8gues on fait un site complet en\u2026","rel":"","context":"In &quot;informatique&quot;","block_context":{"text":"informatique","link":"https:\/\/www.loicmathieu.fr\/wordpress\/category\/informatique\/"},"img":{"alt_text":"","src":"","width":0,"height":0},"classes":[]}],"_links":{"self":[{"href":"https:\/\/www.loicmathieu.fr\/wordpress\/wp-json\/wp\/v2\/posts\/10","targetHints":{"allow":["GET"]}}],"collection":[{"href":"https:\/\/www.loicmathieu.fr\/wordpress\/wp-json\/wp\/v2\/posts"}],"about":[{"href":"https:\/\/www.loicmathieu.fr\/wordpress\/wp-json\/wp\/v2\/types\/post"}],"author":[{"embeddable":true,"href":"https:\/\/www.loicmathieu.fr\/wordpress\/wp-json\/wp\/v2\/users\/1"}],"replies":[{"embeddable":true,"href":"https:\/\/www.loicmathieu.fr\/wordpress\/wp-json\/wp\/v2\/comments?post=10"}],"version-history":[{"count":0,"href":"https:\/\/www.loicmathieu.fr\/wordpress\/wp-json\/wp\/v2\/posts\/10\/revisions"}],"wp:attachment":[{"href":"https:\/\/www.loicmathieu.fr\/wordpress\/wp-json\/wp\/v2\/media?parent=10"}],"wp:term":[{"taxonomy":"category","embeddable":true,"href":"https:\/\/www.loicmathieu.fr\/wordpress\/wp-json\/wp\/v2\/categories?post=10"},{"taxonomy":"post_tag","embeddable":true,"href":"https:\/\/www.loicmathieu.fr\/wordpress\/wp-json\/wp\/v2\/tags?post=10"}],"curies":[{"name":"wp","href":"https:\/\/api.w.org\/{rel}","templated":true}]}}