{"id":13,"date":"2007-01-25T15:29:17","date_gmt":"2007-01-25T14:29:17","guid":{"rendered":""},"modified":"2008-02-02T08:53:43","modified_gmt":"2008-02-02T07:53:43","slug":"campagne-electoral-clownesque","status":"publish","type":"post","link":"https:\/\/www.loicmathieu.fr\/wordpress\/politique\/campagne-electoral-clownesque\/","title":{"rendered":"Campagne \u00e9l\u00e9ctoral clownesque"},"content":{"rendered":"<p>Bonjour,<\/p>\n<p>Ayant un peu de temps aujourd&#8217;hui &#8230; pas beaucoup de boulot &#8230; je m&#8217;ennuie un peut, je vais passer un petit coup de gueule.<\/p>\n<p>La campagne \u00e9lectorale me semble mal partie. Encore une fois, les m\u00e9dias nous font du tout et du n&#8217;importe quoi (surtout du n&#8217;importe quoi d&#8217;ailleurs).\nIls s&#8217;int\u00e9ressent plus<\/p>\n<ul>\n<li>aux relation internationales de S\u00e9go<\/li>\n<li>aux comportements des RG (qui me semblent normale, faire des fiches sur les personnalit\u00e9 &#8216;agitatrice&#8217; en vue, ce qui est leur travail, \u00e0 part qu&#8217;on peut discuter le cot\u00e9 agitateur de greenpeace)<\/li>\n<li>\u00e0 l&#8217;ISF des candidats (l&#8217;article du monde m&#8217;a \u00e9tonn\u00e9 par la petitesse des patrimoines des candidats pour des haut fonctionnaire ayant la cinquantaine, \u00e7a paie pas bien politiques ou alors ils ont cach\u00e9 une partie de leur patrimoine?)<\/li>\n<li>\u00e0 critiquer la mani\u00e8re dont ils traitent l&#8217;information sans pour autant la changer!<\/li>\n<li>\u00e0 donner des sondages insignifiant tout en sachant qu&#8217;ils ne veulent rien dire (et m\u00eame certain en le disant!)<\/li>\n<\/ul>\n<p>En fait les m\u00e9dias ne traitent quasiment jamais des sujet int\u00e9r\u00e9ssant (programmes, projets, &#8230;).\nDe plus, j&#8217;adore la pseudo r\u00e9flexion men\u00e9 dans les m\u00e9dia par les m\u00e9dia sur les m\u00e9dia &#8230; qui ne d\u00e9bouche sur rien, le sensationnel et les projection irr\u00e9elle \u00e9tant toujours pr\u00e9f\u00e9r\u00e9. Et cel\u00e0 m\u00e8ne \u00e0 l&#8217;appesantir sur des sujet qui ne touche personne comme l&#8217;ISF ou les RG &#8230; et ce qui appauvrit \u00e9norm\u00e9ment les informations donn\u00e9es g\u00e9n\u00e9ralement par les m\u00e9dias car, les discussion de coiffeur sur les candidats prennent beaucoup de place et limite les articles habituel sur la France et l&#8217;international.<\/p>\n<p>Pour finir ce coup de gueule, encore une fois, les fran\u00e7ais risquent de bien faire rire le reste du monde avec leurs m\u00e9dias &#8230;<\/p>","protected":false},"excerpt":{"rendered":"<p>Bonjour, Ayant un peu de temps aujourd&#8217;hui &#8230; pas beaucoup de boulot &#8230; je m&#8217;ennuie un peut, je vais passer un petit coup de gueule. La campagne \u00e9lectorale me semble mal partie. Encore une fois, les m\u00e9dias nous font du tout et du n&#8217;importe quoi (surtout du n&#8217;importe quoi d&#8217;ailleurs). Ils s&#8217;int\u00e9ressent plus aux relation internationales de S\u00e9go aux comportements des RG (qui me semblent normale, faire des fiches sur les personnalit\u00e9 &#8216;agitatrice&#8217; en vue, ce qui est leur travail,&#8230;<p class=\"read-more\"><a class=\"btn btn-default\" href=\"https:\/\/www.loicmathieu.fr\/wordpress\/politique\/campagne-electoral-clownesque\/\"> Read More<span class=\"screen-reader-text\">  Read More<\/span><\/a><\/p><\/p>","protected":false},"author":1,"featured_media":0,"comment_status":"open","ping_status":"open","sticky":false,"template":"","format":"standard","meta":{"jetpack_post_was_ever_published":false,"_jetpack_newsletter_access":"","_jetpack_dont_email_post_to_subs":false,"_jetpack_newsletter_tier_id":0,"_jetpack_memberships_contains_paywalled_content":false,"_jetpack_memberships_contains_paid_content":false,"activitypub_content_warning":"","activitypub_content_visibility":"","activitypub_max_image_attachments":4,"activitypub_interaction_policy_quote":"anyone","activitypub_status":"","footnotes":"","jetpack_publicize_message":"","jetpack_publicize_feature_enabled":true,"jetpack_social_post_already_shared":false,"jetpack_social_options":{"image_generator_settings":{"template":"highway","default_image_id":0,"font":"","enabled":false},"version":2}},"categories":[7],"tags":[150],"class_list":["post-13","post","type-post","status-publish","format-standard","hentry","category-politique","tag-politique"],"aioseo_notices":[],"jetpack_publicize_connections":[],"jetpack_featured_media_url":"","jetpack_sharing_enabled":true,"jetpack_likes_enabled":true,"jetpack-related-posts":[{"id":30,"url":"https:\/\/www.loicmathieu.fr\/wordpress\/politique\/debat-politique\/","url_meta":{"origin":13,"position":0},"title":"D\u00e9bat politique","author":"admin","date":"Thursday May  3rd, 2007","format":false,"excerpt":"Hier, j'ai regarder le d\u00e9bat politique entre M.Sakozy et Mme. Royale. C'\u00e9tait sans doute le premier d\u00e9bat que j'ai suivit dans son int\u00e9gralit\u00e9 - ou presque - apr\u00e8s une campagne \u00e9lectorale que j'ai aussi tr\u00e8s suivie. Et ce d\u00e9bat m'a \u00e9nerv\u00e9 : - Mme. Royale s'est cantonn\u00e9e dans son r\u00f4le\u2026","rel":"","context":"In &quot;politique&quot;","block_context":{"text":"politique","link":"https:\/\/www.loicmathieu.fr\/wordpress\/category\/politique\/"},"img":{"alt_text":"","src":"","width":0,"height":0},"classes":[]},{"id":17,"url":"https:\/\/www.loicmathieu.fr\/wordpress\/politique\/la-campagne-electoral-fait-parler\/","url_meta":{"origin":13,"position":1},"title":"La campagne \u00e9l\u00e9ctoral fait parler &#8230;","author":"admin","date":"Friday February  9th, 2007","format":false,"excerpt":"Depuis quelques jour, j'ai tout les jours des discussion acc\u00e8s politique avec des amis \u00e0 propos de la campagne \u00e9lectorale. Bien que d'orientation politiques diff\u00e9rents, on se retrouve sur \u00e9norm\u00e9ment de point, c'est marrant comme, somme toute, les deux principaux partis politiques fran\u00e7ais sont semblable. Une autre r\u00e9flexion \u00e9t\u00e9 la\u2026","rel":"","context":"In &quot;politique&quot;","block_context":{"text":"politique","link":"https:\/\/www.loicmathieu.fr\/wordpress\/category\/politique\/"},"img":{"alt_text":"","src":"","width":0,"height":0},"classes":[]},{"id":31,"url":"https:\/\/www.loicmathieu.fr\/wordpress\/politique\/violences-hurbaine-en-centre-ville-hum\/","url_meta":{"origin":13,"position":2},"title":"Violences urbaine en centre ville &#8230; hum","author":"admin","date":"Tuesday May  8th, 2007","format":false,"excerpt":"Dimanche, j'\u00e9t\u00e9 dans le centre de Lille, tout pr\u00e9s du QG de l'UMP de Lille (qui se situe Rue Solf\u00e9rino, comme le QG de Mme Royale mais \u00e0 Lille, dr\u00f4le de coincidence!). Quelle n'a pas \u00e9t\u00e9 ma surpise de d\u00e9couvrire, en plus d'un attroupement de suporter devant le QG, des\u2026","rel":"","context":"In &quot;politique&quot;","block_context":{"text":"politique","link":"https:\/\/www.loicmathieu.fr\/wordpress\/category\/politique\/"},"img":{"alt_text":"","src":"","width":0,"height":0},"classes":[]},{"id":35,"url":"https:\/\/www.loicmathieu.fr\/wordpress\/politique\/vas-t-il-falloir-revendre-son-appartement\/","url_meta":{"origin":13,"position":3},"title":"Vas-t-il falloir revendre son appartement?","author":"admin","date":"Thursday May 24th, 2007","format":false,"excerpt":"Aujourd'hui, un article du figaro d\u00e9taillait la mesure pour faciliter l'acc\u00e8s \u00e0 la propri\u00e9t\u00e9 :l'article Donc, toutes les personnes ayant sign\u00e9 un acte de vente apr\u00e8s le 06\/05\/2007 pourrons d\u00e9duire de leur revenu imposable 20% des int\u00e9r\u00eat pay\u00e9 dans l'ann\u00e9e. Ayant achet\u00e9 un appartement il y a 6 mois, je\u2026","rel":"","context":"In &quot;politique&quot;","block_context":{"text":"politique","link":"https:\/\/www.loicmathieu.fr\/wordpress\/category\/politique\/"},"img":{"alt_text":"","src":"","width":0,"height":0},"classes":[]},{"id":14,"url":"https:\/\/www.loicmathieu.fr\/wordpress\/politique\/politique-encore-et-sondage\/","url_meta":{"origin":13,"position":4},"title":"Politique encore, et sondage &#8230;","author":"admin","date":"Friday January 26th, 2007","format":false,"excerpt":"Encore un petit post politique d'apr\u00e8s sondage. Selon une d\u00e9p\u00eache du Monde - \u00e0 lire ici -, 59% consid\u00e8rent que leur pouvoir d'achat a baisser depuis un an, pourtant en un an : baisse des imp\u00f4ts - hors imp\u00f4ts locaux qui eux, explosent :( - , croissance sup\u00e9rieur \u00e0 l'inflation,\u2026","rel":"","context":"In &quot;politique&quot;","block_context":{"text":"politique","link":"https:\/\/www.loicmathieu.fr\/wordpress\/category\/politique\/"},"img":{"alt_text":"","src":"","width":0,"height":0},"classes":[]},{"id":72,"url":"https:\/\/www.loicmathieu.fr\/wordpress\/politique\/mondialisation-positive\/","url_meta":{"origin":13,"position":5},"title":"Mondialisation positive ?","author":"admin","date":"Thursday March 27th, 2008","format":false,"excerpt":"La mondialisation! Quand on entend ce terme, au d\u00e9but, on pense aux d\u00e9localisation ou \u00e0 l'offshore: d\u00e9placer des \u00e9quipes de d\u00e9veloppement informatique par exemple, \u00e0 l'autre bout de la plan\u00e8te (en inde, souvent). Depuis quelques temps, on d\u00e9localisait aussi un peu plus pr\u00eat de nous, en Europe de l'est (offshore\u2026","rel":"","context":"In &quot;informatique&quot;","block_context":{"text":"informatique","link":"https:\/\/www.loicmathieu.fr\/wordpress\/category\/informatique\/"},"img":{"alt_text":"","src":"","width":0,"height":0},"classes":[]}],"_links":{"self":[{"href":"https:\/\/www.loicmathieu.fr\/wordpress\/wp-json\/wp\/v2\/posts\/13","targetHints":{"allow":["GET"]}}],"collection":[{"href":"https:\/\/www.loicmathieu.fr\/wordpress\/wp-json\/wp\/v2\/posts"}],"about":[{"href":"https:\/\/www.loicmathieu.fr\/wordpress\/wp-json\/wp\/v2\/types\/post"}],"author":[{"embeddable":true,"href":"https:\/\/www.loicmathieu.fr\/wordpress\/wp-json\/wp\/v2\/users\/1"}],"replies":[{"embeddable":true,"href":"https:\/\/www.loicmathieu.fr\/wordpress\/wp-json\/wp\/v2\/comments?post=13"}],"version-history":[{"count":0,"href":"https:\/\/www.loicmathieu.fr\/wordpress\/wp-json\/wp\/v2\/posts\/13\/revisions"}],"wp:attachment":[{"href":"https:\/\/www.loicmathieu.fr\/wordpress\/wp-json\/wp\/v2\/media?parent=13"}],"wp:term":[{"taxonomy":"category","embeddable":true,"href":"https:\/\/www.loicmathieu.fr\/wordpress\/wp-json\/wp\/v2\/categories?post=13"},{"taxonomy":"post_tag","embeddable":true,"href":"https:\/\/www.loicmathieu.fr\/wordpress\/wp-json\/wp\/v2\/tags?post=13"}],"curies":[{"name":"wp","href":"https:\/\/api.w.org\/{rel}","templated":true}]}}