{"id":14,"date":"2007-01-26T13:05:42","date_gmt":"2007-01-26T12:05:42","guid":{"rendered":""},"modified":"2008-02-02T08:53:28","modified_gmt":"2008-02-02T07:53:28","slug":"politique-encore-et-sondage","status":"publish","type":"post","link":"https:\/\/www.loicmathieu.fr\/wordpress\/politique\/politique-encore-et-sondage\/","title":{"rendered":"Politique encore, et sondage &#8230;"},"content":{"rendered":"<p>Encore un petit post politique d&#8217;apr\u00e8s sondage.\nSelon une d\u00e9p\u00eache du Monde &#8211; <a href=\"http:\/\/www.lemonde.fr\/web\/depeches\/0,14-0,39-29523473@7-37,0.html?xtor=RSS-3208)\">\u00e0 lire ici<\/a> -, 59% consid\u00e8rent que leur pouvoir d&#8217;achat a baisser depuis un an, pourtant en un an : baisse des imp\u00f4ts &#8211; hors imp\u00f4ts locaux qui eux, explosent :( &#8211; , croissance sup\u00e9rieur \u00e0 l&#8217;inflation, bourse performante, taux d&#8217;\u00e9pargne qui augmente, taux d&#8217;emprunt qui stagne\/baisse &#8230; Et pourtant, les gens ont toujours l&#8217;impression d&#8217;une perte de pouvoir d&#8217;achat alors : soit on nous ment sur les chiffre, soit les gens sont de super pessimiste (ou un peu des deux, ne soyons pas totalitaire).<\/p>\n<p>Dans la d\u00e9p\u00eache de Monde, on peut voir quelque chose de tr\u00e8s marrant, les r\u00e9sultats d&#8217;un sondages pour savoir qui les fran\u00e7ais voit le mieux pour augmenter le pouvoir d&#8217;achat. Les r\u00e9sultats dans l&#8217;ordre : Nicolas Sarkozy( 36%), S\u00e9gol\u00e8ne Royal (28%), Fran\u00e7ois Bayrou (10%), Olivier Besancenot (7%), Jean-Marie Le Pen (5%), Marie-George Buffet (4%), Arlette Laguiller (3%), Philippe de Villiers (2%) et Dominique Voynet (1%) .<\/p>\n<p>Constats :<\/p>\n<ul>\n<li>Les r\u00e9sultats sont proches de ceux des intentions de votes<\/li>\n<li>Mais que fait la gauche qui normalement est sens\u00e9e repr\u00e9senter le peuple et qui aurait d\u00fbt \u00eatre la mieux \u00e0 m\u00eame de repr\u00e9senter la lutte pour le pouvoir d&#8217;achat (surtout l&#8217;extr\u00eame gauche)<\/li>\n<li>Le fait que les r\u00e9sultat refl\u00e8te plus une intention de vote qu&#8217;une r\u00e9elle croyance dans un candidat pour faire baisser le pouvoir d&#8217;achat montre, \u00e0 mes yeux, que personne ne croit r\u00e9ellement en ce qu&#8217;un candidat y r\u00e9ussira.<\/li>\n<\/ul>\n<p>Bon Courage amis lecteurs.<\/p>","protected":false},"excerpt":{"rendered":"<p>Encore un petit post politique d&#8217;apr\u00e8s sondage. Selon une d\u00e9p\u00eache du Monde &#8211; \u00e0 lire ici -, 59% consid\u00e8rent que leur pouvoir d&#8217;achat a baisser depuis un an, pourtant en un an : baisse des imp\u00f4ts &#8211; hors imp\u00f4ts locaux qui eux, explosent \ud83d\ude41 &#8211; , croissance sup\u00e9rieur \u00e0 l&#8217;inflation, bourse performante, taux d&#8217;\u00e9pargne qui augmente, taux d&#8217;emprunt qui stagne\/baisse &#8230; Et pourtant, les gens ont toujours l&#8217;impression d&#8217;une perte de pouvoir d&#8217;achat alors : soit on nous ment sur&#8230;<p class=\"read-more\"><a class=\"btn btn-default\" href=\"https:\/\/www.loicmathieu.fr\/wordpress\/politique\/politique-encore-et-sondage\/\"> Read More<span class=\"screen-reader-text\">  Read More<\/span><\/a><\/p><\/p>","protected":false},"author":1,"featured_media":0,"comment_status":"open","ping_status":"open","sticky":false,"template":"","format":"standard","meta":{"jetpack_post_was_ever_published":false,"_jetpack_newsletter_access":"","_jetpack_dont_email_post_to_subs":false,"_jetpack_newsletter_tier_id":0,"_jetpack_memberships_contains_paywalled_content":false,"_jetpack_memberships_contains_paid_content":false,"activitypub_content_warning":"","activitypub_content_visibility":"","activitypub_max_image_attachments":4,"activitypub_interaction_policy_quote":"anyone","activitypub_status":"","footnotes":"","jetpack_publicize_message":"","jetpack_publicize_feature_enabled":true,"jetpack_social_post_already_shared":false,"jetpack_social_options":{"image_generator_settings":{"template":"highway","default_image_id":0,"font":"","enabled":false},"version":2}},"categories":[7],"tags":[150],"class_list":["post-14","post","type-post","status-publish","format-standard","hentry","category-politique","tag-politique"],"aioseo_notices":[],"jetpack_publicize_connections":[],"jetpack_featured_media_url":"","jetpack_sharing_enabled":true,"jetpack_likes_enabled":true,"jetpack-related-posts":[{"id":13,"url":"https:\/\/www.loicmathieu.fr\/wordpress\/politique\/campagne-electoral-clownesque\/","url_meta":{"origin":14,"position":0},"title":"Campagne \u00e9l\u00e9ctoral clownesque","author":"admin","date":"Thursday January 25th, 2007","format":false,"excerpt":"Bonjour, Ayant un peu de temps aujourd'hui ... pas beaucoup de boulot ... je m'ennuie un peut, je vais passer un petit coup de gueule. La campagne \u00e9lectorale me semble mal partie. Encore une fois, les m\u00e9dias nous font du tout et du n'importe quoi (surtout du n'importe quoi d'ailleurs).\u2026","rel":"","context":"In &quot;politique&quot;","block_context":{"text":"politique","link":"https:\/\/www.loicmathieu.fr\/wordpress\/category\/politique\/"},"img":{"alt_text":"","src":"","width":0,"height":0},"classes":[]},{"id":33,"url":"https:\/\/www.loicmathieu.fr\/wordpress\/politique\/representativite-des-sondages\/","url_meta":{"origin":14,"position":1},"title":"Repr\u00e9sentativit\u00e9 des sondages","author":"admin","date":"Monday May 21st, 2007","format":false,"excerpt":"Hello, je vient de lire un article sur la newsletter de l'ADUF (Association des Utilisateurs de Free : http:\/\/www.aduf.org) \u00e0 propos de la repr\u00e9sentativit\u00e9 des sondages. Comme il m'a sembl\u00e9 int\u00e9r\u00e9ssant, je vous en fait un r\u00e9sum\u00e9 ici (surtout que derni\u00e8rement, on a eu pas mal de sondage, il est\u2026","rel":"","context":"In &quot;divers&quot;","block_context":{"text":"divers","link":"https:\/\/www.loicmathieu.fr\/wordpress\/category\/divers\/"},"img":{"alt_text":"","src":"","width":0,"height":0},"classes":[]},{"id":24,"url":"https:\/\/www.loicmathieu.fr\/wordpress\/politique\/la-liberte-dexpression-sur-le-web-en-danger\/","url_meta":{"origin":14,"position":2},"title":"La libert\u00e9 d&#8217;expression sur le web en danger!","author":"admin","date":"Wednesday March 21st, 2007","format":false,"excerpt":"J'ai lut aujourd'hui cette article sur les 'colleurs d'affiches du web' : http:\/\/www.lemonde.fr\/web\/articleinteractif\/0,41-0@2-823448,49-885794,0.html?xtor=RSS-3208 . Cela pose de nombreuses questions sur la qualit\u00e9 des informations trouv\u00e9 sur le web, de telle pratique (manipulation de mail\/login\/IP pour tromper les sondage, bombardement de commentaire sur les blog ou les sites) mettent en doute\u2026","rel":"","context":"In &quot;divers&quot;","block_context":{"text":"divers","link":"https:\/\/www.loicmathieu.fr\/wordpress\/category\/divers\/"},"img":{"alt_text":"","src":"","width":0,"height":0},"classes":[]},{"id":407,"url":"https:\/\/www.loicmathieu.fr\/wordpress\/politique\/age-legale-de-la-retraite-partir-a-63-pour-que-ma-generation-puisse-partir-a-65-et-pas-70\/","url_meta":{"origin":14,"position":3},"title":"Age l\u00e9gale de la retraite : partir \u00e0 63 pour que ma g\u00e9n\u00e9ration puisse partir \u00e0 65 et pas 70","author":"admin","date":"Tuesday May  4th, 2010","format":false,"excerpt":"Bon, \u00e7a faisait longtemps que je n'avais pas parl\u00e9 actualit\u00e9 ... et voila que je recommence :) L'\u00e2ge \u00e9gale de la retraite, on en parle beaucoup et apparemment il n'y a pas de consensus l\u00e0 dessus, mais pourtant il faut se faire une raison, personne n'aime travailler mais pourtant on\u2026","rel":"","context":"In &quot;politique&quot;","block_context":{"text":"politique","link":"https:\/\/www.loicmathieu.fr\/wordpress\/category\/politique\/"},"img":{"alt_text":"","src":"","width":0,"height":0},"classes":[]},{"id":67,"url":"https:\/\/www.loicmathieu.fr\/wordpress\/politique\/le-projet-picidae-lutte-pour-la-liberte-dexpression-partout-dans-le-monde\/","url_meta":{"origin":14,"position":4},"title":"Le projet Picidae : lutte pour la libert\u00e9 d&#8217;expression partout dans le monde","author":"admin","date":"Tuesday February  5th, 2008","format":false,"excerpt":"Aujourd'hui, un article tr\u00e8s int\u00e9r\u00e9ssant sur le site Les Ecrans de lib\u00e9ration : http:\/\/www.ecrans.fr\/Une-image-pour-contourner-la,3288.html R\u00e9sum\u00e9 en quelques mots, c'est un article sur le projet Picidae qui conciste \u00e0 lutter contre la censure dans le monde en donnant la possibilit\u00e9 aux internautes de consulter n'importe quel site web, m\u00eame si il\u2026","rel":"","context":"In &quot;informatique&quot;","block_context":{"text":"informatique","link":"https:\/\/www.loicmathieu.fr\/wordpress\/category\/informatique\/"},"img":{"alt_text":"","src":"","width":0,"height":0},"classes":[]},{"id":37,"url":"https:\/\/www.loicmathieu.fr\/wordpress\/politique\/la-censure-sarkozienne-touche-la-belgique\/","url_meta":{"origin":14,"position":5},"title":"la censure sarkozienne touche la Belgique","author":"admin","date":"Saturday June 16th, 2007","format":false,"excerpt":"Tout le monde en a entendue parler, notre cher pr\u00e9sident 'semblait' saoul au G8. Pour moi aucun probl\u00e8me, comme l'ont dit certain, \u00e7a le rend plus humain, plus proche de nous. Clairement, c'est normal d'\u00eatre 'gaie' apr\u00e9s avoir partager quelques verres, par courtoisie, avec les grands de ce monde. Surtout\u2026","rel":"","context":"In &quot;politique&quot;","block_context":{"text":"politique","link":"https:\/\/www.loicmathieu.fr\/wordpress\/category\/politique\/"},"img":{"alt_text":"","src":"","width":0,"height":0},"classes":[]}],"_links":{"self":[{"href":"https:\/\/www.loicmathieu.fr\/wordpress\/wp-json\/wp\/v2\/posts\/14","targetHints":{"allow":["GET"]}}],"collection":[{"href":"https:\/\/www.loicmathieu.fr\/wordpress\/wp-json\/wp\/v2\/posts"}],"about":[{"href":"https:\/\/www.loicmathieu.fr\/wordpress\/wp-json\/wp\/v2\/types\/post"}],"author":[{"embeddable":true,"href":"https:\/\/www.loicmathieu.fr\/wordpress\/wp-json\/wp\/v2\/users\/1"}],"replies":[{"embeddable":true,"href":"https:\/\/www.loicmathieu.fr\/wordpress\/wp-json\/wp\/v2\/comments?post=14"}],"version-history":[{"count":0,"href":"https:\/\/www.loicmathieu.fr\/wordpress\/wp-json\/wp\/v2\/posts\/14\/revisions"}],"wp:attachment":[{"href":"https:\/\/www.loicmathieu.fr\/wordpress\/wp-json\/wp\/v2\/media?parent=14"}],"wp:term":[{"taxonomy":"category","embeddable":true,"href":"https:\/\/www.loicmathieu.fr\/wordpress\/wp-json\/wp\/v2\/categories?post=14"},{"taxonomy":"post_tag","embeddable":true,"href":"https:\/\/www.loicmathieu.fr\/wordpress\/wp-json\/wp\/v2\/tags?post=14"}],"curies":[{"name":"wp","href":"https:\/\/api.w.org\/{rel}","templated":true}]}}