{"id":23,"date":"2007-03-17T19:18:07","date_gmt":"2007-03-17T18:18:07","guid":{"rendered":""},"modified":"2008-02-02T08:51:10","modified_gmt":"2008-02-02T07:51:10","slug":"peut-on-sortir-maintenant-du-nucleaire","status":"publish","type":"post","link":"https:\/\/www.loicmathieu.fr\/wordpress\/ecologie\/peut-on-sortir-maintenant-du-nucleaire\/","title":{"rendered":"Peut on sortir maintenant du nucl\u00e9aire"},"content":{"rendered":"<img data-recalc-dims=\"1\" decoding=\"async\" src=\"https:\/\/i0.wp.com\/loicmathieu.free.fr\/blogImages\/nucl%E9aire.jpg?w=640\" alt=\"Manif\u00e9station sortir du nucl\u00e9aire, Lille, 17-03-2007\" \/>\n<p>Aujourd&#8217;hui manifestation sortir du nucl\u00e9aire. je suis \u00e9colo dans mon coeur, je limite ma consommation d&#8217;\u00e9nergie, je limite les d\u00e9chets, je fait attention \u00e0 mon environnement, j&#8217;aime la nature, &#8230;<\/p>\n<p>Mais peut on r\u00e9ellement remplacer 85% de notre \u00e9nergie (part du nucl\u00e9aire dans l&#8217;\u00e9lectricit\u00e9 fran\u00e7asie) facilement. Surtout que le nucl\u00e9aire \u00e0 peu d&#8217;impact imm\u00e9diat sur notre environnement, \u00e0 part le probl\u00e8me des d\u00e9chets que nous arriveront bien \u00e0 solutionner un jour, le seul r\u00e9el probl\u00e8me est la dangereusit\u00e9 de la technologie (mais nous, les fran\u00e7ais, sommes \u00e0 la pointe dans ce domaine).<\/p>\n<p>Donc, je le dit et le proclame bien haut, je suis un \u00e9colo pour le nucl\u00e9aire, car c&#8217;est ce que nous avons de mieux pour l&#8217;instant (le moins pire). Mais je pense, bien sure, qu&#8217;il faudra le remplacer un jour, donc je suis bien dure pour les \u00e9nergie alternative, renouvelable, &#8230;<\/p>","protected":false},"excerpt":{"rendered":"<p>Aujourd&#8217;hui manifestation sortir du nucl\u00e9aire. je suis \u00e9colo dans mon coeur, je limite ma consommation d&#8217;\u00e9nergie, je limite les d\u00e9chets, je fait attention \u00e0 mon environnement, j&#8217;aime la nature, &#8230; Mais peut on r\u00e9ellement remplacer 85% de notre \u00e9nergie (part du nucl\u00e9aire dans l&#8217;\u00e9lectricit\u00e9 fran\u00e7asie) facilement. Surtout que le nucl\u00e9aire \u00e0 peu d&#8217;impact imm\u00e9diat sur notre environnement, \u00e0 part le probl\u00e8me des d\u00e9chets que nous arriveront bien \u00e0 solutionner un jour, le seul r\u00e9el probl\u00e8me est la dangereusit\u00e9 de la&#8230;<p class=\"read-more\"><a class=\"btn btn-default\" href=\"https:\/\/www.loicmathieu.fr\/wordpress\/ecologie\/peut-on-sortir-maintenant-du-nucleaire\/\"> Read More<span class=\"screen-reader-text\">  Read More<\/span><\/a><\/p><\/p>","protected":false},"author":1,"featured_media":0,"comment_status":"open","ping_status":"open","sticky":false,"template":"","format":"standard","meta":{"jetpack_post_was_ever_published":false,"_jetpack_newsletter_access":"","_jetpack_dont_email_post_to_subs":false,"_jetpack_newsletter_tier_id":0,"_jetpack_memberships_contains_paywalled_content":false,"_jetpack_memberships_contains_paid_content":false,"activitypub_content_warning":"","activitypub_content_visibility":"","activitypub_max_image_attachments":4,"activitypub_interaction_policy_quote":"anyone","activitypub_status":"","footnotes":"","jetpack_publicize_message":"","jetpack_publicize_feature_enabled":true,"jetpack_social_post_already_shared":false,"jetpack_social_options":{"image_generator_settings":{"template":"highway","default_image_id":0,"font":"","enabled":false},"version":2}},"categories":[10],"tags":[152,150],"class_list":["post-23","post","type-post","status-publish","format-standard","hentry","category-ecologie","tag-ecologie","tag-politique"],"aioseo_notices":[],"jetpack_publicize_connections":[],"jetpack_featured_media_url":"","jetpack_sharing_enabled":true,"jetpack_likes_enabled":true,"jetpack-related-posts":[{"id":383,"url":"https:\/\/www.loicmathieu.fr\/wordpress\/ecologie\/ecologie-taxation-a-la-consommation\/","url_meta":{"origin":23,"position":0},"title":"Ecologie: taxation \u00e0 la consommation","author":"admin","date":"Tuesday December  1st, 2009","format":false,"excerpt":"Une id\u00e9e m'est venue (je ne sais pas si elle est lumineuse) lors de la lecture de cet article sur la d\u00e9croissance: Etes-vous pr\u00eats \u00e0 voter d\u00e9croissant ? Tout d'abord, pour couper court \u00e0 toute pol\u00e9mique, je ne suis pas pour la d\u00e9croissance m\u00eame si je me pose des question\u2026","rel":"","context":"In &quot;\u00e9cologie&quot;","block_context":{"text":"\u00e9cologie","link":"https:\/\/www.loicmathieu.fr\/wordpress\/category\/ecologie\/"},"img":{"alt_text":"","src":"","width":0,"height":0},"classes":[]},{"id":30,"url":"https:\/\/www.loicmathieu.fr\/wordpress\/politique\/debat-politique\/","url_meta":{"origin":23,"position":1},"title":"D\u00e9bat politique","author":"admin","date":"Thursday May  3rd, 2007","format":false,"excerpt":"Hier, j'ai regarder le d\u00e9bat politique entre M.Sakozy et Mme. Royale. C'\u00e9tait sans doute le premier d\u00e9bat que j'ai suivit dans son int\u00e9gralit\u00e9 - ou presque - apr\u00e8s une campagne \u00e9lectorale que j'ai aussi tr\u00e8s suivie. Et ce d\u00e9bat m'a \u00e9nerv\u00e9 : - Mme. Royale s'est cantonn\u00e9e dans son r\u00f4le\u2026","rel":"","context":"In &quot;politique&quot;","block_context":{"text":"politique","link":"https:\/\/www.loicmathieu.fr\/wordpress\/category\/politique\/"},"img":{"alt_text":"","src":"","width":0,"height":0},"classes":[]},{"id":498,"url":"https:\/\/www.loicmathieu.fr\/wordpress\/voyage\/carnet-de-voyage-jordanie-%e2%80%93-partie-3-%e2%80%93-petra\/","url_meta":{"origin":23,"position":2},"title":"Carnet de voyage Jordanie \u2013 partie 3 \u2013 Petra","author":"admin","date":"Friday January 28th, 2011","format":false,"excerpt":"Jour 9 et 10 - La polyclinique de Petra Nous voici enfin \u00e0 Petra, la ville rose. Un des plus beau site de cette partie du monde, class\u00e9e au patrimoine mondiale de l'UNESCO. Nous d\u00e9scendons au Valentine's Hostel, ce n'\u00e9t\u00e9 pas l'h\u00f4tel que nous voulions (il \u00e9t\u00e9 complet), mais un\u2026","rel":"","context":"In &quot;voyage&quot;","block_context":{"text":"voyage","link":"https:\/\/www.loicmathieu.fr\/wordpress\/category\/voyage\/"},"img":{"alt_text":"","src":"https:\/\/i0.wp.com\/loicmathieu.fr\/wordpress\/wp-content\/uploads\/Jordanie-Petra-La-ville-basse-300x225.jpg?resize=350%2C200","width":350,"height":200},"classes":[]},{"id":936,"url":"https:\/\/www.loicmathieu.fr\/wordpress\/informatique\/etre-speaker-a-devoxx-france\/","url_meta":{"origin":23,"position":3},"title":"(Fran\u00e7ais) Etre speaker \u00e0 Devoxx France","author":"admin","date":"Wednesday July 17th, 2019","format":false,"excerpt":"Sorry, this entry is only available in Fran\u00e7ais.","rel":"","context":"In &quot;informatique&quot;","block_context":{"text":"informatique","link":"https:\/\/www.loicmathieu.fr\/wordpress\/category\/informatique\/"},"img":{"alt_text":"","src":"","width":0,"height":0},"classes":[]},{"id":472,"url":"https:\/\/www.loicmathieu.fr\/wordpress\/voyage\/carnet-de-voyage-jordanie-%e2%80%93-partie-2-%e2%80%93-la-descente-vers-le-sud\/","url_meta":{"origin":23,"position":4},"title":"Carnet de voyage Jordanie \u2013 partie 2 \u2013 la descente vers le sud","author":"admin","date":"Monday January 17th, 2011","format":false,"excerpt":"Suite notre voyage, la descente vers le Sud. Je pr\u00e9vient tout de suite le lecteur, \u00e0 partir de l\u00e0, j'\u00e9tais vraiment malade, je vais donc moins rentrer dans les d\u00e9tails ... Jour 5 - Day off Le 5e jour, je ne bouge pas de l'h\u00f4tel, trop malade de ce que\u2026","rel":"","context":"In &quot;voyage&quot;","block_context":{"text":"voyage","link":"https:\/\/www.loicmathieu.fr\/wordpress\/category\/voyage\/"},"img":{"alt_text":"","src":"https:\/\/i0.wp.com\/loicmathieu.fr\/wordpress\/wp-content\/uploads\/Jordanie-La-mer-morte-1-300x225.jpg?resize=350%2C200","width":350,"height":200},"classes":[]},{"id":1508,"url":"https:\/\/www.loicmathieu.fr\/wordpress\/informatique\/4-ans-chez-zenika\/","url_meta":{"origin":23,"position":5},"title":"(Fran\u00e7ais) 4 ans chez Zenika","author":"admin","date":"Tuesday September  6th, 2022","format":false,"excerpt":"Sorry, this entry is only available in Fran\u00e7ais.","rel":"","context":"In &quot;informatique&quot;","block_context":{"text":"informatique","link":"https:\/\/www.loicmathieu.fr\/wordpress\/category\/informatique\/"},"img":{"alt_text":"","src":"","width":0,"height":0},"classes":[]}],"_links":{"self":[{"href":"https:\/\/www.loicmathieu.fr\/wordpress\/wp-json\/wp\/v2\/posts\/23","targetHints":{"allow":["GET"]}}],"collection":[{"href":"https:\/\/www.loicmathieu.fr\/wordpress\/wp-json\/wp\/v2\/posts"}],"about":[{"href":"https:\/\/www.loicmathieu.fr\/wordpress\/wp-json\/wp\/v2\/types\/post"}],"author":[{"embeddable":true,"href":"https:\/\/www.loicmathieu.fr\/wordpress\/wp-json\/wp\/v2\/users\/1"}],"replies":[{"embeddable":true,"href":"https:\/\/www.loicmathieu.fr\/wordpress\/wp-json\/wp\/v2\/comments?post=23"}],"version-history":[{"count":0,"href":"https:\/\/www.loicmathieu.fr\/wordpress\/wp-json\/wp\/v2\/posts\/23\/revisions"}],"wp:attachment":[{"href":"https:\/\/www.loicmathieu.fr\/wordpress\/wp-json\/wp\/v2\/media?parent=23"}],"wp:term":[{"taxonomy":"category","embeddable":true,"href":"https:\/\/www.loicmathieu.fr\/wordpress\/wp-json\/wp\/v2\/categories?post=23"},{"taxonomy":"post_tag","embeddable":true,"href":"https:\/\/www.loicmathieu.fr\/wordpress\/wp-json\/wp\/v2\/tags?post=23"}],"curies":[{"name":"wp","href":"https:\/\/api.w.org\/{rel}","templated":true}]}}