{"id":26,"date":"2007-03-30T10:21:36","date_gmt":"2007-03-30T09:21:36","guid":{"rendered":""},"modified":"2008-02-02T08:50:06","modified_gmt":"2008-02-02T07:50:06","slug":"commerce-equitable-soyont-des-conso-acteur","status":"publish","type":"post","link":"https:\/\/www.loicmathieu.fr\/wordpress\/ecologie\/commerce-equitable-soyont-des-conso-acteur\/","title":{"rendered":"Commerce \u00e9quitable, soyont des \\&#8217;conso-acteur\\&#8217;"},"content":{"rendered":"<p>Je vient juste de lire cette expression \u00e0 propos du commerce \u00e9quitable : &#8216;CONSO-ACTEUR&#8217;. Etre consommateur et acteur pour la solidarit\u00e9. Parce que le commerce \u00e9quitable c&#8217;est \u00e7a : \u00eatre acteur contre la faim, pour le d\u00e9veloppement des pays pauvres. Alors, osez!<\/p>","protected":false},"excerpt":{"rendered":"<p>Je vient juste de lire cette expression \u00e0 propos du commerce \u00e9quitable : &#8216;CONSO-ACTEUR&#8217;. Etre consommateur et acteur pour la solidarit\u00e9. Parce que le commerce \u00e9quitable c&#8217;est \u00e7a : \u00eatre acteur contre la faim, pour le d\u00e9veloppement des pays pauvres. Alors, osez!<\/p>","protected":false},"author":1,"featured_media":0,"comment_status":"open","ping_status":"open","sticky":false,"template":"","format":"standard","meta":{"jetpack_post_was_ever_published":false,"_jetpack_newsletter_access":"","_jetpack_dont_email_post_to_subs":false,"_jetpack_newsletter_tier_id":0,"_jetpack_memberships_contains_paywalled_content":false,"_jetpack_memberships_contains_paid_content":false,"activitypub_content_warning":"","activitypub_content_visibility":"","activitypub_max_image_attachments":4,"activitypub_interaction_policy_quote":"anyone","activitypub_status":"","footnotes":"","jetpack_publicize_message":"","jetpack_publicize_feature_enabled":true,"jetpack_social_post_already_shared":false,"jetpack_social_options":{"image_generator_settings":{"template":"highway","default_image_id":0,"font":"","enabled":false},"version":2}},"categories":[10],"tags":[22],"class_list":["post-26","post","type-post","status-publish","format-standard","hentry","category-ecologie","tag-equitable"],"aioseo_notices":[],"jetpack_publicize_connections":[],"jetpack_featured_media_url":"","jetpack_sharing_enabled":true,"jetpack_likes_enabled":true,"jetpack-related-posts":[{"id":41,"url":"https:\/\/www.loicmathieu.fr\/wordpress\/ecologie\/cafe-lobodis-en-dosette-un-label-equitable-usurpe\/","url_meta":{"origin":26,"position":0},"title":"Caf\u00e9 LOBODIS en dosette &#8211; un label \u00e9quitable usurp\u00e9","author":"admin","date":"Friday July 13th, 2007","format":false,"excerpt":"Bonjour, Un coup de geule aujourd'hui. J'ai il ya peu achet\u00e9 du caf\u00e9 LOBODIS en dosette, au label Max Havelaar du commerce \u00e9quitable. Quelle a \u00e9t\u00e9 ma surpise de constater que CHAQUE DOSETTE \u00e9t\u00e9 emball\u00e9e individuellement dans un sachet plastique\/m\u00e9tal de conservation! C'est la premi\u00e8re fois que je voit autant\u2026","rel":"","context":"In &quot;\u00e9cologie&quot;","block_context":{"text":"\u00e9cologie","link":"https:\/\/www.loicmathieu.fr\/wordpress\/category\/ecologie\/"},"img":{"alt_text":"","src":"","width":0,"height":0},"classes":[]},{"id":1674,"url":"https:\/\/www.loicmathieu.fr\/wordpress\/informatique\/devoxx-fr-2023-foundation-db-le-secret-le-mieux-garde-des-nouvelles-architectures-distribuees-par-pierre-zemb-et-steven-le-roux\/","url_meta":{"origin":26,"position":1},"title":"(Fran\u00e7ais) Devoxx FR 2023 &#8211; FoundationDB : le secret le mieux gard\u00e9 des nouvelles architectures distribu\u00e9es ! par Pierre Zemb et Steven Le Roux","author":"admin","date":"Monday April 17th, 2023","format":false,"excerpt":"Sorry, this entry is only available in Fran\u00e7ais.","rel":"","context":"In &quot;informatique&quot;","block_context":{"text":"informatique","link":"https:\/\/www.loicmathieu.fr\/wordpress\/category\/informatique\/"},"img":{"alt_text":"","src":"","width":0,"height":0},"classes":[]},{"id":388,"url":"https:\/\/www.loicmathieu.fr\/wordpress\/ecologie\/reflexion-sur-la-conference-de-copenhague\/","url_meta":{"origin":26,"position":2},"title":"R\u00e9flexion sur la conf\u00e9rence de Copenhague:","author":"admin","date":"Monday December 21st, 2009","format":false,"excerpt":"Les pays en voie de d\u00e9veloppement n'ont pas tord, ils ont des diff\u00e9rences de niveau de vie tel que brider leur croissance serais criminel (retour des grandes famines et de l'extr\u00eame pauvret\u00e9 ?) L'Inde et la Chine pourrais quand m\u00eame faire plus d'effort, surtout la chine qui a des r\u00e9serve\u2026","rel":"","context":"In &quot;\u00e9cologie&quot;","block_context":{"text":"\u00e9cologie","link":"https:\/\/www.loicmathieu.fr\/wordpress\/category\/ecologie\/"},"img":{"alt_text":"","src":"","width":0,"height":0},"classes":[]},{"id":141,"url":"https:\/\/www.loicmathieu.fr\/wordpress\/voyage\/carnet-de-voyage-madagascar-ambositra\/","url_meta":{"origin":26,"position":3},"title":"Carnet de voyage &#8211; Madagascar &#8211; Ambositra","author":"admin","date":"Monday November 24th, 2008","format":false,"excerpt":"Ambositra, prononcez Ambush, je ne sais pas pourquoi la prononciation est si diff\u00e9rente et personne n'a pu m'expliquer pourquoi ... Nous nous baladons dans la ville qui est pittoresque, nous trouvons un petit march\u00e9 tr\u00e8s sympa, haut en couleurs, avec de jolis \u00e9tal d'\u00e9pices, de fruit et l\u00e9gumes et de\u2026","rel":"","context":"In &quot;voyage&quot;","block_context":{"text":"voyage","link":"https:\/\/www.loicmathieu.fr\/wordpress\/category\/voyage\/"},"img":{"alt_text":"","src":"https:\/\/i0.wp.com\/www.loicmathieu.fr\/wordpress\/wp-content\/uploads\/madagascar-ambositra-1.jpg?resize=350%2C200","width":350,"height":200},"classes":[]},{"id":936,"url":"https:\/\/www.loicmathieu.fr\/wordpress\/informatique\/etre-speaker-a-devoxx-france\/","url_meta":{"origin":26,"position":4},"title":"(Fran\u00e7ais) Etre speaker \u00e0 Devoxx France","author":"admin","date":"Wednesday July 17th, 2019","format":false,"excerpt":"Sorry, this entry is only available in Fran\u00e7ais.","rel":"","context":"In &quot;informatique&quot;","block_context":{"text":"informatique","link":"https:\/\/www.loicmathieu.fr\/wordpress\/category\/informatique\/"},"img":{"alt_text":"","src":"","width":0,"height":0},"classes":[]},{"id":1544,"url":"https:\/\/www.loicmathieu.fr\/wordpress\/informatique\/java-le-projet-valhalla\/","url_meta":{"origin":26,"position":5},"title":"(Fran\u00e7ais) Java: le projet Valhalla","author":"admin","date":"Tuesday October 18th, 2022","format":false,"excerpt":"Sorry, this entry is only available in Fran\u00e7ais.","rel":"","context":"In &quot;informatique&quot;","block_context":{"text":"informatique","link":"https:\/\/www.loicmathieu.fr\/wordpress\/category\/informatique\/"},"img":{"alt_text":"","src":"https:\/\/i0.wp.com\/loicmathieu.fr\/wordpress\/wp-content\/uploads\/valhalla-01.png?resize=350%2C200&ssl=1","width":350,"height":200,"srcset":"https:\/\/i0.wp.com\/loicmathieu.fr\/wordpress\/wp-content\/uploads\/valhalla-01.png?resize=350%2C200&ssl=1 1x, https:\/\/i0.wp.com\/loicmathieu.fr\/wordpress\/wp-content\/uploads\/valhalla-01.png?resize=525%2C300&ssl=1 1.5x"},"classes":[]}],"_links":{"self":[{"href":"https:\/\/www.loicmathieu.fr\/wordpress\/wp-json\/wp\/v2\/posts\/26","targetHints":{"allow":["GET"]}}],"collection":[{"href":"https:\/\/www.loicmathieu.fr\/wordpress\/wp-json\/wp\/v2\/posts"}],"about":[{"href":"https:\/\/www.loicmathieu.fr\/wordpress\/wp-json\/wp\/v2\/types\/post"}],"author":[{"embeddable":true,"href":"https:\/\/www.loicmathieu.fr\/wordpress\/wp-json\/wp\/v2\/users\/1"}],"replies":[{"embeddable":true,"href":"https:\/\/www.loicmathieu.fr\/wordpress\/wp-json\/wp\/v2\/comments?post=26"}],"version-history":[{"count":0,"href":"https:\/\/www.loicmathieu.fr\/wordpress\/wp-json\/wp\/v2\/posts\/26\/revisions"}],"wp:attachment":[{"href":"https:\/\/www.loicmathieu.fr\/wordpress\/wp-json\/wp\/v2\/media?parent=26"}],"wp:term":[{"taxonomy":"category","embeddable":true,"href":"https:\/\/www.loicmathieu.fr\/wordpress\/wp-json\/wp\/v2\/categories?post=26"},{"taxonomy":"post_tag","embeddable":true,"href":"https:\/\/www.loicmathieu.fr\/wordpress\/wp-json\/wp\/v2\/tags?post=26"}],"curies":[{"name":"wp","href":"https:\/\/api.w.org\/{rel}","templated":true}]}}