{"id":30,"date":"2007-05-03T12:26:25","date_gmt":"2007-05-03T11:26:25","guid":{"rendered":""},"modified":"2008-02-02T08:48:56","modified_gmt":"2008-02-02T07:48:56","slug":"debat-politique","status":"publish","type":"post","link":"https:\/\/www.loicmathieu.fr\/wordpress\/politique\/debat-politique\/","title":{"rendered":"D\u00e9bat politique"},"content":{"rendered":"<p>Hier, j&#8217;ai regarder le d\u00e9bat politique entre M.Sakozy et Mme. Royale. C&#8217;\u00e9tait sans doute le premier d\u00e9bat que j&#8217;ai suivit dans son int\u00e9gralit\u00e9 &#8211; ou presque &#8211; apr\u00e8s une campagne \u00e9lectorale que j&#8217;ai aussi tr\u00e8s suivie.<\/p>\n<p>Et ce d\u00e9bat m&#8217;a \u00e9nerv\u00e9 :<\/p>\n<ul>\n<li>Mme. Royale s&#8217;est cantonn\u00e9e dans son r\u00f4le d&#8217;opposition en haranguant M. Sarkozy et en le consid\u00e9rant de &#8216;candidat sortant&#8217;, ce qu&#8217;il n&#8217;est pas loin d&#8217;\u00eatre, OK.<\/li>\n<li>L&#8217;approximation \u00e9t\u00e9 reine<\/li>\n<li>Rien de tr\u00e8s concret<\/li>\n<li>&#8230;<\/li>\n<\/ul>\n<p>En fait, ce d\u00e9bat m&#8217;a plus brouill\u00e9 qu&#8217;autre chose, avant je savait qui j&#8217;allai voter maintenant je me pose la question.\nCes dirigeant sont affligeant tellement ils me semble \u00e9loign\u00e9 de la r\u00e9alit\u00e9, que dire des chiffres qu&#8217;ils citent sur la part du nucl\u00e9aire en France, aucun des deux n&#8217;est capable de sortir le bon chiffre (pr\u00e9s de 85% aujourd&#8217;hui, m\u00eame moi je le savais), ce qui prouvent d&#8217;ailleurs qu&#8217;apparement soit ils ont l&#8217;\u00e9lectricit\u00e9 gratuite soit ce ne sont pas eux qui payent les factures (le chiffre de la part du nucl\u00e9aire en France est affich\u00e9 sur les factures EDF).<\/p>\n<p>Quoi qu&#8217;il en soit, d\u00e9bat inint\u00e9ressant, candidats inint\u00e9ressant, pr\u00e9sident inint\u00e9ressante?<\/p>","protected":false},"excerpt":{"rendered":"<p>Hier, j&#8217;ai regarder le d\u00e9bat politique entre M.Sakozy et Mme. Royale. C&#8217;\u00e9tait sans doute le premier d\u00e9bat que j&#8217;ai suivit dans son int\u00e9gralit\u00e9 &#8211; ou presque &#8211; apr\u00e8s une campagne \u00e9lectorale que j&#8217;ai aussi tr\u00e8s suivie. Et ce d\u00e9bat m&#8217;a \u00e9nerv\u00e9 : Mme. Royale s&#8217;est cantonn\u00e9e dans son r\u00f4le d&#8217;opposition en haranguant M. Sarkozy et en le consid\u00e9rant de &#8216;candidat sortant&#8217;, ce qu&#8217;il n&#8217;est pas loin d&#8217;\u00eatre, OK. L&#8217;approximation \u00e9t\u00e9 reine Rien de tr\u00e8s concret &#8230; En fait, ce d\u00e9bat&#8230;<p class=\"read-more\"><a class=\"btn btn-default\" href=\"https:\/\/www.loicmathieu.fr\/wordpress\/politique\/debat-politique\/\"> Read More<span class=\"screen-reader-text\">  Read More<\/span><\/a><\/p><\/p>","protected":false},"author":1,"featured_media":0,"comment_status":"open","ping_status":"closed","sticky":false,"template":"","format":"standard","meta":{"jetpack_post_was_ever_published":false,"_jetpack_newsletter_access":"","_jetpack_dont_email_post_to_subs":false,"_jetpack_newsletter_tier_id":0,"_jetpack_memberships_contains_paywalled_content":false,"_jetpack_memberships_contains_paid_content":false,"activitypub_content_warning":"","activitypub_content_visibility":"","activitypub_max_image_attachments":4,"activitypub_interaction_policy_quote":"anyone","activitypub_status":"","footnotes":"","jetpack_publicize_message":"","jetpack_publicize_feature_enabled":true,"jetpack_social_post_already_shared":false,"jetpack_social_options":{"image_generator_settings":{"template":"highway","default_image_id":0,"font":"","enabled":false},"version":2}},"categories":[7],"tags":[150],"class_list":["post-30","post","type-post","status-publish","format-standard","hentry","category-politique","tag-politique"],"aioseo_notices":[],"jetpack_publicize_connections":[],"jetpack_featured_media_url":"","jetpack_sharing_enabled":true,"jetpack_likes_enabled":true,"jetpack-related-posts":[{"id":31,"url":"https:\/\/www.loicmathieu.fr\/wordpress\/politique\/violences-hurbaine-en-centre-ville-hum\/","url_meta":{"origin":30,"position":0},"title":"Violences urbaine en centre ville &#8230; hum","author":"admin","date":"Tuesday May  8th, 2007","format":false,"excerpt":"Dimanche, j'\u00e9t\u00e9 dans le centre de Lille, tout pr\u00e9s du QG de l'UMP de Lille (qui se situe Rue Solf\u00e9rino, comme le QG de Mme Royale mais \u00e0 Lille, dr\u00f4le de coincidence!). Quelle n'a pas \u00e9t\u00e9 ma surpise de d\u00e9couvrire, en plus d'un attroupement de suporter devant le QG, des\u2026","rel":"","context":"In &quot;politique&quot;","block_context":{"text":"politique","link":"https:\/\/www.loicmathieu.fr\/wordpress\/category\/politique\/"},"img":{"alt_text":"","src":"","width":0,"height":0},"classes":[]},{"id":17,"url":"https:\/\/www.loicmathieu.fr\/wordpress\/politique\/la-campagne-electoral-fait-parler\/","url_meta":{"origin":30,"position":1},"title":"La campagne \u00e9l\u00e9ctoral fait parler &#8230;","author":"admin","date":"Friday February  9th, 2007","format":false,"excerpt":"Depuis quelques jour, j'ai tout les jours des discussion acc\u00e8s politique avec des amis \u00e0 propos de la campagne \u00e9lectorale. Bien que d'orientation politiques diff\u00e9rents, on se retrouve sur \u00e9norm\u00e9ment de point, c'est marrant comme, somme toute, les deux principaux partis politiques fran\u00e7ais sont semblable. Une autre r\u00e9flexion \u00e9t\u00e9 la\u2026","rel":"","context":"In &quot;politique&quot;","block_context":{"text":"politique","link":"https:\/\/www.loicmathieu.fr\/wordpress\/category\/politique\/"},"img":{"alt_text":"","src":"","width":0,"height":0},"classes":[]},{"id":24,"url":"https:\/\/www.loicmathieu.fr\/wordpress\/politique\/la-liberte-dexpression-sur-le-web-en-danger\/","url_meta":{"origin":30,"position":2},"title":"La libert\u00e9 d&#8217;expression sur le web en danger!","author":"admin","date":"Wednesday March 21st, 2007","format":false,"excerpt":"J'ai lut aujourd'hui cette article sur les 'colleurs d'affiches du web' : http:\/\/www.lemonde.fr\/web\/articleinteractif\/0,41-0@2-823448,49-885794,0.html?xtor=RSS-3208 . Cela pose de nombreuses questions sur la qualit\u00e9 des informations trouv\u00e9 sur le web, de telle pratique (manipulation de mail\/login\/IP pour tromper les sondage, bombardement de commentaire sur les blog ou les sites) mettent en doute\u2026","rel":"","context":"In &quot;divers&quot;","block_context":{"text":"divers","link":"https:\/\/www.loicmathieu.fr\/wordpress\/category\/divers\/"},"img":{"alt_text":"","src":"","width":0,"height":0},"classes":[]},{"id":13,"url":"https:\/\/www.loicmathieu.fr\/wordpress\/politique\/campagne-electoral-clownesque\/","url_meta":{"origin":30,"position":3},"title":"Campagne \u00e9l\u00e9ctoral clownesque","author":"admin","date":"Thursday January 25th, 2007","format":false,"excerpt":"Bonjour, Ayant un peu de temps aujourd'hui ... pas beaucoup de boulot ... je m'ennuie un peut, je vais passer un petit coup de gueule. La campagne \u00e9lectorale me semble mal partie. Encore une fois, les m\u00e9dias nous font du tout et du n'importe quoi (surtout du n'importe quoi d'ailleurs).\u2026","rel":"","context":"In &quot;politique&quot;","block_context":{"text":"politique","link":"https:\/\/www.loicmathieu.fr\/wordpress\/category\/politique\/"},"img":{"alt_text":"","src":"","width":0,"height":0},"classes":[]},{"id":25,"url":"https:\/\/www.loicmathieu.fr\/wordpress\/politique\/gare-du-nord-respect-civilite-democratie-en-danger\/","url_meta":{"origin":30,"position":4},"title":"Gare du Nord, respect, civilit\u00e9 : d\u00e9mocratie en danger!","author":"admin","date":"Friday March 30th, 2007","format":false,"excerpt":"Un coup de gueule : \u00e0 mon sens, la d\u00e9mocratie est en danger quand on trouve normale de piller, bruler, d\u00e9grader, se battre contre les forces de l'ordre. Alors je le proclame bien haut : NON, il n'est pas normale de prendre le m\u00e9tro sans ticket (m\u00eame si j'avoue le\u2026","rel":"","context":"In &quot;politique&quot;","block_context":{"text":"politique","link":"https:\/\/www.loicmathieu.fr\/wordpress\/category\/politique\/"},"img":{"alt_text":"","src":"","width":0,"height":0},"classes":[]},{"id":61,"url":"https:\/\/www.loicmathieu.fr\/wordpress\/politique\/les-regimes-de-retraites-en-chiffres\/","url_meta":{"origin":30,"position":5},"title":"Les r\u00e9gimes de retraites en chiffres","author":"admin","date":"Thursday November 22nd, 2007","format":false,"excerpt":"Je vient de lire cet article tr\u00e8s int\u00e9r\u00e9ssant sur le monde \u00e0 propos des d\u00e9ficits des diff\u00e9rents r\u00e9gimes de retraite: http:\/\/www.lemonde.fr\/web\/article\/0,1-0@2-823448,36-981104,0.html?xtor=RSS-3208 Il en ressort que: Le r\u00e9gime g\u00e9n\u00e9ral est en d\u00e9ficit de 4,6 milliard d'euros (75% des salari\u00e9 environ, en se basant sur 22% des salari\u00e9s sont des fonctionnaire et\u2026","rel":"","context":"In &quot;politique&quot;","block_context":{"text":"politique","link":"https:\/\/www.loicmathieu.fr\/wordpress\/category\/politique\/"},"img":{"alt_text":"","src":"","width":0,"height":0},"classes":[]}],"_links":{"self":[{"href":"https:\/\/www.loicmathieu.fr\/wordpress\/wp-json\/wp\/v2\/posts\/30","targetHints":{"allow":["GET"]}}],"collection":[{"href":"https:\/\/www.loicmathieu.fr\/wordpress\/wp-json\/wp\/v2\/posts"}],"about":[{"href":"https:\/\/www.loicmathieu.fr\/wordpress\/wp-json\/wp\/v2\/types\/post"}],"author":[{"embeddable":true,"href":"https:\/\/www.loicmathieu.fr\/wordpress\/wp-json\/wp\/v2\/users\/1"}],"replies":[{"embeddable":true,"href":"https:\/\/www.loicmathieu.fr\/wordpress\/wp-json\/wp\/v2\/comments?post=30"}],"version-history":[{"count":0,"href":"https:\/\/www.loicmathieu.fr\/wordpress\/wp-json\/wp\/v2\/posts\/30\/revisions"}],"wp:attachment":[{"href":"https:\/\/www.loicmathieu.fr\/wordpress\/wp-json\/wp\/v2\/media?parent=30"}],"wp:term":[{"taxonomy":"category","embeddable":true,"href":"https:\/\/www.loicmathieu.fr\/wordpress\/wp-json\/wp\/v2\/categories?post=30"},{"taxonomy":"post_tag","embeddable":true,"href":"https:\/\/www.loicmathieu.fr\/wordpress\/wp-json\/wp\/v2\/tags?post=30"}],"curies":[{"name":"wp","href":"https:\/\/api.w.org\/{rel}","templated":true}]}}