{"id":338,"date":"2009-09-01T13:38:44","date_gmt":"2009-09-01T11:38:44","guid":{"rendered":"http:\/\/loicmathieu.free.fr\/wordpress\/?p=338"},"modified":"2009-09-01T13:38:58","modified_gmt":"2009-09-01T11:38:58","slug":"monextel","status":"publish","type":"post","link":"https:\/\/www.loicmathieu.fr\/wordpress\/fr\/ecologie\/monextel\/","title":{"rendered":"MonExTel.com"},"content":{"rendered":"<p>Une initiative \u00e9cologique, sociale et humanitaire qui ne nous coute rien! Voila ce qu&rsquo;est MonExTel.com. Gr\u00e2ce \u00e0 ce site vous pourrez renvoyer gratuitement votre ancien t\u00e9l\u00e9phone et ses diverses accessoire. Si celui-ci fonctionne encore, il sera remis en \u00e9tat et vendu, l&rsquo;argent de sa vente sera vers\u00e9 \u00e0 l&rsquo;association de votre choix (\u00e0 choisir parmi les associations inscrites sur le site). Se votre t\u00e9l\u00e9phone ne fonctionne plus il sera recycl\u00e9 int\u00e9gralement.<\/p>\n<p>Il y a encore que peut d&rsquo;association partenaire et \u00e0 voir les gains de celles-ci, il ne doit pas y avoir eu beaucoup de t\u00e9l\u00e9phonne envoy\u00e9 mais le site est tout nouveau et peut\/pas de pub n&rsquo;a encore \u00e9t\u00e9 fait. Mais un article est paru sur ZDNet alors \u00e7a ne devrait plus tarder :)<\/p>\n<p>Le cot\u00e9 sociale de l\u00a0\u00bbinitiative est que le travail est r\u00e9alis\u00e9 par des handicap\u00e9.<\/p>\n<p>Je trouve l&rsquo;initiative fort int\u00e9ressante, je m&rsquo;en vais de ce pas faire les fond de tiroir et envoyer mes vieux portable l\u00e0 bas.<\/p>\n<p>Allez visiter leur site: <a href=\"http:\/\/www.monextel.com\/\" target=\"_blank\"><a href=\"http:\/\/www.monextel.com\/\">http:\/\/www.monextel.com\/<\/a><\/a><\/p>","protected":false},"excerpt":{"rendered":"<p>Une initiative \u00e9cologique, sociale et humanitaire qui ne nous coute rien! Voila ce qu&rsquo;est MonExTel.com. Gr\u00e2ce \u00e0 ce site vous pourrez renvoyer gratuitement votre ancien t\u00e9l\u00e9phone et ses diverses accessoire. Si celui-ci fonctionne encore, il sera remis en \u00e9tat et vendu, l&rsquo;argent de sa vente sera vers\u00e9 \u00e0 l&rsquo;association de votre choix (\u00e0 choisir parmi les associations inscrites sur le site). Se votre t\u00e9l\u00e9phone ne fonctionne plus il sera recycl\u00e9 int\u00e9gralement. Il y a encore que peut d&rsquo;association partenaire et&#8230;<p class=\"read-more\"><a class=\"btn btn-default\" href=\"https:\/\/www.loicmathieu.fr\/wordpress\/fr\/ecologie\/monextel\/\">Lire la suite<span class=\"screen-reader-text\"> Lire la suite<\/span><\/a><\/p><\/p>","protected":false},"author":1,"featured_media":0,"comment_status":"open","ping_status":"open","sticky":false,"template":"","format":"standard","meta":{"jetpack_post_was_ever_published":false,"_jetpack_newsletter_access":"","_jetpack_dont_email_post_to_subs":false,"_jetpack_newsletter_tier_id":0,"_jetpack_memberships_contains_paywalled_content":false,"_jetpack_memberships_contains_paid_content":false,"activitypub_content_warning":"","activitypub_content_visibility":"","activitypub_max_image_attachments":4,"activitypub_interaction_policy_quote":"anyone","activitypub_status":"","footnotes":"","jetpack_publicize_message":"","jetpack_publicize_feature_enabled":true,"jetpack_social_post_already_shared":false,"jetpack_social_options":{"image_generator_settings":{"template":"highway","default_image_id":0,"font":"","enabled":false},"version":2}},"categories":[10],"tags":[152,106,108,105,107],"class_list":["post-338","post","type-post","status-publish","format-standard","hentry","category-ecologie","tag-ecologie","tag-recyclage","tag-social","tag-telco","tag-telephone"],"aioseo_notices":[],"jetpack_publicize_connections":[],"jetpack_featured_media_url":"","jetpack_sharing_enabled":true,"jetpack_likes_enabled":true,"jetpack-related-posts":[{"id":1258,"url":"https:\/\/www.loicmathieu.fr\/wordpress\/fr\/informatique\/profiler-une-application-java-dans-un-conteneur-deploye-dans-kubernetes-avec-jfr-java-flight-recorder\/","url_meta":{"origin":338,"position":0},"title":"Profiler une application Java dans un conteneur d\u00e9ploy\u00e9 dans kubernetes avec JFR &#8211; Java Flight Recorder","author":"admin","date":"lundi 12 avril 2021","format":false,"excerpt":"La plupart des clients chez lesquels j'interviens aujourd'hui utilisent Kubernetes pour d\u00e9ployer leurs applications. Bien que Kubernetes soit un super outil, si on a besoin de ce type d'outil (qui est une discussion dans laquelle je ne rentrerais pas ici), il peut apporter une certaine complexit\u00e9 quant aux moyens de\u2026","rel":"","context":"Dans &quot;informatique&quot;","block_context":{"text":"informatique","link":"https:\/\/www.loicmathieu.fr\/wordpress\/fr\/category\/informatique\/"},"img":{"alt_text":"","src":"","width":0,"height":0},"classes":[]},{"id":582,"url":"https:\/\/www.loicmathieu.fr\/wordpress\/fr\/informatique\/la-haute-dispo-et-le-driver-oracle-jdbc\/","url_meta":{"origin":338,"position":1},"title":"La Haute Dispo et le driver Oracle JDBC","author":"admin","date":"lundi  5 d\u00e9cembre 2016","format":false,"excerpt":"Voici une fonctionalit\u00e9 tr\u00e8s puissante et souvent mal connue du driver Oracle : son support puissant des URL de connexions. Classiquement, quand on veut de la haute disponibilti\u00e9 en Oracle, on utilise deux technologies : Oracle RAC (Real Application Clusters) : clustering actif\/actif Oracle Dataguard : clustering actif\/passif avec possibilti\u00e9\u2026","rel":"","context":"Dans &quot;informatique&quot;","block_context":{"text":"informatique","link":"https:\/\/www.loicmathieu.fr\/wordpress\/fr\/category\/informatique\/"},"img":{"alt_text":"","src":"","width":0,"height":0},"classes":[]},{"id":936,"url":"https:\/\/www.loicmathieu.fr\/wordpress\/fr\/informatique\/etre-speaker-a-devoxx-france\/","url_meta":{"origin":338,"position":2},"title":"Etre speaker \u00e0 Devoxx France","author":"admin","date":"mercredi 17 juillet 2019","format":false,"excerpt":"J'ai eu la chance de donner deux talks \u00e0 Devoxx France cette ann\u00e9e (2019). Voici un petit retour d'exp\u00e9rience sur comment j'en suis arriv\u00e9 l\u00e0, et comment s'est pass\u00e9 cette exp\u00e9rience. \u00c9tape 1 : les CFPs Lorsque la saison des CFPs arrive, comme chaque ann\u00e9e, reviens le questionnement \"Est-ce que\u2026","rel":"","context":"Dans &quot;informatique&quot;","block_context":{"text":"informatique","link":"https:\/\/www.loicmathieu.fr\/wordpress\/fr\/category\/informatique\/"},"img":{"alt_text":"","src":"","width":0,"height":0},"classes":[]},{"id":604,"url":"https:\/\/www.loicmathieu.fr\/wordpress\/fr\/informatique\/kerberos-authentification-avec-springsecurity\/","url_meta":{"origin":338,"position":3},"title":"Authentification Kerberos avec SpringSecurity","author":"admin","date":"jeudi 17 ao\u00fbt 2017","format":false,"excerpt":"Introduction J'ai r\u00e9cemment impl\u00e9ment\u00e9 une authentification (automatique) avec Kerberos. Ce protocole permet d'authentifier automatiquement un utilisateur depuis sa session utilisateur (session windows par exemple). Via Kerberos, on authentifie donc un utilisateur sans lui demander son mot de passe ce qui est un plus (il n'a pas \u00e0 se re-logguer :\u2026","rel":"","context":"Dans &quot;informatique&quot;","block_context":{"text":"informatique","link":"https:\/\/www.loicmathieu.fr\/wordpress\/fr\/category\/informatique\/"},"img":{"alt_text":"","src":"","width":0,"height":0},"classes":[]},{"id":388,"url":"https:\/\/www.loicmathieu.fr\/wordpress\/fr\/ecologie\/reflexion-sur-la-conference-de-copenhague\/","url_meta":{"origin":338,"position":4},"title":"R\u00e9flexion sur la conf\u00e9rence de Copenhague:","author":"admin","date":"lundi 21 d\u00e9cembre 2009","format":false,"excerpt":"Les pays en voie de d\u00e9veloppement n'ont pas tord, ils ont des diff\u00e9rences de niveau de vie tel que brider leur croissance serais criminel (retour des grandes famines et de l'extr\u00eame pauvret\u00e9 ?) L'Inde et la Chine pourrais quand m\u00eame faire plus d'effort, surtout la chine qui a des r\u00e9serve\u2026","rel":"","context":"Dans &quot;\u00e9cologie&quot;","block_context":{"text":"\u00e9cologie","link":"https:\/\/www.loicmathieu.fr\/wordpress\/fr\/category\/ecologie\/"},"img":{"alt_text":"","src":"","width":0,"height":0},"classes":[]},{"id":10,"url":"https:\/\/www.loicmathieu.fr\/wordpress\/fr\/informatique\/portee-des-blogs\/","url_meta":{"origin":338,"position":5},"title":"Port\u00e9e des blogs","author":"admin","date":"mardi  5 d\u00e9cembre 2006","format":false,"excerpt":"Je vient de lire plusieurs articles dans plusieurs journaux au sujet des blogs (petites parenth\u00e8ses ici, comme souvent dans la presse fran\u00e7aise, tout les journaux parlent de la m\u00eame chose en m\u00eame temps, m\u00eame quand ce sont des articles de fond d\u00e9tach\u00e9 de l'actualit\u00e9 ... bizarre). Les articles mettait en\u2026","rel":"","context":"Dans &quot;informatique&quot;","block_context":{"text":"informatique","link":"https:\/\/www.loicmathieu.fr\/wordpress\/fr\/category\/informatique\/"},"img":{"alt_text":"","src":"","width":0,"height":0},"classes":[]}],"_links":{"self":[{"href":"https:\/\/www.loicmathieu.fr\/wordpress\/fr\/wp-json\/wp\/v2\/posts\/338","targetHints":{"allow":["GET"]}}],"collection":[{"href":"https:\/\/www.loicmathieu.fr\/wordpress\/fr\/wp-json\/wp\/v2\/posts"}],"about":[{"href":"https:\/\/www.loicmathieu.fr\/wordpress\/fr\/wp-json\/wp\/v2\/types\/post"}],"author":[{"embeddable":true,"href":"https:\/\/www.loicmathieu.fr\/wordpress\/fr\/wp-json\/wp\/v2\/users\/1"}],"replies":[{"embeddable":true,"href":"https:\/\/www.loicmathieu.fr\/wordpress\/fr\/wp-json\/wp\/v2\/comments?post=338"}],"version-history":[{"count":0,"href":"https:\/\/www.loicmathieu.fr\/wordpress\/fr\/wp-json\/wp\/v2\/posts\/338\/revisions"}],"wp:attachment":[{"href":"https:\/\/www.loicmathieu.fr\/wordpress\/fr\/wp-json\/wp\/v2\/media?parent=338"}],"wp:term":[{"taxonomy":"category","embeddable":true,"href":"https:\/\/www.loicmathieu.fr\/wordpress\/fr\/wp-json\/wp\/v2\/categories?post=338"},{"taxonomy":"post_tag","embeddable":true,"href":"https:\/\/www.loicmathieu.fr\/wordpress\/fr\/wp-json\/wp\/v2\/tags?post=338"}],"curies":[{"name":"wp","href":"https:\/\/api.w.org\/{rel}","templated":true}]}}