{"id":35,"date":"2007-05-24T09:20:41","date_gmt":"2007-05-24T08:20:41","guid":{"rendered":""},"modified":"2008-02-02T08:47:30","modified_gmt":"2008-02-02T07:47:30","slug":"vas-t-il-falloir-revendre-son-appartement","status":"publish","type":"post","link":"https:\/\/www.loicmathieu.fr\/wordpress\/politique\/vas-t-il-falloir-revendre-son-appartement\/","title":{"rendered":"Vas-t-il falloir revendre son appartement?"},"content":{"rendered":"<p>Aujourd&#8217;hui, un article du figaro d\u00e9taillait la mesure pour faciliter l&#8217;acc\u00e8s \u00e0 la propri\u00e9t\u00e9 :<a href=\"http:\/\/www.lefigaro.fr\/impots\/20070524.WWW000000286__je_souhaite_un_dispositif_large_pour_inciter_les_francais_a_devenir_proprietaires_de_leur_logement_.html\">l&#8217;article\n<\/a><\/p>\n<p>Donc, toutes les personnes ayant sign\u00e9 un acte de vente apr\u00e8s le 06\/05\/2007 pourrons d\u00e9duire de leur revenu imposable 20% des int\u00e9r\u00eat pay\u00e9 dans l&#8217;ann\u00e9e.<\/p>\n<p>Ayant achet\u00e9 un appartement il y a 6 mois, je m&#8217;interroge, vais-je devoir le revendre\u00e0Je trouve que cette mesure est vraiment injuste car non r\u00e9troactive!<\/p>\n<p>Si \u00e7a continue, je vais aller cramer des voitures pour me plaindre un coup moi :)<\/p>\n<p><em>UPDATE: Apparement de r\u00e9cente d\u00e9claration de notre pr\u00e9sident tendent \u00e0 montrer que j&#8217;aurrais eu tord d&#8217;aller cramer des voitures car la loi serait que l&#8217;on pourrait d\u00e9duire les inter\u00eat de TOUT les cr\u00e9dit en cour \u00e0 hauteur de 20% du revenu imposable (ou des impots, c&#8217;est pas encore claire) : COOOOOOOLLLLLL<\/em><\/p>\n<p><strong>UPDATE 2: Pour finir<\/strong><strong>, il me faudra quand m\u00eame aller bruller des voitures, le conseil constitutionel \u00e0 interdit que le cr\u00e9dit d&#8217;impot puisse profiter aux acheteurs d&#8217;avant l&#8217;\u00e9l\u00e9ction! GRRRRRRRR<\/strong><\/p>","protected":false},"excerpt":{"rendered":"<p>Aujourd&#8217;hui, un article du figaro d\u00e9taillait la mesure pour faciliter l&#8217;acc\u00e8s \u00e0 la propri\u00e9t\u00e9 :l&#8217;article Donc, toutes les personnes ayant sign\u00e9 un acte de vente apr\u00e8s le 06\/05\/2007 pourrons d\u00e9duire de leur revenu imposable 20% des int\u00e9r\u00eat pay\u00e9 dans l&#8217;ann\u00e9e. Ayant achet\u00e9 un appartement il y a 6 mois, je m&#8217;interroge, vais-je devoir le revendre\u00e0Je trouve que cette mesure est vraiment injuste car non r\u00e9troactive! Si \u00e7a continue, je vais aller cramer des voitures pour me plaindre un coup moi&#8230;<p class=\"read-more\"><a class=\"btn btn-default\" href=\"https:\/\/www.loicmathieu.fr\/wordpress\/politique\/vas-t-il-falloir-revendre-son-appartement\/\"> Read More<span class=\"screen-reader-text\">  Read More<\/span><\/a><\/p><\/p>","protected":false},"author":1,"featured_media":0,"comment_status":"open","ping_status":"closed","sticky":false,"template":"","format":"standard","meta":{"jetpack_post_was_ever_published":false,"_jetpack_newsletter_access":"","_jetpack_dont_email_post_to_subs":false,"_jetpack_newsletter_tier_id":0,"_jetpack_memberships_contains_paywalled_content":false,"_jetpack_memberships_contains_paid_content":false,"activitypub_content_warning":"","activitypub_content_visibility":"","activitypub_max_image_attachments":4,"activitypub_interaction_policy_quote":"anyone","activitypub_status":"","footnotes":"","jetpack_publicize_message":"","jetpack_publicize_feature_enabled":true,"jetpack_social_post_already_shared":false,"jetpack_social_options":{"image_generator_settings":{"template":"highway","default_image_id":0,"font":"","enabled":false},"version":2}},"categories":[7],"tags":[25,150],"class_list":["post-35","post","type-post","status-publish","format-standard","hentry","category-politique","tag-logement","tag-politique"],"aioseo_notices":[],"jetpack_publicize_connections":[],"jetpack_featured_media_url":"","jetpack_sharing_enabled":true,"jetpack_likes_enabled":true,"jetpack-related-posts":[{"id":31,"url":"https:\/\/www.loicmathieu.fr\/wordpress\/politique\/violences-hurbaine-en-centre-ville-hum\/","url_meta":{"origin":35,"position":0},"title":"Violences urbaine en centre ville &#8230; hum","author":"admin","date":"Tuesday May  8th, 2007","format":false,"excerpt":"Dimanche, j'\u00e9t\u00e9 dans le centre de Lille, tout pr\u00e9s du QG de l'UMP de Lille (qui se situe Rue Solf\u00e9rino, comme le QG de Mme Royale mais \u00e0 Lille, dr\u00f4le de coincidence!). Quelle n'a pas \u00e9t\u00e9 ma surpise de d\u00e9couvrire, en plus d'un attroupement de suporter devant le QG, des\u2026","rel":"","context":"In &quot;politique&quot;","block_context":{"text":"politique","link":"https:\/\/www.loicmathieu.fr\/wordpress\/category\/politique\/"},"img":{"alt_text":"","src":"","width":0,"height":0},"classes":[]},{"id":44,"url":"https:\/\/www.loicmathieu.fr\/wordpress\/politique\/nouveau-tariffs-sncf-moins-de-flexibilite\/","url_meta":{"origin":35,"position":1},"title":"Nouveau tariffs SNCF = moins de flexibilit\u00e9","author":"admin","date":"Friday September 14th, 2007","format":false,"excerpt":"Bonjour, Et oui, encore un article sur la SNCF! Et encore un article en mal ... Donc, pour moi les nouveau tarifs de la SNCF am\u00e8ne MOINS de flexibilit\u00e9 qu'avant, alors que toutes les entreprises essaye d'amener plus de flexibilit\u00e9 pour les consommateur, la SNCF fait l'inverse. Avant, l'achat du\u2026","rel":"","context":"In &quot;politique&quot;","block_context":{"text":"politique","link":"https:\/\/www.loicmathieu.fr\/wordpress\/category\/politique\/"},"img":{"alt_text":"","src":"","width":0,"height":0},"classes":[]},{"id":13,"url":"https:\/\/www.loicmathieu.fr\/wordpress\/politique\/campagne-electoral-clownesque\/","url_meta":{"origin":35,"position":2},"title":"Campagne \u00e9l\u00e9ctoral clownesque","author":"admin","date":"Thursday January 25th, 2007","format":false,"excerpt":"Bonjour, Ayant un peu de temps aujourd'hui ... pas beaucoup de boulot ... je m'ennuie un peut, je vais passer un petit coup de gueule. La campagne \u00e9lectorale me semble mal partie. Encore une fois, les m\u00e9dias nous font du tout et du n'importe quoi (surtout du n'importe quoi d'ailleurs).\u2026","rel":"","context":"In &quot;politique&quot;","block_context":{"text":"politique","link":"https:\/\/www.loicmathieu.fr\/wordpress\/category\/politique\/"},"img":{"alt_text":"","src":"","width":0,"height":0},"classes":[]},{"id":515,"url":"https:\/\/www.loicmathieu.fr\/wordpress\/voyage\/carnet-de-voyage-jordanie-partie-4-aqaba-et-la-mer-rouge\/","url_meta":{"origin":35,"position":3},"title":"Carnet de voyage Jordanie &#8211; partie 4 &#8211; Aqaba et la mer rouge","author":"admin","date":"Sunday February  6th, 2011","format":false,"excerpt":"Jour 12 \u00e0 16 Aqaba Apr\u00e8s 2H30 de voiture, nous voici arriv\u00e9 au Bedouin Village Garden \u00e0 Aqaba, un jolie h\u00f4tel en face de la mer rouge (de l'autre cot\u00e9 de la route) fait de bungalow climatis\u00e9, diss\u00e9min\u00e9 dans un jardin tropical remplit de terrasse et au milieu duquel tr\u00f4ne\u2026","rel":"","context":"In &quot;voyage&quot;","block_context":{"text":"voyage","link":"https:\/\/www.loicmathieu.fr\/wordpress\/category\/voyage\/"},"img":{"alt_text":"","src":"https:\/\/i0.wp.com\/loicmathieu.fr\/wordpress\/wp-content\/uploads\/Jordanie-Aqaba-1-300x200.jpg?resize=350%2C200","width":350,"height":200},"classes":[]},{"id":1330,"url":"https:\/\/www.loicmathieu.fr\/wordpress\/informatique\/devoxx-france-2021-ledition-9-3-4\/","url_meta":{"origin":35,"position":4},"title":"(Fran\u00e7ais) Devoxx France 2021 &#8211; l&#8217;\u00e9dition 9 3\/4","author":"admin","date":"Friday October  1st, 2021","format":false,"excerpt":"Sorry, this entry is only available in Fran\u00e7ais.","rel":"","context":"In &quot;informatique&quot;","block_context":{"text":"informatique","link":"https:\/\/www.loicmathieu.fr\/wordpress\/category\/informatique\/"},"img":{"alt_text":"","src":"","width":0,"height":0},"classes":[]},{"id":72,"url":"https:\/\/www.loicmathieu.fr\/wordpress\/politique\/mondialisation-positive\/","url_meta":{"origin":35,"position":5},"title":"Mondialisation positive ?","author":"admin","date":"Thursday March 27th, 2008","format":false,"excerpt":"La mondialisation! Quand on entend ce terme, au d\u00e9but, on pense aux d\u00e9localisation ou \u00e0 l'offshore: d\u00e9placer des \u00e9quipes de d\u00e9veloppement informatique par exemple, \u00e0 l'autre bout de la plan\u00e8te (en inde, souvent). Depuis quelques temps, on d\u00e9localisait aussi un peu plus pr\u00eat de nous, en Europe de l'est (offshore\u2026","rel":"","context":"In &quot;informatique&quot;","block_context":{"text":"informatique","link":"https:\/\/www.loicmathieu.fr\/wordpress\/category\/informatique\/"},"img":{"alt_text":"","src":"","width":0,"height":0},"classes":[]}],"_links":{"self":[{"href":"https:\/\/www.loicmathieu.fr\/wordpress\/wp-json\/wp\/v2\/posts\/35","targetHints":{"allow":["GET"]}}],"collection":[{"href":"https:\/\/www.loicmathieu.fr\/wordpress\/wp-json\/wp\/v2\/posts"}],"about":[{"href":"https:\/\/www.loicmathieu.fr\/wordpress\/wp-json\/wp\/v2\/types\/post"}],"author":[{"embeddable":true,"href":"https:\/\/www.loicmathieu.fr\/wordpress\/wp-json\/wp\/v2\/users\/1"}],"replies":[{"embeddable":true,"href":"https:\/\/www.loicmathieu.fr\/wordpress\/wp-json\/wp\/v2\/comments?post=35"}],"version-history":[{"count":0,"href":"https:\/\/www.loicmathieu.fr\/wordpress\/wp-json\/wp\/v2\/posts\/35\/revisions"}],"wp:attachment":[{"href":"https:\/\/www.loicmathieu.fr\/wordpress\/wp-json\/wp\/v2\/media?parent=35"}],"wp:term":[{"taxonomy":"category","embeddable":true,"href":"https:\/\/www.loicmathieu.fr\/wordpress\/wp-json\/wp\/v2\/categories?post=35"},{"taxonomy":"post_tag","embeddable":true,"href":"https:\/\/www.loicmathieu.fr\/wordpress\/wp-json\/wp\/v2\/tags?post=35"}],"curies":[{"name":"wp","href":"https:\/\/api.w.org\/{rel}","templated":true}]}}