{"id":383,"date":"2009-12-01T20:04:42","date_gmt":"2009-12-01T18:04:42","guid":{"rendered":"http:\/\/loicmathieu.free.fr\/wordpress\/?p=383"},"modified":"2009-12-01T20:04:42","modified_gmt":"2009-12-01T18:04:42","slug":"ecologie-taxation-a-la-consommation","status":"publish","type":"post","link":"https:\/\/www.loicmathieu.fr\/wordpress\/ecologie\/ecologie-taxation-a-la-consommation\/","title":{"rendered":"Ecologie: taxation \u00e0 la consommation"},"content":{"rendered":"<p>Une id\u00e9e m&#8217;est venue (je ne sais pas si elle est lumineuse) lors de la lecture de cet article sur la d\u00e9croissance: <a title=\"Etes-vous pr\u00eats \u00e0 voter d\u00e9croissant ?\" href=\"http:\/\/www.terra-economica.info\/spip.php?page=article&amp;id_article=7098\" target=\"_blank\">Etes-vous pr\u00eats \u00e0 voter d\u00e9croissant ?<\/a><\/p>\n<p>Tout d&#8217;abord, pour couper court \u00e0 toute pol\u00e9mique, je ne suis pas pour la d\u00e9croissance m\u00eame si je me pose des question s\u00e9rieuse, car apr\u00e8s tout, tout les \u00eatres humain ne pourrait pas vivre avec notre niveau de croissance\u00a0 (c&#8217;est un fait) donc logiquement on devrait d\u00e9croitre pour laisser croitre les plus pauvre. Je pense que le mouvement de la d\u00e9croissance am\u00e8ne des id\u00e9e int\u00e9r\u00e9ssante m\u00eame si je suis pour le &#8220;consommer moins mais mieux&#8221; que je pr\u00e9f\u00e8re au terme &#8220;d\u00e9croissance&#8221;.<\/p>\n<p>Donc, je vous parlais d&#8217;une id\u00e9e que m&#8217;a donner cet article:<\/p>\n<p>\u00c9tant donn\u00e9 qu&#8217;on consomme trop d&#8217;eau et d&#8217;\u00e9nergie, on pourrait mettre en place un syst\u00e8me tr\u00e8s simple pour taxer les plus gros consommateur d&#8217;\u00e9nergie et favoriser les \u00e9conomie. Beaucoup plus efficace et moins discutable que la taxe carbone et surtout applicable \u00e0 tous. Voici un exemple de ce syst\u00e8me:<\/p>\n<ol><li>La consommation moyenne d&#8217;eau d&#8217;un foyer de deux personne et France est de 100m3 (source <a href=\"http:\/\/www.sdei.tm.fr\/distribution-eau-20.html\" target=\"_blank\">ici<\/a>).<\/li>\n\n<li>On \u00e9tablie une taxe de 10% (taxe qui va par exemple financer la recherche dans les technologie verte, ou la d\u00e9-pollution des sites pollu\u00e9s) sur la surconsommation au dessus de ce seuil.<\/li>\n\n<li>Donc un gros consommateur qui utiliserais 150m3 d&#8217;eau par ans pour son foyer de deux personnes, payerais 10% de plus sur les 50m3 de surconsommation.<\/li>\n<\/ol>\n<p>Ceci est aussi applicable au chauffage. Bien sur cela impose de d\u00e9clarer \u00e0 la compagnie fournisseur de l&#8217;eau ou de l&#8217;\u00e9lectricit\u00e9 le nombre de personne du foyer &#8230; ce qui fera grincer pas mal de dent et donnera aussi lieu \u00e0 de nombreux tentative de fraude.<\/p>\n<p>Enfin, bien sur ce n&#8217;est que l&#8217;\u00e9bauche d&#8217;une id\u00e9e mais au moins elle permet de cibler facilement les gros consommateur\/pollueur.<\/p>","protected":false},"excerpt":{"rendered":"<p>Une id\u00e9e m&#8217;est venue (je ne sais pas si elle est lumineuse) lors de la lecture de cet article sur la d\u00e9croissance: Etes-vous pr\u00eats \u00e0 voter d\u00e9croissant ? Tout d&#8217;abord, pour couper court \u00e0 toute pol\u00e9mique, je ne suis pas pour la d\u00e9croissance m\u00eame si je me pose des question s\u00e9rieuse, car apr\u00e8s tout, tout les \u00eatres humain ne pourrait pas vivre avec notre niveau de croissance\u00a0 (c&#8217;est un fait) donc logiquement on devrait d\u00e9croitre pour laisser croitre les plus&#8230;<p class=\"read-more\"><a class=\"btn btn-default\" href=\"https:\/\/www.loicmathieu.fr\/wordpress\/ecologie\/ecologie-taxation-a-la-consommation\/\"> Read More<span class=\"screen-reader-text\">  Read More<\/span><\/a><\/p><\/p>","protected":false},"author":1,"featured_media":0,"comment_status":"open","ping_status":"open","sticky":false,"template":"","format":"standard","meta":{"jetpack_post_was_ever_published":false,"_jetpack_newsletter_access":"","_jetpack_dont_email_post_to_subs":false,"_jetpack_newsletter_tier_id":0,"_jetpack_memberships_contains_paywalled_content":false,"_jetpack_memberships_contains_paid_content":false,"activitypub_content_warning":"","activitypub_content_visibility":"","activitypub_max_image_attachments":4,"activitypub_interaction_policy_quote":"anyone","activitypub_status":"","footnotes":"","jetpack_publicize_message":"","jetpack_publicize_feature_enabled":true,"jetpack_social_post_already_shared":false,"jetpack_social_options":{"image_generator_settings":{"template":"highway","default_image_id":0,"font":"","enabled":false},"version":2}},"categories":[10],"tags":[114,152,115],"class_list":["post-383","post","type-post","status-publish","format-standard","hentry","category-ecologie","tag-consommatier","tag-ecologie","tag-taxe"],"aioseo_notices":[],"jetpack_publicize_connections":[],"jetpack_featured_media_url":"","jetpack_sharing_enabled":true,"jetpack_likes_enabled":true,"jetpack-related-posts":[{"id":23,"url":"https:\/\/www.loicmathieu.fr\/wordpress\/ecologie\/peut-on-sortir-maintenant-du-nucleaire\/","url_meta":{"origin":383,"position":0},"title":"Peut on sortir maintenant du nucl\u00e9aire","author":"admin","date":"Saturday March 17th, 2007","format":false,"excerpt":"Aujourd'hui manifestation sortir du nucl\u00e9aire. je suis \u00e9colo dans mon coeur, je limite ma consommation d'\u00e9nergie, je limite les d\u00e9chets, je fait attention \u00e0 mon environnement, j'aime la nature, ... Mais peut on r\u00e9ellement remplacer 85% de notre \u00e9nergie (part du nucl\u00e9aire dans l'\u00e9lectricit\u00e9 fran\u00e7asie) facilement. Surtout que le nucl\u00e9aire\u2026","rel":"","context":"In &quot;\u00e9cologie&quot;","block_context":{"text":"\u00e9cologie","link":"https:\/\/www.loicmathieu.fr\/wordpress\/category\/ecologie\/"},"img":{"alt_text":"","src":"","width":0,"height":0},"classes":[]},{"id":936,"url":"https:\/\/www.loicmathieu.fr\/wordpress\/informatique\/etre-speaker-a-devoxx-france\/","url_meta":{"origin":383,"position":1},"title":"(Fran\u00e7ais) Etre speaker \u00e0 Devoxx France","author":"admin","date":"Wednesday July 17th, 2019","format":false,"excerpt":"Sorry, this entry is only available in Fran\u00e7ais.","rel":"","context":"In &quot;informatique&quot;","block_context":{"text":"informatique","link":"https:\/\/www.loicmathieu.fr\/wordpress\/category\/informatique\/"},"img":{"alt_text":"","src":"","width":0,"height":0},"classes":[]},{"id":10,"url":"https:\/\/www.loicmathieu.fr\/wordpress\/informatique\/portee-des-blogs\/","url_meta":{"origin":383,"position":2},"title":"Port\u00e9e des blogs","author":"admin","date":"Tuesday December  5th, 2006","format":false,"excerpt":"Je vient de lire plusieurs articles dans plusieurs journaux au sujet des blogs (petites parenth\u00e8ses ici, comme souvent dans la presse fran\u00e7aise, tout les journaux parlent de la m\u00eame chose en m\u00eame temps, m\u00eame quand ce sont des articles de fond d\u00e9tach\u00e9 de l'actualit\u00e9 ... bizarre). Les articles mettait en\u2026","rel":"","context":"In &quot;informatique&quot;","block_context":{"text":"informatique","link":"https:\/\/www.loicmathieu.fr\/wordpress\/category\/informatique\/"},"img":{"alt_text":"","src":"","width":0,"height":0},"classes":[]},{"id":63,"url":"https:\/\/www.loicmathieu.fr\/wordpress\/politique\/etats-unis-vs-ecologie-encore-une-defaite\/","url_meta":{"origin":383,"position":3},"title":"Etats-unis vs \u00e9cologie: encore une d\u00e9faite","author":"admin","date":"Friday December 14th, 2007","format":false,"excerpt":"A la conf\u00e9rence de Bali, encore une fois, les Etats-unis on refus\u00e9 d'agir pour l'\u00e9cologie: http:\/\/www.lemonde.fr\/web\/article\/0,1-0@2-3244,36-989631,0.html?xtor=RSS-3208 Etats-unis = plus gros pollueur + premi\u00e8re puissance \u00e9nonomique + pays en d\u00e9veloppement qui fait le moins d'effort. Combien de temps les Etats-unis continuerons \u00e0 ruiner notre plan\u00e8te et \u00e0 emp\u00eacher tout anvancement au\u2026","rel":"","context":"In &quot;\u00e9cologie&quot;","block_context":{"text":"\u00e9cologie","link":"https:\/\/www.loicmathieu.fr\/wordpress\/category\/ecologie\/"},"img":{"alt_text":"","src":"","width":0,"height":0},"classes":[]},{"id":41,"url":"https:\/\/www.loicmathieu.fr\/wordpress\/ecologie\/cafe-lobodis-en-dosette-un-label-equitable-usurpe\/","url_meta":{"origin":383,"position":4},"title":"Caf\u00e9 LOBODIS en dosette &#8211; un label \u00e9quitable usurp\u00e9","author":"admin","date":"Friday July 13th, 2007","format":false,"excerpt":"Bonjour, Un coup de geule aujourd'hui. J'ai il ya peu achet\u00e9 du caf\u00e9 LOBODIS en dosette, au label Max Havelaar du commerce \u00e9quitable. Quelle a \u00e9t\u00e9 ma surpise de constater que CHAQUE DOSETTE \u00e9t\u00e9 emball\u00e9e individuellement dans un sachet plastique\/m\u00e9tal de conservation! C'est la premi\u00e8re fois que je voit autant\u2026","rel":"","context":"In &quot;\u00e9cologie&quot;","block_context":{"text":"\u00e9cologie","link":"https:\/\/www.loicmathieu.fr\/wordpress\/category\/ecologie\/"},"img":{"alt_text":"","src":"","width":0,"height":0},"classes":[]},{"id":388,"url":"https:\/\/www.loicmathieu.fr\/wordpress\/ecologie\/reflexion-sur-la-conference-de-copenhague\/","url_meta":{"origin":383,"position":5},"title":"R\u00e9flexion sur la conf\u00e9rence de Copenhague:","author":"admin","date":"Monday December 21st, 2009","format":false,"excerpt":"Les pays en voie de d\u00e9veloppement n'ont pas tord, ils ont des diff\u00e9rences de niveau de vie tel que brider leur croissance serais criminel (retour des grandes famines et de l'extr\u00eame pauvret\u00e9 ?) L'Inde et la Chine pourrais quand m\u00eame faire plus d'effort, surtout la chine qui a des r\u00e9serve\u2026","rel":"","context":"In &quot;\u00e9cologie&quot;","block_context":{"text":"\u00e9cologie","link":"https:\/\/www.loicmathieu.fr\/wordpress\/category\/ecologie\/"},"img":{"alt_text":"","src":"","width":0,"height":0},"classes":[]}],"_links":{"self":[{"href":"https:\/\/www.loicmathieu.fr\/wordpress\/wp-json\/wp\/v2\/posts\/383","targetHints":{"allow":["GET"]}}],"collection":[{"href":"https:\/\/www.loicmathieu.fr\/wordpress\/wp-json\/wp\/v2\/posts"}],"about":[{"href":"https:\/\/www.loicmathieu.fr\/wordpress\/wp-json\/wp\/v2\/types\/post"}],"author":[{"embeddable":true,"href":"https:\/\/www.loicmathieu.fr\/wordpress\/wp-json\/wp\/v2\/users\/1"}],"replies":[{"embeddable":true,"href":"https:\/\/www.loicmathieu.fr\/wordpress\/wp-json\/wp\/v2\/comments?post=383"}],"version-history":[{"count":0,"href":"https:\/\/www.loicmathieu.fr\/wordpress\/wp-json\/wp\/v2\/posts\/383\/revisions"}],"wp:attachment":[{"href":"https:\/\/www.loicmathieu.fr\/wordpress\/wp-json\/wp\/v2\/media?parent=383"}],"wp:term":[{"taxonomy":"category","embeddable":true,"href":"https:\/\/www.loicmathieu.fr\/wordpress\/wp-json\/wp\/v2\/categories?post=383"},{"taxonomy":"post_tag","embeddable":true,"href":"https:\/\/www.loicmathieu.fr\/wordpress\/wp-json\/wp\/v2\/tags?post=383"}],"curies":[{"name":"wp","href":"https:\/\/api.w.org\/{rel}","templated":true}]}}