{"id":388,"date":"2009-12-21T20:02:07","date_gmt":"2009-12-21T18:02:07","guid":{"rendered":"http:\/\/loicmathieu.free.fr\/wordpress\/?p=388"},"modified":"2009-12-21T20:02:07","modified_gmt":"2009-12-21T18:02:07","slug":"reflexion-sur-la-conference-de-copenhague","status":"publish","type":"post","link":"https:\/\/www.loicmathieu.fr\/wordpress\/ecologie\/reflexion-sur-la-conference-de-copenhague\/","title":{"rendered":"R\u00e9flexion sur la conf\u00e9rence de Copenhague:"},"content":{"rendered":"<p>Les pays en voie de d\u00e9veloppement n&#8217;ont pas tord, ils ont des diff\u00e9rences de niveau de vie tel que brider leur croissance serais criminel (retour des grandes famines et de l&#8217;extr\u00eame pauvret\u00e9 ?)<\/p>\n<p>L&#8217;Inde et la Chine pourrais quand m\u00eame faire plus d&#8217;effort, surtout la chine qui a des r\u00e9serve colossale d&#8217;argent qu&#8217;elle pourrait utiliser un peu plus sur son march\u00e9 int\u00e9rieure au lieu d&#8217;emmagasiner des dollars! Ces milliers de milliard pourrais servir \u00e0 facillement \u00e0 lancer une \u00e9conomie verte et un petit peu de normes environnementales ne ferais pas s&#8217;effondrer son \u00e9conomie &#8230;<\/p>\n<p>Pour une r\u00e9partition \u00e9quitable, il faut arr\u00eater de prendre en compte la croissance, le PIB ou le PIB par habitant. Il faut que les \u00e9tats essaye d&#8217;aboutir \u00e0 un d\u00e9gagement global de CO2 par habitant: du style &#8220;5T de CO2 par ans et par habitant pour 2050&#8221; (5T, c&#8217;est je crois ce que de nos jour on consid\u00e8re que la plan\u00e8te peut supporter par ans par habitant). Alors plus de discussion possible, le calcul est facile et on ne se base pas sur les \u00e9missions actuelle qui sont disproportionn\u00e9 entre les pays d\u00e9velopp\u00e9 et ceux en voie de d\u00e9veloppement, ainsi qu&#8217;au sein m\u00eame de ces regroupement de pays.<\/p>\n<p>En allant plus loin, pour aider les pays en voie de d\u00e9veloppement qui g\u00e9n\u00e9ralement n&#8217;\u00e9mettent pas 5T de CO2 par ans par habitant, on peut imaginer un syst\u00e8me de revente de cota, les pays qui n&#8217;\u00e9mettent pas tout leur CO2 peuvent revendre des droits d&#8217;\u00e9mission aux \u00e9tats qui en \u00e9mettent trop. Bien sur cela revient \u00e0 vendre des &#8220;droit de pollution&#8221; mais les int\u00e9r\u00eat sont nombreux:<\/p>\n<ul><li>Donner un cout aux \u00e9mission de CO2<\/li>\n\n<li>Principe \u00e9galitaire: la m\u00eame chose pour tout le monde<\/li>\n\n<li>Permet un financement original de la r\u00e9duction des \u00e9mission de CO2 et de la sauvegarde de l&#8217;environnement pour les pays les plus pauvre (tant est que l&#8217;argent qu&#8217;ils re\u00e7oivent va bien financer l&#8217;environnement et pas un gouvernement corrompu).<\/li>\n\n<li>Et peut-\u00eatre verrons nous m\u00eame des pays d\u00e9velopp\u00e9 aujourd&#8217;hui au dessus des 5T par habitant vouloir passer en dessous pour d\u00e9gager des b\u00e9n\u00e9fices pour combler leur colossaux d\u00e9ficit budg\u00e9taire!<\/li>\n<\/ul>\n<p>Bien sur, cel\u00e0 n&#8217;est que fiction car il faudrait que tout le monde se mette d&#8217;accord, que les \u00e9missions de CO2 soient mesur\u00e9e r\u00e9guli\u00e8rement par une autorit\u00e9 ind\u00e9pendante et surtout que des p\u00e9nalit\u00e9 financi\u00e8re oblige les \u00e9tant \u00e0 acheter ces droits d&#8217;\u00e9mission &#8230;<\/p>","protected":false},"excerpt":{"rendered":"<p>Les pays en voie de d\u00e9veloppement n&#8217;ont pas tord, ils ont des diff\u00e9rences de niveau de vie tel que brider leur croissance serais criminel (retour des grandes famines et de l&#8217;extr\u00eame pauvret\u00e9 ?) L&#8217;Inde et la Chine pourrais quand m\u00eame faire plus d&#8217;effort, surtout la chine qui a des r\u00e9serve colossale d&#8217;argent qu&#8217;elle pourrait utiliser un peu plus sur son march\u00e9 int\u00e9rieure au lieu d&#8217;emmagasiner des dollars! Ces milliers de milliard pourrais servir \u00e0 facillement \u00e0 lancer une \u00e9conomie verte&#8230;<p class=\"read-more\"><a class=\"btn btn-default\" href=\"https:\/\/www.loicmathieu.fr\/wordpress\/ecologie\/reflexion-sur-la-conference-de-copenhague\/\"> Read More<span class=\"screen-reader-text\">  Read More<\/span><\/a><\/p><\/p>","protected":false},"author":1,"featured_media":0,"comment_status":"open","ping_status":"open","sticky":false,"template":"","format":"standard","meta":{"jetpack_post_was_ever_published":false,"_jetpack_newsletter_access":"","_jetpack_dont_email_post_to_subs":false,"_jetpack_newsletter_tier_id":0,"_jetpack_memberships_contains_paywalled_content":false,"_jetpack_memberships_contains_paid_content":false,"activitypub_content_warning":"","activitypub_content_visibility":"","activitypub_max_image_attachments":4,"activitypub_interaction_policy_quote":"anyone","activitypub_status":"","footnotes":"","jetpack_publicize_message":"","jetpack_publicize_feature_enabled":true,"jetpack_social_post_already_shared":false,"jetpack_social_options":{"image_generator_settings":{"template":"highway","default_image_id":0,"font":"","enabled":false},"version":2}},"categories":[10],"tags":[],"class_list":["post-388","post","type-post","status-publish","format-standard","hentry","category-ecologie"],"aioseo_notices":[],"jetpack_publicize_connections":[],"jetpack_featured_media_url":"","jetpack_sharing_enabled":true,"jetpack_likes_enabled":true,"jetpack-related-posts":[{"id":289,"url":"https:\/\/www.loicmathieu.fr\/wordpress\/voyage\/carnet-de-voyage-madagascar-ile-sainte-marie\/","url_meta":{"origin":388,"position":0},"title":"Carnet de voyage &#8211; Madagascar &#8211; Ile Sainte Marie","author":"admin","date":"Saturday August 15th, 2009","format":false,"excerpt":"Apr\u00e8s de longs mois, je continue mon r\u00e9cit. \u00c9tant proche de mes prochaines vacances, je vais essayer de finir le cycle de Madagascar avant fin septembre (cet article, le suivant et peut-\u00eatre une petite galerie de photos). Nous voici donc \u00e0 l'\u00eele Sainte Marie, suivez ce lien pour voir une\u2026","rel":"","context":"In &quot;voyage&quot;","block_context":{"text":"voyage","link":"https:\/\/www.loicmathieu.fr\/wordpress\/category\/voyage\/"},"img":{"alt_text":"Madagascar - Ambodifotatra","src":"https:\/\/i0.wp.com\/www.loicmathieu.fr\/wordpress\/wp-content\/uploads\/madagascar-ambodifotatra.jpg?resize=350%2C200","width":350,"height":200},"classes":[]},{"id":936,"url":"https:\/\/www.loicmathieu.fr\/wordpress\/informatique\/etre-speaker-a-devoxx-france\/","url_meta":{"origin":388,"position":1},"title":"(Fran\u00e7ais) Etre speaker \u00e0 Devoxx France","author":"admin","date":"Wednesday July 17th, 2019","format":false,"excerpt":"Sorry, this entry is only available in Fran\u00e7ais.","rel":"","context":"In &quot;informatique&quot;","block_context":{"text":"informatique","link":"https:\/\/www.loicmathieu.fr\/wordpress\/category\/informatique\/"},"img":{"alt_text":"","src":"","width":0,"height":0},"classes":[]},{"id":21,"url":"https:\/\/www.loicmathieu.fr\/wordpress\/informatique\/spams-vont-ils-faire-tomber-le-web\/","url_meta":{"origin":388,"position":2},"title":"SPAMS : vont-ils faire tomber le web?","author":"admin","date":"Tuesday March  6th, 2007","format":false,"excerpt":"Un petit coup de gueule. Il y a peu, certaines pages de mon blog sont entr\u00e9 dans les r\u00e9sultats de google (et peut-\u00eatre d'autres moteurs de recherche) et d'un seul coup, je suis submerg\u00e9 de spam sur les commentaire de mes articles. Quelle ironie, j'ai plus de 10 commentaires par\u2026","rel":"","context":"In &quot;informatique&quot;","block_context":{"text":"informatique","link":"https:\/\/www.loicmathieu.fr\/wordpress\/category\/informatique\/"},"img":{"alt_text":"","src":"","width":0,"height":0},"classes":[]},{"id":377,"url":"https:\/\/www.loicmathieu.fr\/wordpress\/informatique\/session-chti-jug-sur-les-technologies-google\/","url_meta":{"origin":388,"position":3},"title":"Ch&#8217;ti Jug: les technologies Google","author":"admin","date":"Wednesday November 11th, 2009","format":false,"excerpt":"Hello, Lundi j'ai \u00e9t\u00e9 \u00e0 la session du Ch'ti Jug sur les technologies Google qui s'est pass\u00e9 \u00e0 l'ISEN et \u00e9tait sponsoris\u00e9e par SII. C'\u00e9tait la premi\u00e8re fois que j'assistais \u00e0 un \u00e9v\u00e8nement organis\u00e9 par le Ch'ti Jug et comme c'\u00e9tait int\u00e9ressant, j'aimerais partager avec vous l\u00e0 dessus. Ch'ti Jug?\u2026","rel":"","context":"In &quot;informatique&quot;","block_context":{"text":"informatique","link":"https:\/\/www.loicmathieu.fr\/wordpress\/category\/informatique\/"},"img":{"alt_text":"Google Wave","src":"https:\/\/i0.wp.com\/loicmathieu.free.fr\/wordpress\/wp-content\/uploads\/google-wave.jpg?resize=350%2C200","width":350,"height":200,"srcset":"https:\/\/i0.wp.com\/loicmathieu.free.fr\/wordpress\/wp-content\/uploads\/google-wave.jpg?resize=350%2C200 1x, https:\/\/i0.wp.com\/loicmathieu.free.fr\/wordpress\/wp-content\/uploads\/google-wave.jpg?resize=525%2C300 1.5x"},"classes":[]},{"id":202,"url":"https:\/\/www.loicmathieu.fr\/wordpress\/voyage\/carnet-de-voyage-madagascar-isalo\/","url_meta":{"origin":388,"position":4},"title":"Carnet de voyage &#8211; Madagascar &#8211; Isalo","author":"admin","date":"Wednesday February 11th, 2009","format":false,"excerpt":"Le premier jour : Nous partons t\u00f4t de Sahambavy pour nous rendre dans l'Isalo (prononcez Ichale). Trois heures de route. Le paysage \u00e9volue tr\u00e8s vite, on comprend vite que nous allons dans le Sud. La for\u00eat tropicale luxuriante et verdoyante laisse place petit \u00e0 petit \u00e0 un paysage montagneux de\u2026","rel":"","context":"In &quot;voyage&quot;","block_context":{"text":"voyage","link":"https:\/\/www.loicmathieu.fr\/wordpress\/category\/voyage\/"},"img":{"alt_text":"Madagascar - Isalo - Paysage depuis la voiture - 1","src":"https:\/\/i0.wp.com\/www.loicmathieu.fr\/wordpress\/wp-content\/uploads\/madagascar-isalo-paysage-depuis-la-voiture-1.jpg?resize=350%2C200","width":350,"height":200},"classes":[]},{"id":1330,"url":"https:\/\/www.loicmathieu.fr\/wordpress\/informatique\/devoxx-france-2021-ledition-9-3-4\/","url_meta":{"origin":388,"position":5},"title":"(Fran\u00e7ais) Devoxx France 2021 &#8211; l&#8217;\u00e9dition 9 3\/4","author":"admin","date":"Friday October  1st, 2021","format":false,"excerpt":"Sorry, this entry is only available in Fran\u00e7ais.","rel":"","context":"In &quot;informatique&quot;","block_context":{"text":"informatique","link":"https:\/\/www.loicmathieu.fr\/wordpress\/category\/informatique\/"},"img":{"alt_text":"","src":"","width":0,"height":0},"classes":[]}],"_links":{"self":[{"href":"https:\/\/www.loicmathieu.fr\/wordpress\/wp-json\/wp\/v2\/posts\/388","targetHints":{"allow":["GET"]}}],"collection":[{"href":"https:\/\/www.loicmathieu.fr\/wordpress\/wp-json\/wp\/v2\/posts"}],"about":[{"href":"https:\/\/www.loicmathieu.fr\/wordpress\/wp-json\/wp\/v2\/types\/post"}],"author":[{"embeddable":true,"href":"https:\/\/www.loicmathieu.fr\/wordpress\/wp-json\/wp\/v2\/users\/1"}],"replies":[{"embeddable":true,"href":"https:\/\/www.loicmathieu.fr\/wordpress\/wp-json\/wp\/v2\/comments?post=388"}],"version-history":[{"count":0,"href":"https:\/\/www.loicmathieu.fr\/wordpress\/wp-json\/wp\/v2\/posts\/388\/revisions"}],"wp:attachment":[{"href":"https:\/\/www.loicmathieu.fr\/wordpress\/wp-json\/wp\/v2\/media?parent=388"}],"wp:term":[{"taxonomy":"category","embeddable":true,"href":"https:\/\/www.loicmathieu.fr\/wordpress\/wp-json\/wp\/v2\/categories?post=388"},{"taxonomy":"post_tag","embeddable":true,"href":"https:\/\/www.loicmathieu.fr\/wordpress\/wp-json\/wp\/v2\/tags?post=388"}],"curies":[{"name":"wp","href":"https:\/\/api.w.org\/{rel}","templated":true}]}}