{"id":41,"date":"2007-07-13T14:26:49","date_gmt":"2007-07-13T13:26:49","guid":{"rendered":""},"modified":"2013-01-04T20:05:15","modified_gmt":"2013-01-04T18:05:15","slug":"cafe-lobodis-en-dosette-un-label-equitable-usurpe","status":"publish","type":"post","link":"https:\/\/www.loicmathieu.fr\/wordpress\/ecologie\/cafe-lobodis-en-dosette-un-label-equitable-usurpe\/","title":{"rendered":"Caf\u00e9 LOBODIS en dosette &#8211; un label \u00e9quitable usurp\u00e9"},"content":{"rendered":"<p>Bonjour,<\/p>\n<p>Un coup de geule aujourd&#8217;hui. J&#8217;ai il ya peu achet\u00e9 du caf\u00e9 LOBODIS en dosette, au label Max Havelaar du commerce \u00e9quitable. Quelle a \u00e9t\u00e9 ma surpise de constater que CHAQUE DOSETTE \u00e9t\u00e9 emball\u00e9e individuellement dans un sachet plastique\/m\u00e9tal de conservation!\nC&#8217;est la premi\u00e8re fois que je voit autant d&#8217;emballage pour un caf\u00e9 en dosette, de plus \u00e0 quoi servent donc ces emballages, Si c&#8217;est pour des probl\u00e8mes de censervation, le sachet qui contient les embalage individuel suffit largement pour le stockage, transport, utilisation rapide du produit et si le consommateur en demande plus, qu&#8217;il les mettent dans une boite herm\u00e9tique.\nC&#8217;est vraiment une honte que le seule caf\u00e9 qui fasse \u00e7a soit un caf\u00e9 \u00e9quitable qui est cens\u00e9 prot\u00e9ger l&#8217;environnement (voire les objectifs du commerce \u00e9quitable sur le site de Max Havelaar: <a href=\"http:\/\/www.maxhavelaarfrance.org\/association\/objectifs.htm\">http:\/\/www.maxhavelaarfrance.org\/association\/objectifs.htm<\/a>).<\/p>\n<p>Cel\u00e0 pose en plus de probl\u00e8me du prix, ce caf\u00e9 \u00e9t\u00e9 15% plus cher que les autres, et un emballage comme \u00e7a doit bien faire 15% du prix, donc les gens ach\u00e8teront moins de caf\u00e9 \u00e9quitable \u00e0 cause d&#8217;un proc\u00e9d\u00e9 de multiplication des emballage qui est unique sur le march\u00e9 du caf\u00e9 et qui vient en violation avec les principes de base du commerce \u00e9quitable!<\/p>\n<p>Je vais de ce pas poussez une geulante aupr\u00e9s de LOBODIS et max Havelaar et je n&#8217;en rach\u00e8terais jamais de ce caf\u00e9!<\/p>\n<p><strong><strong><strong> MISE A JOUR <\/strong><\/strong><\/strong><\/p>\n<p>Je vient de re\u00e7evoir aujourd&#8217;hui une r\u00e9ponse de Max Havelaar disant que ce caf\u00e9 avait \u00e9t\u00e9 ensach\u00e9e \u00e0 l&#8217;\u00e9poque de cette mani\u00e8re pour conserver son arome mais qu&#8217;aujourd&#8217;hui pour des raisons \u00e9videntes d&#8217;environnement la marque avait arr\u00eater de le faire et que les nouveaux produits sortiront sans sachet individuel &#8230; et donc \u00e0 un prix plus bas!<\/p>\n<p>Voici le text du mail:<\/p>\n<p><code>Bonjour monsieur,<\/code><\/p>\n<p>Merci pour votre mail et votre soutien. Ces caf\u00e9s sont des 100% pures origines (provenant d\u2019une seule et m\u00eame coop\u00e9rative) et pour en pr\u00e9server le go\u00fbt \u00e0 chaque utilisation, cette soci\u00e9t\u00e9 a choisit \u00e0 l\u2019\u00e9poque de leur lancement cette m\u00e9thode d\u2019ensachage. Aujourd\u2019hui et pour des questions \u00e9videntes de pr\u00e9servation de l\u2019environnement et de r\u00e9duction des co\u00fbts, ces dosettes reviennent en lin\u00e9aire en emballage simple. Vous pourrez trouver tr\u00e8s prochainement les dosettes Villa Oriente (bio) et Chamaya en magasin. Le sprix de vente vont \u00eatre modifi\u00e9s et l\u2019emballage \u00e9galement. Une remarque, Lobodis n\u2019est pas la seule soci\u00e9t\u00e9 \u00e0 proposer ce type de produits. Segafredo et Lavazza le font sur leur produit dosettes dure (qui ne se vend pas bien certes) et quelques r\u00e9f\u00e9rences de marques de distributeurs ont \u00e9galement essay\u00e9 cet emballage.<\/p>\n<p>Pour plus d\u2019infos, merci de contacter Lobodis via leur site :<\/p>\n<p><a href=\"http:\/\/www.lobodis.com\/contact\/\">http:\/\/www.lobodis.com\/contact\/<\/a><\/p>\n<p>Merci pour votre d\u00e9marche, j\u2019esp\u00e8re avoir r\u00e9pondu \u00e0 vos questions,<\/p>\n<p>Cordialement,<\/p>","protected":false},"excerpt":{"rendered":"<p>Bonjour, Un coup de geule aujourd&#8217;hui. J&#8217;ai il ya peu achet\u00e9 du caf\u00e9 LOBODIS en dosette, au label Max Havelaar du commerce \u00e9quitable. Quelle a \u00e9t\u00e9 ma surpise de constater que CHAQUE DOSETTE \u00e9t\u00e9 emball\u00e9e individuellement dans un sachet plastique\/m\u00e9tal de conservation! C&#8217;est la premi\u00e8re fois que je voit autant d&#8217;emballage pour un caf\u00e9 en dosette, de plus \u00e0 quoi servent donc ces emballages, Si c&#8217;est pour des probl\u00e8mes de censervation, le sachet qui contient les embalage individuel suffit largement&#8230;<p class=\"read-more\"><a class=\"btn btn-default\" href=\"https:\/\/www.loicmathieu.fr\/wordpress\/ecologie\/cafe-lobodis-en-dosette-un-label-equitable-usurpe\/\"> Read More<span class=\"screen-reader-text\">  Read More<\/span><\/a><\/p><\/p>","protected":false},"author":1,"featured_media":0,"comment_status":"closed","ping_status":"closed","sticky":false,"template":"","format":"standard","meta":{"jetpack_post_was_ever_published":false,"_jetpack_newsletter_access":"","_jetpack_dont_email_post_to_subs":false,"_jetpack_newsletter_tier_id":0,"_jetpack_memberships_contains_paywalled_content":false,"_jetpack_memberships_contains_paid_content":false,"activitypub_content_warning":"","activitypub_content_visibility":"","activitypub_max_image_attachments":4,"activitypub_interaction_policy_quote":"anyone","activitypub_status":"","footnotes":"","jetpack_publicize_message":"","jetpack_publicize_feature_enabled":true,"jetpack_social_post_already_shared":false,"jetpack_social_options":{"image_generator_settings":{"template":"highway","default_image_id":0,"font":"","enabled":false},"version":2}},"categories":[10],"tags":[152,22,150],"class_list":["post-41","post","type-post","status-publish","format-standard","hentry","category-ecologie","tag-ecologie","tag-equitable","tag-politique"],"aioseo_notices":[],"jetpack_publicize_connections":[],"jetpack_featured_media_url":"","jetpack_sharing_enabled":true,"jetpack_likes_enabled":true,"jetpack-related-posts":[{"id":26,"url":"https:\/\/www.loicmathieu.fr\/wordpress\/ecologie\/commerce-equitable-soyont-des-conso-acteur\/","url_meta":{"origin":41,"position":0},"title":"Commerce \u00e9quitable, soyont des \\&#8217;conso-acteur\\&#8217;","author":"admin","date":"Friday March 30th, 2007","format":false,"excerpt":"Je vient juste de lire cette expression \u00e0 propos du commerce \u00e9quitable : 'CONSO-ACTEUR'. Etre consommateur et acteur pour la solidarit\u00e9. Parce que le commerce \u00e9quitable c'est \u00e7a : \u00eatre acteur contre la faim, pour le d\u00e9veloppement des pays pauvres. Alors, osez!","rel":"","context":"In &quot;\u00e9cologie&quot;","block_context":{"text":"\u00e9cologie","link":"https:\/\/www.loicmathieu.fr\/wordpress\/category\/ecologie\/"},"img":{"alt_text":"","src":"","width":0,"height":0},"classes":[]},{"id":388,"url":"https:\/\/www.loicmathieu.fr\/wordpress\/ecologie\/reflexion-sur-la-conference-de-copenhague\/","url_meta":{"origin":41,"position":1},"title":"R\u00e9flexion sur la conf\u00e9rence de Copenhague:","author":"admin","date":"Monday December 21st, 2009","format":false,"excerpt":"Les pays en voie de d\u00e9veloppement n'ont pas tord, ils ont des diff\u00e9rences de niveau de vie tel que brider leur croissance serais criminel (retour des grandes famines et de l'extr\u00eame pauvret\u00e9 ?) L'Inde et la Chine pourrais quand m\u00eame faire plus d'effort, surtout la chine qui a des r\u00e9serve\u2026","rel":"","context":"In &quot;\u00e9cologie&quot;","block_context":{"text":"\u00e9cologie","link":"https:\/\/www.loicmathieu.fr\/wordpress\/category\/ecologie\/"},"img":{"alt_text":"","src":"","width":0,"height":0},"classes":[]},{"id":63,"url":"https:\/\/www.loicmathieu.fr\/wordpress\/politique\/etats-unis-vs-ecologie-encore-une-defaite\/","url_meta":{"origin":41,"position":2},"title":"Etats-unis vs \u00e9cologie: encore une d\u00e9faite","author":"admin","date":"Friday December 14th, 2007","format":false,"excerpt":"A la conf\u00e9rence de Bali, encore une fois, les Etats-unis on refus\u00e9 d'agir pour l'\u00e9cologie: http:\/\/www.lemonde.fr\/web\/article\/0,1-0@2-3244,36-989631,0.html?xtor=RSS-3208 Etats-unis = plus gros pollueur + premi\u00e8re puissance \u00e9nonomique + pays en d\u00e9veloppement qui fait le moins d'effort. Combien de temps les Etats-unis continuerons \u00e0 ruiner notre plan\u00e8te et \u00e0 emp\u00eacher tout anvancement au\u2026","rel":"","context":"In &quot;\u00e9cologie&quot;","block_context":{"text":"\u00e9cologie","link":"https:\/\/www.loicmathieu.fr\/wordpress\/category\/ecologie\/"},"img":{"alt_text":"","src":"","width":0,"height":0},"classes":[]},{"id":141,"url":"https:\/\/www.loicmathieu.fr\/wordpress\/voyage\/carnet-de-voyage-madagascar-ambositra\/","url_meta":{"origin":41,"position":3},"title":"Carnet de voyage &#8211; Madagascar &#8211; Ambositra","author":"admin","date":"Monday November 24th, 2008","format":false,"excerpt":"Ambositra, prononcez Ambush, je ne sais pas pourquoi la prononciation est si diff\u00e9rente et personne n'a pu m'expliquer pourquoi ... Nous nous baladons dans la ville qui est pittoresque, nous trouvons un petit march\u00e9 tr\u00e8s sympa, haut en couleurs, avec de jolis \u00e9tal d'\u00e9pices, de fruit et l\u00e9gumes et de\u2026","rel":"","context":"In &quot;voyage&quot;","block_context":{"text":"voyage","link":"https:\/\/www.loicmathieu.fr\/wordpress\/category\/voyage\/"},"img":{"alt_text":"","src":"https:\/\/i0.wp.com\/www.loicmathieu.fr\/wordpress\/wp-content\/uploads\/madagascar-ambositra-1.jpg?resize=350%2C200","width":350,"height":200},"classes":[]},{"id":383,"url":"https:\/\/www.loicmathieu.fr\/wordpress\/ecologie\/ecologie-taxation-a-la-consommation\/","url_meta":{"origin":41,"position":4},"title":"Ecologie: taxation \u00e0 la consommation","author":"admin","date":"Tuesday December  1st, 2009","format":false,"excerpt":"Une id\u00e9e m'est venue (je ne sais pas si elle est lumineuse) lors de la lecture de cet article sur la d\u00e9croissance: Etes-vous pr\u00eats \u00e0 voter d\u00e9croissant ? Tout d'abord, pour couper court \u00e0 toute pol\u00e9mique, je ne suis pas pour la d\u00e9croissance m\u00eame si je me pose des question\u2026","rel":"","context":"In &quot;\u00e9cologie&quot;","block_context":{"text":"\u00e9cologie","link":"https:\/\/www.loicmathieu.fr\/wordpress\/category\/ecologie\/"},"img":{"alt_text":"","src":"","width":0,"height":0},"classes":[]},{"id":31,"url":"https:\/\/www.loicmathieu.fr\/wordpress\/politique\/violences-hurbaine-en-centre-ville-hum\/","url_meta":{"origin":41,"position":5},"title":"Violences urbaine en centre ville &#8230; hum","author":"admin","date":"Tuesday May  8th, 2007","format":false,"excerpt":"Dimanche, j'\u00e9t\u00e9 dans le centre de Lille, tout pr\u00e9s du QG de l'UMP de Lille (qui se situe Rue Solf\u00e9rino, comme le QG de Mme Royale mais \u00e0 Lille, dr\u00f4le de coincidence!). Quelle n'a pas \u00e9t\u00e9 ma surpise de d\u00e9couvrire, en plus d'un attroupement de suporter devant le QG, des\u2026","rel":"","context":"In &quot;politique&quot;","block_context":{"text":"politique","link":"https:\/\/www.loicmathieu.fr\/wordpress\/category\/politique\/"},"img":{"alt_text":"","src":"","width":0,"height":0},"classes":[]}],"_links":{"self":[{"href":"https:\/\/www.loicmathieu.fr\/wordpress\/wp-json\/wp\/v2\/posts\/41","targetHints":{"allow":["GET"]}}],"collection":[{"href":"https:\/\/www.loicmathieu.fr\/wordpress\/wp-json\/wp\/v2\/posts"}],"about":[{"href":"https:\/\/www.loicmathieu.fr\/wordpress\/wp-json\/wp\/v2\/types\/post"}],"author":[{"embeddable":true,"href":"https:\/\/www.loicmathieu.fr\/wordpress\/wp-json\/wp\/v2\/users\/1"}],"replies":[{"embeddable":true,"href":"https:\/\/www.loicmathieu.fr\/wordpress\/wp-json\/wp\/v2\/comments?post=41"}],"version-history":[{"count":0,"href":"https:\/\/www.loicmathieu.fr\/wordpress\/wp-json\/wp\/v2\/posts\/41\/revisions"}],"wp:attachment":[{"href":"https:\/\/www.loicmathieu.fr\/wordpress\/wp-json\/wp\/v2\/media?parent=41"}],"wp:term":[{"taxonomy":"category","embeddable":true,"href":"https:\/\/www.loicmathieu.fr\/wordpress\/wp-json\/wp\/v2\/categories?post=41"},{"taxonomy":"post_tag","embeddable":true,"href":"https:\/\/www.loicmathieu.fr\/wordpress\/wp-json\/wp\/v2\/tags?post=41"}],"curies":[{"name":"wp","href":"https:\/\/api.w.org\/{rel}","templated":true}]}}