{"id":416,"date":"2010-06-02T13:38:48","date_gmt":"2010-06-02T11:38:48","guid":{"rendered":"http:\/\/loicmathieu.free.fr\/wordpress\/?p=416"},"modified":"2010-06-02T13:38:48","modified_gmt":"2010-06-02T11:38:48","slug":"initiative-citoyenne-contre-le-sur-emballage","status":"publish","type":"post","link":"https:\/\/www.loicmathieu.fr\/wordpress\/ecologie\/initiative-citoyenne-contre-le-sur-emballage\/","title":{"rendered":"Initiative citoyenne contre le sur emballage"},"content":{"rendered":"<p>Les citoyen de l&#8217;Union Europ\u00e9enne peuvent maintenant faire des propositions de loi \u00e0 la Commission Europ\u00e9enne si elle est port\u00e9 par un million de citoyen.<\/p>\n<p>Un fran\u00e7ais a lanc\u00e9 une initiative int\u00e9ressante consistant \u00e0 une p\u00e9tition contre le sur-emballage (ajout d&#8217;emballage ne servant \u00e0 rien), le jour o\u00f9 elle atteindra un million de signature elle sera communiqu\u00e9 \u00e0 la Commission Europ\u00e9enne qui sera alors oblig\u00e9 de l&#8217;\u00e9tudier.<\/p>\n<p>Pour la signer, c&#8217;est ici: <a href=\"http:\/\/www.over-packaging.eu\/?PHPSESSID=t0r3ppvfu768nemnuoh8p7ahb3\"><a href=\"http:\/\/www.over-packaging.eu\/?PHPSESSID=t0r3ppvfu768nemnuoh8p7ahb3\">http:\/\/www.over-packaging.eu\/?PHPSESSID=t0r3ppvfu768nemnuoh8p7ahb3<\/a><\/a><\/p>","protected":false},"excerpt":{"rendered":"<p>Les citoyen de l&#8217;Union Europ\u00e9enne peuvent maintenant faire des propositions de loi \u00e0 la Commission Europ\u00e9enne si elle est port\u00e9 par un million de citoyen. Un fran\u00e7ais a lanc\u00e9 une initiative int\u00e9ressante consistant \u00e0 une p\u00e9tition contre le sur-emballage (ajout d&#8217;emballage ne servant \u00e0 rien), le jour o\u00f9 elle atteindra un million de signature elle sera communiqu\u00e9 \u00e0 la Commission Europ\u00e9enne qui sera alors oblig\u00e9 de l&#8217;\u00e9tudier. Pour la signer, c&#8217;est ici: <a href=\"http:\/\/www.over-packaging.eu\/?PHPSESSID=t0r3ppvfu768nemnuoh8p7ahb3\">http:\/\/www.over-packaging.eu\/?PHPSESSID=t0r3ppvfu768nemnuoh8p7ahb3<\/a><\/p>","protected":false},"author":1,"featured_media":0,"comment_status":"open","ping_status":"open","sticky":false,"template":"","format":"standard","meta":{"jetpack_post_was_ever_published":false,"_jetpack_newsletter_access":"","_jetpack_dont_email_post_to_subs":false,"_jetpack_newsletter_tier_id":0,"_jetpack_memberships_contains_paywalled_content":false,"_jetpack_memberships_contains_paid_content":false,"activitypub_content_warning":"","activitypub_content_visibility":"","activitypub_max_image_attachments":4,"activitypub_interaction_policy_quote":"anyone","activitypub_status":"","footnotes":"","jetpack_publicize_message":"","jetpack_publicize_feature_enabled":true,"jetpack_social_post_already_shared":false,"jetpack_social_options":{"image_generator_settings":{"template":"highway","default_image_id":0,"font":"","enabled":false},"version":2}},"categories":[10],"tags":[],"class_list":["post-416","post","type-post","status-publish","format-standard","hentry","category-ecologie"],"aioseo_notices":[],"jetpack_publicize_connections":[],"jetpack_featured_media_url":"","jetpack_sharing_enabled":true,"jetpack_likes_enabled":true,"jetpack-related-posts":[{"id":127,"url":"https:\/\/www.loicmathieu.fr\/wordpress\/voyage\/carnet-de-voyage-madagascar-antsirabe\/","url_meta":{"origin":416,"position":0},"title":"Carnet de voyage &#8211; Madagascar &#8211; Antsirabe","author":"admin","date":"Wednesday October 15th, 2008","format":false,"excerpt":"Apr\u00e8s notre arriv\u00e9 dans le nuit \u00e0 Tananarive, la capitale (en Malgache: Antananarivo, prononcez Antananariv), nous prenons la route le lendemain sans avoir rien vu de Tana, ce sera pour le retour. Nous sommes 6 (4 gars et deux demoiselles) et voyageons dans un 4x4 Mitsubishi \"Carryboy\" 6 places (3\u2026","rel":"","context":"In &quot;voyage&quot;","block_context":{"text":"voyage","link":"https:\/\/www.loicmathieu.fr\/wordpress\/category\/voyage\/"},"img":{"alt_text":"","src":"https:\/\/i0.wp.com\/www.loicmathieu.fr\/wordpress\/wp-content\/uploads\/madagascar-sur-la-rn7-1.jpg?resize=350%2C200","width":350,"height":200},"classes":[]},{"id":10,"url":"https:\/\/www.loicmathieu.fr\/wordpress\/informatique\/portee-des-blogs\/","url_meta":{"origin":416,"position":1},"title":"Port\u00e9e des blogs","author":"admin","date":"Tuesday December  5th, 2006","format":false,"excerpt":"Je vient de lire plusieurs articles dans plusieurs journaux au sujet des blogs (petites parenth\u00e8ses ici, comme souvent dans la presse fran\u00e7aise, tout les journaux parlent de la m\u00eame chose en m\u00eame temps, m\u00eame quand ce sont des articles de fond d\u00e9tach\u00e9 de l'actualit\u00e9 ... bizarre). Les articles mettait en\u2026","rel":"","context":"In &quot;informatique&quot;","block_context":{"text":"informatique","link":"https:\/\/www.loicmathieu.fr\/wordpress\/category\/informatique\/"},"img":{"alt_text":"","src":"","width":0,"height":0},"classes":[]},{"id":41,"url":"https:\/\/www.loicmathieu.fr\/wordpress\/ecologie\/cafe-lobodis-en-dosette-un-label-equitable-usurpe\/","url_meta":{"origin":416,"position":2},"title":"Caf\u00e9 LOBODIS en dosette &#8211; un label \u00e9quitable usurp\u00e9","author":"admin","date":"Friday July 13th, 2007","format":false,"excerpt":"Bonjour, Un coup de geule aujourd'hui. J'ai il ya peu achet\u00e9 du caf\u00e9 LOBODIS en dosette, au label Max Havelaar du commerce \u00e9quitable. Quelle a \u00e9t\u00e9 ma surpise de constater que CHAQUE DOSETTE \u00e9t\u00e9 emball\u00e9e individuellement dans un sachet plastique\/m\u00e9tal de conservation! C'est la premi\u00e8re fois que je voit autant\u2026","rel":"","context":"In &quot;\u00e9cologie&quot;","block_context":{"text":"\u00e9cologie","link":"https:\/\/www.loicmathieu.fr\/wordpress\/category\/ecologie\/"},"img":{"alt_text":"","src":"","width":0,"height":0},"classes":[]},{"id":289,"url":"https:\/\/www.loicmathieu.fr\/wordpress\/voyage\/carnet-de-voyage-madagascar-ile-sainte-marie\/","url_meta":{"origin":416,"position":3},"title":"Carnet de voyage &#8211; Madagascar &#8211; Ile Sainte Marie","author":"admin","date":"Saturday August 15th, 2009","format":false,"excerpt":"Apr\u00e8s de longs mois, je continue mon r\u00e9cit. \u00c9tant proche de mes prochaines vacances, je vais essayer de finir le cycle de Madagascar avant fin septembre (cet article, le suivant et peut-\u00eatre une petite galerie de photos). Nous voici donc \u00e0 l'\u00eele Sainte Marie, suivez ce lien pour voir une\u2026","rel":"","context":"In &quot;voyage&quot;","block_context":{"text":"voyage","link":"https:\/\/www.loicmathieu.fr\/wordpress\/category\/voyage\/"},"img":{"alt_text":"Madagascar - Ambodifotatra","src":"https:\/\/i0.wp.com\/www.loicmathieu.fr\/wordpress\/wp-content\/uploads\/madagascar-ambodifotatra.jpg?resize=350%2C200","width":350,"height":200},"classes":[]},{"id":383,"url":"https:\/\/www.loicmathieu.fr\/wordpress\/ecologie\/ecologie-taxation-a-la-consommation\/","url_meta":{"origin":416,"position":4},"title":"Ecologie: taxation \u00e0 la consommation","author":"admin","date":"Tuesday December  1st, 2009","format":false,"excerpt":"Une id\u00e9e m'est venue (je ne sais pas si elle est lumineuse) lors de la lecture de cet article sur la d\u00e9croissance: Etes-vous pr\u00eats \u00e0 voter d\u00e9croissant ? Tout d'abord, pour couper court \u00e0 toute pol\u00e9mique, je ne suis pas pour la d\u00e9croissance m\u00eame si je me pose des question\u2026","rel":"","context":"In &quot;\u00e9cologie&quot;","block_context":{"text":"\u00e9cologie","link":"https:\/\/www.loicmathieu.fr\/wordpress\/category\/ecologie\/"},"img":{"alt_text":"","src":"","width":0,"height":0},"classes":[]},{"id":43,"url":"https:\/\/www.loicmathieu.fr\/wordpress\/politique\/manifestation-des-usagers-contre-la-sncf\/","url_meta":{"origin":416,"position":5},"title":"Manifestation des usagers contre la SNCF","author":"admin","date":"Friday September 14th, 2007","format":false,"excerpt":"Bonjour, Je suis usager r\u00e9gulier de la ligne Lille - Bruxelles, je suis donc abonn\u00e9 SNCF\/Eurostar sur cette ligne. Ce matin, j'ai particip\u00e9 \u00e0 une manifestation d'usagers contre la SNCF pour se plaindre de plusieurs points: retard r\u00e9gulier du train au d\u00e9part de Lille (20mn de retard 1 \u00e0 2\u2026","rel":"","context":"In &quot;politique&quot;","block_context":{"text":"politique","link":"https:\/\/www.loicmathieu.fr\/wordpress\/category\/politique\/"},"img":{"alt_text":"","src":"","width":0,"height":0},"classes":[]}],"_links":{"self":[{"href":"https:\/\/www.loicmathieu.fr\/wordpress\/wp-json\/wp\/v2\/posts\/416","targetHints":{"allow":["GET"]}}],"collection":[{"href":"https:\/\/www.loicmathieu.fr\/wordpress\/wp-json\/wp\/v2\/posts"}],"about":[{"href":"https:\/\/www.loicmathieu.fr\/wordpress\/wp-json\/wp\/v2\/types\/post"}],"author":[{"embeddable":true,"href":"https:\/\/www.loicmathieu.fr\/wordpress\/wp-json\/wp\/v2\/users\/1"}],"replies":[{"embeddable":true,"href":"https:\/\/www.loicmathieu.fr\/wordpress\/wp-json\/wp\/v2\/comments?post=416"}],"version-history":[{"count":0,"href":"https:\/\/www.loicmathieu.fr\/wordpress\/wp-json\/wp\/v2\/posts\/416\/revisions"}],"wp:attachment":[{"href":"https:\/\/www.loicmathieu.fr\/wordpress\/wp-json\/wp\/v2\/media?parent=416"}],"wp:term":[{"taxonomy":"category","embeddable":true,"href":"https:\/\/www.loicmathieu.fr\/wordpress\/wp-json\/wp\/v2\/categories?post=416"},{"taxonomy":"post_tag","embeddable":true,"href":"https:\/\/www.loicmathieu.fr\/wordpress\/wp-json\/wp\/v2\/tags?post=416"}],"curies":[{"name":"wp","href":"https:\/\/api.w.org\/{rel}","templated":true}]}}