{"id":44,"date":"2007-09-14T15:34:20","date_gmt":"2007-09-14T13:34:20","guid":{"rendered":""},"modified":"2008-02-02T08:42:51","modified_gmt":"2008-02-02T07:42:51","slug":"nouveau-tariffs-sncf-moins-de-flexibilite","status":"publish","type":"post","link":"https:\/\/www.loicmathieu.fr\/wordpress\/politique\/nouveau-tariffs-sncf-moins-de-flexibilite\/","title":{"rendered":"Nouveau tariffs SNCF = moins de flexibilit\u00e9"},"content":{"rendered":"<p>Bonjour,<\/p>\n<p>Et oui, encore un article sur la SNCF! Et encore un article en mal &#8230;<\/p>\n<p>Donc, pour moi les nouveau tarifs de la SNCF am\u00e8ne MOINS de flexibilit\u00e9 qu&#8217;avant, alors que toutes les entreprises essaye d&#8217;amener plus de flexibilit\u00e9 pour les consommateur, la SNCF fait l&#8217;inverse.<\/p>\n<p>Avant, l&#8217;achat du billet dans le train \u00e9t\u00e9 possible sans surtaxe (et oui, souvenez-vous de ce temps o\u00f9 lorsqu&#8217;une machine automatique \u00e9t\u00e9 en panne on pouvait quand m\u00eame prendre le train et acheter notre billet au tarif normal si on se pr\u00e9sentais tout de suite au contr\u00f4leur): depuis longtemps, tout achat dans le train (si on se pr\u00e9sente tout de suite et de nous m\u00eame), nous co\u00fbte 10\u20ac<\/p>\n<p>Aujourd&#8217;hui, si on veut faire un circuit en France, c&#8217;est de plus en plus dure de g\u00e9rer son budget. On va sur Internet, on regarde les prix et ensuite on se dit: &#8220;Je prend tel train \u00e0 telle heure, puis celui ci, puis celui ci&#8221;, ensuite on r\u00e9fl\u00e9chit puis on va pour acheter les billet, et l\u00e0, surprise, tout les prix on chang\u00e9, on n&#8217;a plus qu&#8217;\u00e0 refaire son planning en prenant compte des nouveaux tarifs.\nSurtout que d&#8217;une mani\u00e8re g\u00e9n\u00e9rale, les billets pas ch\u00e8re sont ceux que personne prend (un train Lille &#8211; Paris CDG \u00e0 11h30, apr\u00e8s tout les d\u00e9parts d&#8217;avions). Sans parler d&#8217;acheter un billets au dernier moment o\u00f9 l\u00e0 il faut \u00eatre franchement riche!\nLe train est en train de perdre tout son int\u00e9r\u00eat face \u00e0 l&#8217;avion.\nEt \u00e7a, c&#8217;est aujourd&#8217;hui! Car demain, la grille tarifaire va encore plus se compliquer au point telle que plus personne n&#8217;est capable de l&#8217;expliquer!<\/p>\n<p>Et bient\u00f4t aussi, le changement\/remboursement le jour m\u00eame du d\u00e9part sera payant (10\u20ac)! Encore une perte de flexibilit\u00e9! (surtout que \u00e9tant abonn\u00e9 TGV\/Eurostar, je ne prend que des r\u00e9servations que je n&#8217;\u00e9changerais donc plus &#8230; ces places seront perdue)<\/p>\n<p>Le plus grave \u00e9tant que cette flexibilit\u00e9 pass\u00e9 \u00e9t\u00e9 l&#8217;int\u00e9r\u00eat principale du train (car le service et la r\u00e9gularit\u00e9 des trains fran\u00e7ais est plut\u00f4t m\u00e9diocre) et que elle permettait de remplacer la voiture par le train (important pour des questions d&#8217;\u00e9cologie, le train \u00e9tant beaucoup moins polluant que la voiture).<\/p>\n<p>Alors service m\u00e9diocre, gr\u00e8ve incessante du personnel, perte de flexibilit\u00e9 des usagers &#8230; l&#8217;avenir de la SNCF (qui je le rappel, a un r\u00f4le normalement de service publique aupr\u00e8s des usagers qui la paye tr\u00e8s ch\u00e8re \u00e0 coup de subvention diverse et de financement de branche retraite et sant\u00e9 d\u00e9ficitaire) me semble plut\u00f4t mal engag\u00e9!<\/p>","protected":false},"excerpt":{"rendered":"<p>Bonjour, Et oui, encore un article sur la SNCF! Et encore un article en mal &#8230; Donc, pour moi les nouveau tarifs de la SNCF am\u00e8ne MOINS de flexibilit\u00e9 qu&#8217;avant, alors que toutes les entreprises essaye d&#8217;amener plus de flexibilit\u00e9 pour les consommateur, la SNCF fait l&#8217;inverse. Avant, l&#8217;achat du billet dans le train \u00e9t\u00e9 possible sans surtaxe (et oui, souvenez-vous de ce temps o\u00f9 lorsqu&#8217;une machine automatique \u00e9t\u00e9 en panne on pouvait quand m\u00eame prendre le train et acheter&#8230;<p class=\"read-more\"><a class=\"btn btn-default\" href=\"https:\/\/www.loicmathieu.fr\/wordpress\/politique\/nouveau-tariffs-sncf-moins-de-flexibilite\/\"> Read More<span class=\"screen-reader-text\">  Read More<\/span><\/a><\/p><\/p>","protected":false},"author":1,"featured_media":0,"comment_status":"open","ping_status":"open","sticky":false,"template":"","format":"standard","meta":{"jetpack_post_was_ever_published":false,"_jetpack_newsletter_access":"","_jetpack_dont_email_post_to_subs":false,"_jetpack_newsletter_tier_id":0,"_jetpack_memberships_contains_paywalled_content":false,"_jetpack_memberships_contains_paid_content":false,"activitypub_content_warning":"","activitypub_content_visibility":"","activitypub_max_image_attachments":4,"activitypub_interaction_policy_quote":"anyone","activitypub_status":"","footnotes":"","jetpack_publicize_message":"","jetpack_publicize_feature_enabled":true,"jetpack_social_post_already_shared":false,"jetpack_social_options":{"image_generator_settings":{"template":"highway","default_image_id":0,"font":"","enabled":false},"version":2}},"categories":[7],"tags":[150,19],"class_list":["post-44","post","type-post","status-publish","format-standard","hentry","category-politique","tag-politique","tag-transport"],"aioseo_notices":[],"jetpack_publicize_connections":[],"jetpack_featured_media_url":"","jetpack_sharing_enabled":true,"jetpack_likes_enabled":true,"jetpack-related-posts":[{"id":43,"url":"https:\/\/www.loicmathieu.fr\/wordpress\/politique\/manifestation-des-usagers-contre-la-sncf\/","url_meta":{"origin":44,"position":0},"title":"Manifestation des usagers contre la SNCF","author":"admin","date":"Friday September 14th, 2007","format":false,"excerpt":"Bonjour, Je suis usager r\u00e9gulier de la ligne Lille - Bruxelles, je suis donc abonn\u00e9 SNCF\/Eurostar sur cette ligne. Ce matin, j'ai particip\u00e9 \u00e0 une manifestation d'usagers contre la SNCF pour se plaindre de plusieurs points: retard r\u00e9gulier du train au d\u00e9part de Lille (20mn de retard 1 \u00e0 2\u2026","rel":"","context":"In &quot;politique&quot;","block_context":{"text":"politique","link":"https:\/\/www.loicmathieu.fr\/wordpress\/category\/politique\/"},"img":{"alt_text":"","src":"","width":0,"height":0},"classes":[]},{"id":72,"url":"https:\/\/www.loicmathieu.fr\/wordpress\/politique\/mondialisation-positive\/","url_meta":{"origin":44,"position":1},"title":"Mondialisation positive ?","author":"admin","date":"Thursday March 27th, 2008","format":false,"excerpt":"La mondialisation! Quand on entend ce terme, au d\u00e9but, on pense aux d\u00e9localisation ou \u00e0 l'offshore: d\u00e9placer des \u00e9quipes de d\u00e9veloppement informatique par exemple, \u00e0 l'autre bout de la plan\u00e8te (en inde, souvent). Depuis quelques temps, on d\u00e9localisait aussi un peu plus pr\u00eat de nous, en Europe de l'est (offshore\u2026","rel":"","context":"In &quot;informatique&quot;","block_context":{"text":"informatique","link":"https:\/\/www.loicmathieu.fr\/wordpress\/category\/informatique\/"},"img":{"alt_text":"","src":"","width":0,"height":0},"classes":[]},{"id":63,"url":"https:\/\/www.loicmathieu.fr\/wordpress\/politique\/etats-unis-vs-ecologie-encore-une-defaite\/","url_meta":{"origin":44,"position":2},"title":"Etats-unis vs \u00e9cologie: encore une d\u00e9faite","author":"admin","date":"Friday December 14th, 2007","format":false,"excerpt":"A la conf\u00e9rence de Bali, encore une fois, les Etats-unis on refus\u00e9 d'agir pour l'\u00e9cologie: http:\/\/www.lemonde.fr\/web\/article\/0,1-0@2-3244,36-989631,0.html?xtor=RSS-3208 Etats-unis = plus gros pollueur + premi\u00e8re puissance \u00e9nonomique + pays en d\u00e9veloppement qui fait le moins d'effort. Combien de temps les Etats-unis continuerons \u00e0 ruiner notre plan\u00e8te et \u00e0 emp\u00eacher tout anvancement au\u2026","rel":"","context":"In &quot;\u00e9cologie&quot;","block_context":{"text":"\u00e9cologie","link":"https:\/\/www.loicmathieu.fr\/wordpress\/category\/ecologie\/"},"img":{"alt_text":"","src":"","width":0,"height":0},"classes":[]},{"id":13,"url":"https:\/\/www.loicmathieu.fr\/wordpress\/politique\/campagne-electoral-clownesque\/","url_meta":{"origin":44,"position":3},"title":"Campagne \u00e9l\u00e9ctoral clownesque","author":"admin","date":"Thursday January 25th, 2007","format":false,"excerpt":"Bonjour, Ayant un peu de temps aujourd'hui ... pas beaucoup de boulot ... je m'ennuie un peut, je vais passer un petit coup de gueule. La campagne \u00e9lectorale me semble mal partie. Encore une fois, les m\u00e9dias nous font du tout et du n'importe quoi (surtout du n'importe quoi d'ailleurs).\u2026","rel":"","context":"In &quot;politique&quot;","block_context":{"text":"politique","link":"https:\/\/www.loicmathieu.fr\/wordpress\/category\/politique\/"},"img":{"alt_text":"","src":"","width":0,"height":0},"classes":[]},{"id":515,"url":"https:\/\/www.loicmathieu.fr\/wordpress\/voyage\/carnet-de-voyage-jordanie-partie-4-aqaba-et-la-mer-rouge\/","url_meta":{"origin":44,"position":4},"title":"Carnet de voyage Jordanie &#8211; partie 4 &#8211; Aqaba et la mer rouge","author":"admin","date":"Sunday February  6th, 2011","format":false,"excerpt":"Jour 12 \u00e0 16 Aqaba Apr\u00e8s 2H30 de voiture, nous voici arriv\u00e9 au Bedouin Village Garden \u00e0 Aqaba, un jolie h\u00f4tel en face de la mer rouge (de l'autre cot\u00e9 de la route) fait de bungalow climatis\u00e9, diss\u00e9min\u00e9 dans un jardin tropical remplit de terrasse et au milieu duquel tr\u00f4ne\u2026","rel":"","context":"In &quot;voyage&quot;","block_context":{"text":"voyage","link":"https:\/\/www.loicmathieu.fr\/wordpress\/category\/voyage\/"},"img":{"alt_text":"","src":"https:\/\/i0.wp.com\/loicmathieu.fr\/wordpress\/wp-content\/uploads\/Jordanie-Aqaba-1-300x200.jpg?resize=350%2C200","width":350,"height":200},"classes":[]},{"id":37,"url":"https:\/\/www.loicmathieu.fr\/wordpress\/politique\/la-censure-sarkozienne-touche-la-belgique\/","url_meta":{"origin":44,"position":5},"title":"la censure sarkozienne touche la Belgique","author":"admin","date":"Saturday June 16th, 2007","format":false,"excerpt":"Tout le monde en a entendue parler, notre cher pr\u00e9sident 'semblait' saoul au G8. Pour moi aucun probl\u00e8me, comme l'ont dit certain, \u00e7a le rend plus humain, plus proche de nous. Clairement, c'est normal d'\u00eatre 'gaie' apr\u00e9s avoir partager quelques verres, par courtoisie, avec les grands de ce monde. Surtout\u2026","rel":"","context":"In &quot;politique&quot;","block_context":{"text":"politique","link":"https:\/\/www.loicmathieu.fr\/wordpress\/category\/politique\/"},"img":{"alt_text":"","src":"","width":0,"height":0},"classes":[]}],"_links":{"self":[{"href":"https:\/\/www.loicmathieu.fr\/wordpress\/wp-json\/wp\/v2\/posts\/44","targetHints":{"allow":["GET"]}}],"collection":[{"href":"https:\/\/www.loicmathieu.fr\/wordpress\/wp-json\/wp\/v2\/posts"}],"about":[{"href":"https:\/\/www.loicmathieu.fr\/wordpress\/wp-json\/wp\/v2\/types\/post"}],"author":[{"embeddable":true,"href":"https:\/\/www.loicmathieu.fr\/wordpress\/wp-json\/wp\/v2\/users\/1"}],"replies":[{"embeddable":true,"href":"https:\/\/www.loicmathieu.fr\/wordpress\/wp-json\/wp\/v2\/comments?post=44"}],"version-history":[{"count":0,"href":"https:\/\/www.loicmathieu.fr\/wordpress\/wp-json\/wp\/v2\/posts\/44\/revisions"}],"wp:attachment":[{"href":"https:\/\/www.loicmathieu.fr\/wordpress\/wp-json\/wp\/v2\/media?parent=44"}],"wp:term":[{"taxonomy":"category","embeddable":true,"href":"https:\/\/www.loicmathieu.fr\/wordpress\/wp-json\/wp\/v2\/categories?post=44"},{"taxonomy":"post_tag","embeddable":true,"href":"https:\/\/www.loicmathieu.fr\/wordpress\/wp-json\/wp\/v2\/tags?post=44"}],"curies":[{"name":"wp","href":"https:\/\/api.w.org\/{rel}","templated":true}]}}