{"id":472,"date":"2011-01-17T21:23:11","date_gmt":"2011-01-17T19:23:11","guid":{"rendered":"http:\/\/loicmathieu.free.fr\/wordpress\/?p=472"},"modified":"2017-01-11T12:43:39","modified_gmt":"2017-01-11T10:43:39","slug":"carnet-de-voyage-jordanie-%e2%80%93-partie-2-%e2%80%93-la-descente-vers-le-sud","status":"publish","type":"post","link":"https:\/\/www.loicmathieu.fr\/wordpress\/voyage\/carnet-de-voyage-jordanie-%e2%80%93-partie-2-%e2%80%93-la-descente-vers-le-sud\/","title":{"rendered":"Carnet de voyage Jordanie \u2013 partie 2 \u2013 la descente vers le sud"},"content":{"rendered":"<p>Suite notre voyage, la descente vers le Sud. Je pr\u00e9vient tout de suite le lecteur, \u00e0 partir de l\u00e0, j&#8217;\u00e9tais vraiment malade, je vais donc moins rentrer dans les d\u00e9tails &#8230;<\/p>\n<h2>Jour 5 &#8211; Day off<\/h2>\n<p>Le 5e jour, je ne bouge pas de l&#8217;h\u00f4tel, trop malade de ce que je prend alors pour une simple tourista. Pendant ce temps l\u00e0, le reste du groupe va voir la mer morte en passant avant cela par le Mont Nebo.<\/p>\n<p>Le Mont Nebo offre un point de vue sur Isra\u00ebl et la vall\u00e9e du Jourdain &#8230; th\u00e9oriquement, mais apparemment ils n&#8217;en on vu que la brume, ce qui as l&#8217;air d&#8217;\u00eatre assez classique ici.<\/p>\n<p>Apr\u00e8s cela ils all\u00e8rent voire la mer morte, depuis un h\u00f4tel. Entr\u00e9e de l&#8217;h\u00f4tel environ 12\u20ac pour avoir acc\u00e8s \u00e0 une plage priv\u00e9e, des douches (obligatoire \u00e0 cause du sel) et une piscine (obligatoire \u00e0 cause de la chaleur). Ils y rest\u00e8rent la journ\u00e9e entre mer et piscine avec bain de boue et cocktail pendant que je soufrais en silence, seul,\u00a0 dans l&#8217;h\u00f4tel &#8230;<\/p>\n<p>La mer morte est si sal\u00e9e (environ 30% de sel, soit 10x la salinit\u00e9 d&#8217;une mer classique) qu&#8217;on ne peut y rester longtemps (10 minutes max) et qu&#8217;on ne peut r\u00e9ellement nager car on flotte (voir les photos classique de gens lisant leur journal dans la mer morte). De plus \u00e0 la moindre \u00e9gratignure, impossible de s&#8217;y plonger. Il parait m\u00eame que le sel s&#8217;insinue et pique dans tout les trous du corps &#8230; je vous laisse imaginer!<\/p>\n<p>Certain on m\u00eame tent\u00e9 la boue de la mer morte, 3\u20ac le sceau, on s&#8217;en met sur tout le corps, on attend normalement 10 minutes puis on se rince dans la mer! Id\u00e9ale pour tout les probl\u00e8mes de peau.<\/p>\n<p><a href=\"https:\/\/i0.wp.com\/loicmathieu.fr\/wordpress\/wp-content\/uploads\/Jordanie-La-mer-morte-1.jpg\"><img data-recalc-dims=\"1\" loading=\"lazy\" decoding=\"async\" class=\"alignnone size-medium wp-image-488\" title=\"Jordanie - La mer morte - 1\" src=\"https:\/\/i0.wp.com\/loicmathieu.fr\/wordpress\/wp-content\/uploads\/Jordanie-La-mer-morte-1-300x225.jpg?resize=300%2C225\" alt=\"\" width=\"300\" height=\"225\" srcset=\"https:\/\/i0.wp.com\/loicmathieu.fr\/wordpress\/wp-content\/uploads\/Jordanie-La-mer-morte-1.jpg?resize=300%2C225&amp;ssl=1 300w, https:\/\/i0.wp.com\/loicmathieu.fr\/wordpress\/wp-content\/uploads\/Jordanie-La-mer-morte-1.jpg?w=1024&amp;ssl=1 1024w\" sizes=\"auto, (max-width: 300px) 100vw, 300px\" \/><\/a> <a href=\"https:\/\/i0.wp.com\/loicmathieu.fr\/wordpress\/wp-content\/uploads\/Jordanie-La-mer-morte-2.jpg\"><img data-recalc-dims=\"1\" loading=\"lazy\" decoding=\"async\" class=\"alignnone size-medium wp-image-489\" title=\"Jordanie - La mer morte - 2\" src=\"https:\/\/i0.wp.com\/loicmathieu.fr\/wordpress\/wp-content\/uploads\/Jordanie-La-mer-morte-2-300x225.jpg?resize=300%2C225\" alt=\"\" width=\"300\" height=\"225\" srcset=\"https:\/\/i0.wp.com\/loicmathieu.fr\/wordpress\/wp-content\/uploads\/Jordanie-La-mer-morte-2.jpg?resize=300%2C225&amp;ssl=1 300w, https:\/\/i0.wp.com\/loicmathieu.fr\/wordpress\/wp-content\/uploads\/Jordanie-La-mer-morte-2.jpg?w=1024&amp;ssl=1 1024w\" sizes=\"auto, (max-width: 300px) 100vw, 300px\" \/><\/a><\/p>\n<h2>Jour 6 &#8211; Um El Rasas et Kerak<\/h2>\n<p>Je me sens un peu mieux aujourd&#8217;hui, nous prenons la direction de Kerak pour aller visiter la citadelle des crois\u00e9s. La route est magnifique, sinuant entre des vall\u00e9es que l&#8217;on nomme Wadi, au fond desquelles coules des rivi\u00e8res. Le paysage est min\u00e9rale, un d\u00e9luge de roche allant de l&#8217;ocre au rouge en passant par des milliers de teintes. Nous nous arr\u00eatons plusieurs fois pour admirer le paysage et bien sur prendre de nombreuses photos.<\/p>\n<p>Sur la route, un panneau indique Um El Rasas, inscrit au patrimoine mondiale de l&#8217;Unesco, nous d\u00e9cidons de faire un d\u00e9tour pour aller visiter le site. Le site a un visitor center tout neuf, des toilettes hyper classes et du personnel mais il reste gratuit car les fouilles ne sont pas encore finie. En gros le site est ferm\u00e9 mais visitable! Nous partons visiter le site guid\u00e9 par un policier qui nous m\u00e8nera vers un hangar contenant de magnifique mosa\u00efque (enfin, comme je vous l&#8217;ai d\u00e9j\u00e0 dit, je ne suis pas super fan des mosa\u00efque). Le site n&#8217;est pas encore am\u00e9nag\u00e9, il n&#8217;y a aucun panneau et peu de sentier marqu\u00e9, ce n&#8217;est donc pas \u00e9vident de savoir ce qu&#8217;il faut voir.<\/p>\n<p>Les mosa\u00efques du site sont tr\u00e8s bien conserv\u00e9es et plus belle que celles de Madaba. Le reste du site est un ensemble de palais et d&#8217;\u00e9glises dont il ne reste plus que des murs et quelques arches, de nombreuses mosa\u00efques sont cach\u00e9e par des b\u00e2ches en plastique car pas encore restaur\u00e9e. Le site est totalement d\u00e9sert, nous sommes les seuls \u00e0 le visiter, \u00e7a lui donne un air de ville fant\u00f4mes incas avec ses imposants mur de larges pierres anthracite. En tout cas, \u00e7a vaut le d\u00e9tour de se balader seul dans un site aussi grandiose.<\/p>\n<p><a href=\"https:\/\/i0.wp.com\/loicmathieu.fr\/wordpress\/wp-content\/uploads\/Jordanie-Um-El-Rasas-1.jpg\"><img data-recalc-dims=\"1\" loading=\"lazy\" decoding=\"async\" class=\"alignnone size-medium wp-image-490\" title=\"Jordanie - Um El Rasas - 1\" src=\"https:\/\/i0.wp.com\/loicmathieu.fr\/wordpress\/wp-content\/uploads\/Jordanie-Um-El-Rasas-1-300x200.jpg?resize=300%2C200\" alt=\"\" width=\"300\" height=\"200\" srcset=\"https:\/\/i0.wp.com\/loicmathieu.fr\/wordpress\/wp-content\/uploads\/Jordanie-Um-El-Rasas-1.jpg?resize=300%2C200&amp;ssl=1 300w, https:\/\/i0.wp.com\/loicmathieu.fr\/wordpress\/wp-content\/uploads\/Jordanie-Um-El-Rasas-1.jpg?w=1024&amp;ssl=1 1024w\" sizes=\"auto, (max-width: 300px) 100vw, 300px\" \/><\/a> <a href=\"https:\/\/i0.wp.com\/loicmathieu.fr\/wordpress\/wp-content\/uploads\/Jordanie-Um-El-Rasas-2.jpg\"><img data-recalc-dims=\"1\" loading=\"lazy\" decoding=\"async\" class=\"alignnone size-medium wp-image-491\" title=\"Jordanie - Um El Rasas - 2\" src=\"https:\/\/i0.wp.com\/loicmathieu.fr\/wordpress\/wp-content\/uploads\/Jordanie-Um-El-Rasas-2-300x200.jpg?resize=300%2C200\" alt=\"\" width=\"300\" height=\"200\" srcset=\"https:\/\/i0.wp.com\/loicmathieu.fr\/wordpress\/wp-content\/uploads\/Jordanie-Um-El-Rasas-2.jpg?resize=300%2C200&amp;ssl=1 300w, https:\/\/i0.wp.com\/loicmathieu.fr\/wordpress\/wp-content\/uploads\/Jordanie-Um-El-Rasas-2.jpg?w=1024&amp;ssl=1 1024w\" sizes=\"auto, (max-width: 300px) 100vw, 300px\" \/><\/a><\/p>\n<p>Nous reprenons la route vers Kerak, c&#8217;est une ville moche et peut accueillante, o\u00f9 les touristes ne viennent que pour la citadelle des crois\u00e9s. Nous mangeons dans un resto cher et pas super, visitons l&#8217;h\u00f4tel d&#8217;\u00e0 cot\u00e9 conseill\u00e9 par le routard qui s&#8217;av\u00e9rera miteux surtout pour le prix (25 JOD alors que le routard en annon\u00e7ais moins de 15)! Enfin, y voici dans la citadelle des crois\u00e9s. Perch\u00e9 en haut d&#8217;une montagne, 3 niveau au dessous de la terre, deux au dessus, c&#8217;est une citadelle imposante mais en grande partie en ruines.Ses murs \u00e9pais font 50m de hauteur dans le but d&#8217;impressionn\u00e9 et \u00e7a a dut marcher!<\/p>\n<p>On se balade dans une suite de sous-terrains et de pi\u00e8ces. Le site est assez grand, on grimpes sur des ruines, descend dans de vrai labyrinthe de sous sols et prend beaucoup de photos. On y reste plus d&#8217;une heure, c&#8217;est assez sympa.<\/p>\n<p>Apr\u00e8s \u00e7a, nous cherchons un h\u00f4tel, la ville \u00e9tant si peut sympathique, nous choisissons de ne pas rester dans le centre. Apr\u00e8s avoir chercher pas mal de temps nous trouvons en dehors de la ville, dans un quartier tranquille et sympa un h\u00f4tel qui nous loue une suite de deux chambres avec salon et cuisine pour 44 JOD. Apr\u00e8s nous \u00eatre install\u00e9 nous d\u00e9cidons d&#8217;aller boire un verre dans un caf\u00e9. Ici aucun caf\u00e9 pour touriste! A chaque caf\u00e9 il n&#8217;y a que des jordaniens en terrasse buvant un jus de fruit en fumant une shisha et jouant au carte, d\u00e8s, \u00e9chec. Traditionnel! Nous choisissons un caf\u00e9 et commandons de d\u00e9licieux cocktail de jus de fruit avec un shisha. Nous faisons sensation car il y a une femme dans notre groupe, seul femme de tout le caf\u00e9, et qu&#8217;en plus elle fume la shisha! Mais le patron du caf\u00e9 nous accueil avec un air bienveillant, nous sommes les seuls touristes du quartier apparemment! Nous faisons l&#8217;attraction et tout le monde est super sympa avec nous! Nous mangeons un shawarma \u00e0 la terrasse du meilleur resto du coin (\u00e0 ce qu&#8217;il parait), un petit restaurant de grillade sans pr\u00e9tention. Me sentant mieux j&#8217;abandonne les m\u00e9dicaments.<\/p>\n<p>De retour dans notre suite, le classique Belote-Arak avant d&#8217;aller nous coucher.<\/p>\n<p><a href=\"https:\/\/i0.wp.com\/loicmathieu.fr\/wordpress\/wp-content\/uploads\/Jordanie-Kerak-1.jpg\"><img data-recalc-dims=\"1\" loading=\"lazy\" decoding=\"async\" class=\"alignnone size-medium wp-image-486\" title=\"Jordanie - Kerak - 1\" src=\"https:\/\/i0.wp.com\/loicmathieu.fr\/wordpress\/wp-content\/uploads\/Jordanie-Kerak-1-300x200.jpg?resize=300%2C200\" alt=\"\" width=\"300\" height=\"200\" srcset=\"https:\/\/i0.wp.com\/loicmathieu.fr\/wordpress\/wp-content\/uploads\/Jordanie-Kerak-1.jpg?resize=300%2C200&amp;ssl=1 300w, https:\/\/i0.wp.com\/loicmathieu.fr\/wordpress\/wp-content\/uploads\/Jordanie-Kerak-1.jpg?w=1024&amp;ssl=1 1024w\" sizes=\"auto, (max-width: 300px) 100vw, 300px\" \/><\/a> <a href=\"https:\/\/i0.wp.com\/loicmathieu.fr\/wordpress\/wp-content\/uploads\/Jordanie-Kerak-2.jpg\"><img data-recalc-dims=\"1\" loading=\"lazy\" decoding=\"async\" class=\"alignnone size-medium wp-image-487\" title=\"Jordanie - Kerak - 2\" src=\"https:\/\/i0.wp.com\/loicmathieu.fr\/wordpress\/wp-content\/uploads\/Jordanie-Kerak-2-300x200.jpg?resize=300%2C200\" alt=\"\" width=\"300\" height=\"200\" srcset=\"https:\/\/i0.wp.com\/loicmathieu.fr\/wordpress\/wp-content\/uploads\/Jordanie-Kerak-2.jpg?resize=300%2C200&amp;ssl=1 300w, https:\/\/i0.wp.com\/loicmathieu.fr\/wordpress\/wp-content\/uploads\/Jordanie-Kerak-2.jpg?w=1024&amp;ssl=1 1024w\" sizes=\"auto, (max-width: 300px) 100vw, 300px\" \/><\/a><\/p>\n<h2>Jour 7 &#8211; Retour vers la mer morte\n<!--more--><\/h2>\n<p>A\u00efe, rechute, j&#8217;aurais jamais dut abandonner les m\u00e9docs &#8230;<\/p>\n<p>Nous voici parti de nouveau vers la mer morte. Nous nous dirigeons vers le Dead Sea Panoramic Complex. Un restaurant mus\u00e9e panoramique de la mer morte. Arriv\u00e9e sur place, une chaleur de fou, un soleil de plomb! Nous mangeons rapidement notre pic nique, admirons le panorama sur la mer morte (le complexe est tr\u00e8s haut et on voit super loin). La partie mus\u00e9e est\u00a0 int\u00e9ressante, il parle de la cr\u00e9ation de la mer morte, cette mer qui recule \u00e0 grande vitesse et qui \u00e0 cause de \u00e7a a une salinit\u00e9 unique au monde (30% de sel au lieu de 3% dans l&#8217;oc\u00e9an). On y d\u00e9couvre les rares \u00eatres vivants qui sont capable de survivre \u00e0 cette salinit\u00e9, la richesse de ses min\u00e9raux (avec lesquels on fait des cosm\u00e9tique utilis\u00e9 dans le monde entier) et surtout les raisons de sa disparition programm\u00e9 d&#8217;ici une petite centaines d&#8217;ann\u00e9e : l&#8217;homme! En effet c&#8217;est principalement l&#8217;exploitation du Jourdain par les pays en amont de la mer morte qui tarissent la mer morte, accentu\u00e9 par l&#8217;exploitation \u00e0 outrance de ses ressources en min\u00e9raux et autres.<\/p>\n<p>Nous nous dirigeons ensuite vers le Wadi Muji, de magnifique gorges dans lesquels on peut faire du canyonning en autonomie, je suis trop fatigu\u00e9 par la maladie pour en faire donc j&#8217;attends les autres sur le bord de la rivi\u00e8re. A ce qu&#8217;on m&#8217;en a racont\u00e9, g\u00e9nial, 2H de ballade dans les gorges, emport\u00e9 par le courant, sautant des les piscines naturel, d\u00e9valant les roches, &#8230; \u00e0 ne pas louper.<\/p>\n<p><a href=\"https:\/\/i0.wp.com\/loicmathieu.fr\/wordpress\/wp-content\/uploads\/Jordanie-Wadi-Mujib-1.jpg\"><img data-recalc-dims=\"1\" loading=\"lazy\" decoding=\"async\" class=\"alignnone size-medium wp-image-492\" title=\"Jordanie - Wadi Mujib - 1\" src=\"https:\/\/i0.wp.com\/loicmathieu.fr\/wordpress\/wp-content\/uploads\/Jordanie-Wadi-Mujib-1-300x200.jpg?resize=300%2C200\" alt=\"\" width=\"300\" height=\"200\" srcset=\"https:\/\/i0.wp.com\/loicmathieu.fr\/wordpress\/wp-content\/uploads\/Jordanie-Wadi-Mujib-1.jpg?resize=300%2C200&amp;ssl=1 300w, https:\/\/i0.wp.com\/loicmathieu.fr\/wordpress\/wp-content\/uploads\/Jordanie-Wadi-Mujib-1.jpg?w=1024&amp;ssl=1 1024w\" sizes=\"auto, (max-width: 300px) 100vw, 300px\" \/><\/a> <a href=\"https:\/\/i0.wp.com\/loicmathieu.fr\/wordpress\/wp-content\/uploads\/Jordanie-Wadi-Mujib-2.jpg\"><img data-recalc-dims=\"1\" loading=\"lazy\" decoding=\"async\" class=\"alignnone size-medium wp-image-493\" title=\"Jordanie - Wadi Mujib - 2\" src=\"https:\/\/i0.wp.com\/loicmathieu.fr\/wordpress\/wp-content\/uploads\/Jordanie-Wadi-Mujib-2-300x200.jpg?resize=300%2C200\" alt=\"\" width=\"300\" height=\"200\" srcset=\"https:\/\/i0.wp.com\/loicmathieu.fr\/wordpress\/wp-content\/uploads\/Jordanie-Wadi-Mujib-2.jpg?resize=300%2C200&amp;ssl=1 300w, https:\/\/i0.wp.com\/loicmathieu.fr\/wordpress\/wp-content\/uploads\/Jordanie-Wadi-Mujib-2.jpg?w=1024&amp;ssl=1 1024w\" sizes=\"auto, (max-width: 300px) 100vw, 300px\" \/><\/a><\/p>\n<p>Nous prenons ensuite la route pour Dana, un petit village de berger quasiment d\u00e9sert et en grande partie en ruine mais avec quelques h\u00f4tels qui servent de bases \u00e0 la visite de la r\u00e9serve. Nous prenons plus de 3H pour y arriver, attention, faire le plein d&#8217;essence avant car la route grimpe bien et il y a peut de pompe \u00e0 essence.<\/p>\n<p>Nous descendons au Dana Tower Hotel, un petit h\u00f4tel de routard avec des terrasses partout et de nombreux b\u00e2timent \u00e0 15 JOD la nuit par personne repas petit d\u00e9jeuner et repas du soir compris. L&#8217;h\u00f4tel est vraiment sympa, le personne est tr\u00e8s gentil et attentionn\u00e9 (\u00e0 condition que l&#8217;on mange bien, on aura droit \u00e0 de nombreux &#8220;eat more eat more&#8221; jusqu&#8217;\u00e0 ce que nous finissions tout les plats qu&#8217;ils nous avaient amen\u00e9!). Le repas du soir est tr\u00e8s bon, un buffet de plats traditionnel ). Mais le vrai plus de cet h\u00f4tel est Azim, son propri\u00e9taire qui en est l&#8217;\u00e2me : gentillesse, joie de vivre, v\u00e9ritable bout en train qui n&#8217;arr\u00eate jamais de chanter ! Il faut le d\u00e9tour \u00e0 lui tout seul!<\/p>\n<h2>Jour 8 &#8211; Dana<\/h2>\n<p>Une des pires nuits de ma vie, et aussi la premi\u00e8re fois ou je souffre de d\u00e9shydratation! Mal au crane toute la nuit, presque par dormit, je reste \u00e0 l&#8217;h\u00f4tel me reposer et me r\u00e9hydrat\u00e9 pendant que les autres visitent la r\u00e9serve.<\/p>\n<p>La ville est calme : 3 h\u00f4tel de touriste, quelques berger et leurs ch\u00e8vre, et des chiens, les vrai propri\u00e9taire de la ville. Un petit village presque enti\u00e8rement en ruine, de vielles maison de pierre avec une vue spectaculaire sur la r\u00e9serve de Dana. Je passe la journ\u00e9e \u00e0 lire en me baladant de terrasse en terrasse (il y en a 4 dans l&#8217;h\u00f4tel).<\/p>\n<p>Pendant ce temps l\u00e0, les autres on bien crapahut\u00e9 dans la r\u00e9serve, \u00e0 rentrer compl\u00e8tement crev\u00e9. Deux ballades dans les montagnes, visite des grottes. Un paysage assez d\u00e9sertique et rocailleux, tr\u00e8s peut d&#8217;animaux mais ils ont l&#8217;aire tr\u00e8s content.<\/p>\n<p><a href=\"https:\/\/i0.wp.com\/loicmathieu.fr\/wordpress\/wp-content\/uploads\/Jordanie-Dana-1.jpg\"><img data-recalc-dims=\"1\" loading=\"lazy\" decoding=\"async\" class=\"alignnone size-medium wp-image-484\" title=\"Jordanie - Dana - 1\" src=\"https:\/\/i0.wp.com\/loicmathieu.fr\/wordpress\/wp-content\/uploads\/Jordanie-Dana-1-300x225.jpg?resize=300%2C225\" alt=\"\" width=\"300\" height=\"225\" srcset=\"https:\/\/i0.wp.com\/loicmathieu.fr\/wordpress\/wp-content\/uploads\/Jordanie-Dana-1.jpg?resize=300%2C225&amp;ssl=1 300w, https:\/\/i0.wp.com\/loicmathieu.fr\/wordpress\/wp-content\/uploads\/Jordanie-Dana-1.jpg?w=1024&amp;ssl=1 1024w\" sizes=\"auto, (max-width: 300px) 100vw, 300px\" \/><\/a> <a href=\"https:\/\/i0.wp.com\/loicmathieu.fr\/wordpress\/wp-content\/uploads\/Jordanie-Dana-2.jpg\"><img data-recalc-dims=\"1\" loading=\"lazy\" decoding=\"async\" class=\"alignnone size-medium wp-image-485\" title=\"Jordanie - Dana - 2\" src=\"https:\/\/i0.wp.com\/loicmathieu.fr\/wordpress\/wp-content\/uploads\/Jordanie-Dana-2-300x200.jpg?resize=300%2C200\" alt=\"\" width=\"300\" height=\"200\" srcset=\"https:\/\/i0.wp.com\/loicmathieu.fr\/wordpress\/wp-content\/uploads\/Jordanie-Dana-2.jpg?resize=300%2C200&amp;ssl=1 300w, https:\/\/i0.wp.com\/loicmathieu.fr\/wordpress\/wp-content\/uploads\/Jordanie-Dana-2.jpg?w=1024&amp;ssl=1 1024w\" sizes=\"auto, (max-width: 300px) 100vw, 300px\" \/><\/a><\/p>\n<p>Soir\u00e9e sympa avec un buffet imposant de plat traditionnel. On rend la voiture et Azim nous en trouve une autre pour le lendemain, direction Petra!<\/p>\n<p>Le prochain article : <a title=\"Jordanie - Petra, la ville rose\" href=\"http:\/\/loicmathieu.fr\/wordpress\/index.php\/voyage\/carnet-de-voyage-jordanie-%E2%80%93-partie-3-%E2%80%93-petra\/\" target=\"_self\">Petra, la ville rose<\/a><\/p>","protected":false},"excerpt":{"rendered":"<p>Suite notre voyage, la descente vers le Sud. Je pr\u00e9vient tout de suite le lecteur, \u00e0 partir de l\u00e0, j&#8217;\u00e9tais vraiment malade, je vais donc moins rentrer dans les d\u00e9tails &#8230; Jour 5 &#8211; Day off Le 5e jour, je ne bouge pas de l&#8217;h\u00f4tel, trop malade de ce que je prend alors pour une simple tourista. Pendant ce temps l\u00e0, le reste du groupe va voir la mer morte en passant avant cela par le Mont Nebo. Le Mont&#8230;<p class=\"read-more\"><a class=\"btn btn-default\" href=\"https:\/\/www.loicmathieu.fr\/wordpress\/voyage\/carnet-de-voyage-jordanie-%e2%80%93-partie-2-%e2%80%93-la-descente-vers-le-sud\/\"> Read More<span class=\"screen-reader-text\">  Read More<\/span><\/a><\/p><\/p>","protected":false},"author":1,"featured_media":0,"comment_status":"open","ping_status":"open","sticky":false,"template":"","format":"standard","meta":{"jetpack_post_was_ever_published":false,"_jetpack_newsletter_access":"","_jetpack_dont_email_post_to_subs":true,"_jetpack_newsletter_tier_id":0,"_jetpack_memberships_contains_paywalled_content":false,"_jetpack_memberships_contains_paid_content":false,"activitypub_content_warning":"","activitypub_content_visibility":"","activitypub_max_image_attachments":4,"activitypub_interaction_policy_quote":"anyone","activitypub_status":"","footnotes":"","jetpack_publicize_message":"","jetpack_publicize_feature_enabled":true,"jetpack_social_post_already_shared":false,"jetpack_social_options":{"image_generator_settings":{"template":"highway","default_image_id":0,"font":"","enabled":false},"version":2}},"categories":[6],"tags":[134,125,135,133,132,131],"class_list":["post-472","post","type-post","status-publish","format-standard","hentry","category-voyage","tag-dana","tag-jordanie","tag-kerak","tag-mer-morte","tag-um-el-rasas","tag-wadi-mujib"],"aioseo_notices":[],"jetpack_publicize_connections":[],"jetpack_featured_media_url":"","jetpack_sharing_enabled":true,"jetpack_likes_enabled":true,"jetpack-related-posts":[{"id":515,"url":"https:\/\/www.loicmathieu.fr\/wordpress\/voyage\/carnet-de-voyage-jordanie-partie-4-aqaba-et-la-mer-rouge\/","url_meta":{"origin":472,"position":0},"title":"Carnet de voyage Jordanie &#8211; partie 4 &#8211; Aqaba et la mer rouge","author":"admin","date":"Sunday February  6th, 2011","format":false,"excerpt":"Jour 12 \u00e0 16 Aqaba Apr\u00e8s 2H30 de voiture, nous voici arriv\u00e9 au Bedouin Village Garden \u00e0 Aqaba, un jolie h\u00f4tel en face de la mer rouge (de l'autre cot\u00e9 de la route) fait de bungalow climatis\u00e9, diss\u00e9min\u00e9 dans un jardin tropical remplit de terrasse et au milieu duquel tr\u00f4ne\u2026","rel":"","context":"In &quot;voyage&quot;","block_context":{"text":"voyage","link":"https:\/\/www.loicmathieu.fr\/wordpress\/category\/voyage\/"},"img":{"alt_text":"","src":"https:\/\/i0.wp.com\/loicmathieu.fr\/wordpress\/wp-content\/uploads\/Jordanie-Aqaba-1-300x200.jpg?resize=350%2C200","width":350,"height":200},"classes":[]},{"id":498,"url":"https:\/\/www.loicmathieu.fr\/wordpress\/voyage\/carnet-de-voyage-jordanie-%e2%80%93-partie-3-%e2%80%93-petra\/","url_meta":{"origin":472,"position":1},"title":"Carnet de voyage Jordanie \u2013 partie 3 \u2013 Petra","author":"admin","date":"Friday January 28th, 2011","format":false,"excerpt":"Jour 9 et 10 - La polyclinique de Petra Nous voici enfin \u00e0 Petra, la ville rose. Un des plus beau site de cette partie du monde, class\u00e9e au patrimoine mondiale de l'UNESCO. Nous d\u00e9scendons au Valentine's Hostel, ce n'\u00e9t\u00e9 pas l'h\u00f4tel que nous voulions (il \u00e9t\u00e9 complet), mais un\u2026","rel":"","context":"In &quot;voyage&quot;","block_context":{"text":"voyage","link":"https:\/\/www.loicmathieu.fr\/wordpress\/category\/voyage\/"},"img":{"alt_text":"","src":"https:\/\/i0.wp.com\/loicmathieu.fr\/wordpress\/wp-content\/uploads\/Jordanie-Petra-La-ville-basse-300x225.jpg?resize=350%2C200","width":350,"height":200},"classes":[]},{"id":426,"url":"https:\/\/www.loicmathieu.fr\/wordpress\/voyage\/carnet-de-voyage-jordanie-partie-1-le-nord\/","url_meta":{"origin":472,"position":2},"title":"Carnet de voyage Jordanie &#8211;  partie 1 &#8211; le nord","author":"admin","date":"Thursday January  6th, 2011","format":false,"excerpt":"Jour 1 : L'arriv\u00e9 \u00e0 Madaba Une s\u00e9rie d'article sur la Jordanie, pays magnifique que j'ai eu la chance de traverser lors de mes derni\u00e8re vacances du 12\/09\/2010 au 02\/10\/2010. Tout d\u00e9bute ... comme d'habitude par une nuit quasiment blanche avant de prendre l'avion. Train, attente, embarquement ... 4h30 apr\u00e8s\u2026","rel":"","context":"In &quot;voyage&quot;","block_context":{"text":"voyage","link":"https:\/\/www.loicmathieu.fr\/wordpress\/category\/voyage\/"},"img":{"alt_text":"","src":"https:\/\/i0.wp.com\/loicmathieu.fr\/wordpress\/wp-content\/uploads\/Jordanie_Madaba_Mosaique_1.jpg?resize=350%2C200","width":350,"height":200},"classes":[]},{"id":531,"url":"https:\/\/www.loicmathieu.fr\/wordpress\/voyage\/carnet-de-voyage-jordanie-%e2%80%93-partie-5-le-desert-du-wadi-rum\/","url_meta":{"origin":472,"position":3},"title":"Carnet de voyage Jordanie \u2013 partie 5 &#8211; Le d\u00e9sert du Wadi Rum","author":"admin","date":"Saturday April  2nd, 2011","format":false,"excerpt":"Jour 17 et 18 - Le d\u00e9sert du Wadi Rum Derni\u00e8re \u00e9tape de notre voyage, le d\u00e9sert du Wadi Rum. Au programme, d\u00e9part t\u00f4t de l\u2019h\u00f4tel apr\u00e8s avoir avaler \u00e0 toute vitesse notre petit d\u00e9jeuner, deux taxi qui remontent pour nous d\u00e9poser aux portes du d\u00e9sert du Wadi Rum, le\u2026","rel":"","context":"In &quot;voyage&quot;","block_context":{"text":"voyage","link":"https:\/\/www.loicmathieu.fr\/wordpress\/category\/voyage\/"},"img":{"alt_text":"Jordanie - Wadi Rum -1","src":"https:\/\/i0.wp.com\/loicmathieu.fr\/wordpress\/wp-content\/uploads\/IMG_1008-300x200.jpg?resize=350%2C200","width":350,"height":200},"classes":[]},{"id":243,"url":"https:\/\/www.loicmathieu.fr\/wordpress\/voyage\/carnet-de-voyage-madagascar-tulear-ifaty\/","url_meta":{"origin":472,"position":4},"title":"Carnet de voyage &#8211; Madagascar &#8211; Tulear &#8211; Ifaty","author":"admin","date":"Monday March 30th, 2009","format":false,"excerpt":"Premier jour: Et voici la derni\u00e8re partie de notre voyage le long de la RN7 en voiture (mais rassurez vous, pas la derni\u00e8re partie de notre voyage). Le paysage change tr\u00e8s vite: les montages s'effacent pour laisser place \u00e0 un paysage d\u00e9sertique, ravag\u00e9 par le feux \u00e0 de nombreux endroit.\u2026","rel":"","context":"In &quot;voyage&quot;","block_context":{"text":"voyage","link":"https:\/\/www.loicmathieu.fr\/wordpress\/category\/voyage\/"},"img":{"alt_text":"Madagascar - Un baobab sur la RN7 vers Tulear","src":"https:\/\/i0.wp.com\/www.loicmathieu.fr\/wordpress\/wp-content\/uploads\/madagascar-un-arbre-sur-la-rn7-vers-tulear.jpg?resize=350%2C200","width":350,"height":200},"classes":[]},{"id":202,"url":"https:\/\/www.loicmathieu.fr\/wordpress\/voyage\/carnet-de-voyage-madagascar-isalo\/","url_meta":{"origin":472,"position":5},"title":"Carnet de voyage &#8211; Madagascar &#8211; Isalo","author":"admin","date":"Wednesday February 11th, 2009","format":false,"excerpt":"Le premier jour : Nous partons t\u00f4t de Sahambavy pour nous rendre dans l'Isalo (prononcez Ichale). Trois heures de route. Le paysage \u00e9volue tr\u00e8s vite, on comprend vite que nous allons dans le Sud. La for\u00eat tropicale luxuriante et verdoyante laisse place petit \u00e0 petit \u00e0 un paysage montagneux de\u2026","rel":"","context":"In &quot;voyage&quot;","block_context":{"text":"voyage","link":"https:\/\/www.loicmathieu.fr\/wordpress\/category\/voyage\/"},"img":{"alt_text":"Madagascar - Isalo - Paysage depuis la voiture - 1","src":"https:\/\/i0.wp.com\/www.loicmathieu.fr\/wordpress\/wp-content\/uploads\/madagascar-isalo-paysage-depuis-la-voiture-1.jpg?resize=350%2C200","width":350,"height":200},"classes":[]}],"_links":{"self":[{"href":"https:\/\/www.loicmathieu.fr\/wordpress\/wp-json\/wp\/v2\/posts\/472","targetHints":{"allow":["GET"]}}],"collection":[{"href":"https:\/\/www.loicmathieu.fr\/wordpress\/wp-json\/wp\/v2\/posts"}],"about":[{"href":"https:\/\/www.loicmathieu.fr\/wordpress\/wp-json\/wp\/v2\/types\/post"}],"author":[{"embeddable":true,"href":"https:\/\/www.loicmathieu.fr\/wordpress\/wp-json\/wp\/v2\/users\/1"}],"replies":[{"embeddable":true,"href":"https:\/\/www.loicmathieu.fr\/wordpress\/wp-json\/wp\/v2\/comments?post=472"}],"version-history":[{"count":0,"href":"https:\/\/www.loicmathieu.fr\/wordpress\/wp-json\/wp\/v2\/posts\/472\/revisions"}],"wp:attachment":[{"href":"https:\/\/www.loicmathieu.fr\/wordpress\/wp-json\/wp\/v2\/media?parent=472"}],"wp:term":[{"taxonomy":"category","embeddable":true,"href":"https:\/\/www.loicmathieu.fr\/wordpress\/wp-json\/wp\/v2\/categories?post=472"},{"taxonomy":"post_tag","embeddable":true,"href":"https:\/\/www.loicmathieu.fr\/wordpress\/wp-json\/wp\/v2\/tags?post=472"}],"curies":[{"name":"wp","href":"https:\/\/api.w.org\/{rel}","templated":true}]}}