{"id":498,"date":"2011-01-28T20:04:16","date_gmt":"2011-01-28T18:04:16","guid":{"rendered":"http:\/\/loicmathieu.free.fr\/wordpress\/?p=498"},"modified":"2017-01-11T12:42:31","modified_gmt":"2017-01-11T10:42:31","slug":"carnet-de-voyage-jordanie-%e2%80%93-partie-3-%e2%80%93-petra","status":"publish","type":"post","link":"https:\/\/www.loicmathieu.fr\/wordpress\/voyage\/carnet-de-voyage-jordanie-%e2%80%93-partie-3-%e2%80%93-petra\/","title":{"rendered":"Carnet de voyage Jordanie \u2013 partie 3 \u2013 Petra"},"content":{"rendered":"<h2>Jour 9 et 10 &#8211; La polyclinique de Petra<\/h2>\n<p>Nous voici enfin \u00e0 Petra, la ville rose. Un des plus beau site de cette partie du monde, class\u00e9e au patrimoine mondiale de l&#8217;UNESCO.<\/p>\n<p>Nous d\u00e9scendons au Valentine&#8217;s Hostel, ce n&#8217;\u00e9t\u00e9 pas l&#8217;h\u00f4tel que nous voulions (il \u00e9t\u00e9 complet), mais un h\u00f4tel conseill\u00e9, n\u00e9goci\u00e9 et r\u00e9serv\u00e9 par Azim du Dana Tower Hostel. Petra est cher, et cet h\u00f4tel l&#8217;est pour ce qu&#8217;il est. Nous prenons une chambre pour 5 en demi-pension (petit-dej + repas du soir buffet assez sympa). La chambre est plut\u00f4t bof, elle fait la longueur de 4 lit mis cote \u00e0 cite qui sont coll\u00e9 l&#8217;au aux autre et un petit lit est mis dans l&#8217;autre sens pour faire la cinqui\u00e8me place. L&#8217;h\u00f4tel est bruyant et la patronne &#8230; parfois sympa et parfois pas.<\/p>\n<p>Mon s\u00e9jour \u00e0 Petra fut l&#8217;occasion d&#8217;une exp\u00e9rience unique : un s\u00e9jour de deux jours dans un h\u00f4pital jordanien (en h\u00f4pital de jour, uniquement). D\u00e8s mon arriv\u00e9 j&#8217;app\u00e8le un m\u00e9decin qui m&#8217;emm\u00e8ne \u00e0 la Polyclinique de Petra o\u00f9 je fut bien accueillit (on voit qu&#8217;ils prennent soin des touristes) dans une clinique sombre, \u00e0 la propret\u00e9 douteuse &#8230; mais tout est \u00e0 usage unique et je n&#8217;en suis pas mort. Perfusion de r\u00e9-hydratation, deux antibiotiques \u00e0 large spectre en perfusion deux fois par jours pendant deux jours, puis 10 jours de deux antibiotiques \u00e0 large spectre en cachet &#8230; je vous passe les d\u00e9tails. Une m\u00e9chante bact\u00e9rie squatte mon organisme.<\/p>\n<p>Pendant ce temps, le reste du groupe passe deux jours dans Petra. Le premier il firent la ballade que je fit le dernier jour. Et le deuxi\u00e8me jour ils all\u00e8rent au Monast\u00e8re (Ed Deir), le deuxi\u00e8me plus beau b\u00e2timent de Petra (ou alors le premier, je ne l&#8217;ai pas vu de mes yeux mais les photos sont impressionnantes). Il faut grimper 800 marches en plein soleil pour y acc\u00e9der, mais l&#8217;effort est bien r\u00e9compens\u00e9. Le Monast\u00e8re est un b\u00e2timent \u00e0 l&#8217;architecture proche du Khazneh mais en plus imposant, et sans les d\u00e9g\u00e2ts fait par les b\u00e9douins. Il n&#8217;a \u00e9t\u00e9 d\u00e9couvert que r\u00e9cemment et daterais du 1er si\u00e8cle et aurait \u00e9t\u00e9 un refuge pour les premiers chr\u00e9tien d&#8217;o\u00f9 son nom.<\/p>\n<p>Voici deux photos prises par eux :<\/p>\n<p><a href=\"https:\/\/i0.wp.com\/loicmathieu.fr\/wordpress\/wp-content\/uploads\/Jordanie-Petra-La-ville-basse.jpg\"><img data-recalc-dims=\"1\" loading=\"lazy\" decoding=\"async\" class=\"alignnone size-medium wp-image-507\" title=\"Jordanie - Petra - La ville basse\" src=\"https:\/\/i0.wp.com\/loicmathieu.fr\/wordpress\/wp-content\/uploads\/Jordanie-Petra-La-ville-basse-300x225.jpg?resize=300%2C225\" alt=\"\" width=\"300\" height=\"225\" srcset=\"https:\/\/i0.wp.com\/loicmathieu.fr\/wordpress\/wp-content\/uploads\/Jordanie-Petra-La-ville-basse.jpg?resize=300%2C225&amp;ssl=1 300w, https:\/\/i0.wp.com\/loicmathieu.fr\/wordpress\/wp-content\/uploads\/Jordanie-Petra-La-ville-basse.jpg?w=1024&amp;ssl=1 1024w\" sizes=\"auto, (max-width: 300px) 100vw, 300px\" \/><\/a> <a href=\"https:\/\/i0.wp.com\/loicmathieu.fr\/wordpress\/wp-content\/uploads\/Jordanie-Petra-Le-Monaster-ed-Deir.jpg\"><img data-recalc-dims=\"1\" loading=\"lazy\" decoding=\"async\" class=\"alignnone size-medium wp-image-509\" title=\"Jordanie - Petra - Le Monaster (ed Deir)\" src=\"https:\/\/i0.wp.com\/loicmathieu.fr\/wordpress\/wp-content\/uploads\/Jordanie-Petra-Le-Monaster-ed-Deir-300x225.jpg?resize=300%2C225\" alt=\"\" width=\"300\" height=\"225\" srcset=\"https:\/\/i0.wp.com\/loicmathieu.fr\/wordpress\/wp-content\/uploads\/Jordanie-Petra-Le-Monaster-ed-Deir.jpg?resize=300%2C225&amp;ssl=1 300w, https:\/\/i0.wp.com\/loicmathieu.fr\/wordpress\/wp-content\/uploads\/Jordanie-Petra-Le-Monaster-ed-Deir.jpg?w=1024&amp;ssl=1 1024w\" sizes=\"auto, (max-width: 300px) 100vw, 300px\" \/><\/a><\/p>\n<h2>Jour 11 &#8211; Le site de Petra<\/h2>\n<p>Le troisi\u00e8me jour, direction Petra. Je suis tr\u00e8s fatigu\u00e9 (la nuit pr\u00e9c\u00e9dente a \u00e9t\u00e9 quasiment blanche pour cause de ronflement intempestif et de vent qui fait claquer les fen\u00eatres! Quand la chance nous abandonne &#8230;) mais je me bouge quand m\u00eame pour visiter Petra, et \u00e7a valais le coup de se forcer! En plus j&#8217;ai put visiter Petra dans des conditions exceptionnelle : sous la pluie alors qu&#8217;il ne pleut jamais l\u00e0 ba!<\/p>\n<p>Apr\u00e8s l&#8217;entr\u00e9e sur le site, un chemin sur lequel vont \u00e0 toute vitesse des cal\u00e8ches et au bord duquel on commence \u00e0 d\u00e9couvrir quelques roches sculpt\u00e9e et quelques petite fa\u00e7ades troglodyte d\u00e9fraichie. D\u00e8s l&#8217;entr\u00e9, le site est \u00e9tonnant et envoutant. Puis apparais une profonde forge aux couleur \u00e9clatant dans les tons roses avec des veinures jaune et parfois tirant vers le bleu. Le Siq, le seul point d&#8217;acc\u00e8s \u00e0 Petra, magnifique, il faut d\u00e9j\u00e0 \u00e0 lui seul le d\u00e9tour. De chaque cot\u00e9 des falaises de plus de 50m de haut et nous serpentant dans un boyaux faisant parfois \u00e0 peine plus d&#8217;un m\u00e8tre de large et o\u00f9 le vent s&#8217;engouffre et soul\u00e8ve un sable rose qui nous gifle le visage. C&#8217;est ce qui aurais prot\u00e9g\u00e9 le site : invisible et difficile d&#8217;acc\u00e8s pour ceux qui ne connaissent pas. Avant de nombreux chemin maintenant mur\u00e9 faisaient se perde l&#8217;explorateur. Le Siq explose de couleurs allant de l&#8217;ocre aux rouge dans une beaut\u00e9 min\u00e9rale \u00e0 vous couper le souffle.<\/p>\n<p>Apr\u00e8s plus d&#8217;un km, au d\u00e9tour d&#8217;un tournant, le voici qui apparait, le plus connus des b\u00e2timents de Petra, le Khazneh, le fameux temple d&#8217;Indiana Jones, creus\u00e9 \u00e0 m\u00eame la roche. Une splendeur. Il est plac\u00e9 en face de la sortie du Siq, sur une petite place qui permet \u00e0 peine d&#8217;avoir assez de recule pour le contempler en entier. L&#8217;effet est saisissant. Creus\u00e9 \u00e0 m\u00eame la roche un b\u00e2timent de cette taille \u00e0 cette \u00e9poque a dut \u00eatre une t\u00e2che titanesque. Il est plut\u00f4t bien conserv\u00e9 \u00e0 part que les B\u00e9douin qui gardaient le lieu ont tir\u00e9 dessus pour cass\u00e9 la grande urne qui tr\u00f4ne tout en haut, r\u00e9put\u00e9e pour contenir un tr\u00e9sor (Khazneh veut dire tr\u00e9sor en arabe) alors &#8230; qu&#8217;elle est juste de pierre pleine. Un po\u00e8te \u00e0 dit : &#8220;Est-ce que le l\u00e9gendaire tr\u00e9sor du Khazneh n&#8217;est pas le Khazneh lui-m\u00eame&#8221;&#8230;<\/p>\n<p>Nous continuons ensuite vers le ville basses, \u00e0 quelques centaines de m\u00e8tres du Khazneh. C&#8217;est une v\u00e9ritable ville troglodytes, avec des centaines de fa\u00e7ades creus\u00e9e \u00e0 m\u00eame la roche. L&#8217;ensemble est \u00e9tonnant. Le site de Petra contient en tout 900 b\u00e2timent\u00a0 creus\u00e9 dans la roche &#8230;enfin ce qui en as \u00e9t\u00e9 d\u00e9couvert. On estimes \u00e0 pr\u00eat de 3000 les b\u00e2timents de Petra donc il reste encore de nombreuses beaut\u00e9 \u00e0 d\u00e9couvrir &#8230; et peut \u00eatre certain encore de la beaut\u00e9 du Khazneh! Nous nous arr\u00eatons dans une tente de b\u00e9douins pour boire un th\u00e9. Le th\u00e9 traditionnel des b\u00e9douins est un th\u00e9 noir, tr\u00e8s sucr\u00e9, infus\u00e9 avec de la sauge. Je n&#8217;imaginais pas qu&#8217;on pouvais faire quelque chose d&#8217;aussi bon avec de la sauge :). Au bout de 10 minutes, il se met \u00e0 pleuvoir, ici!, en plein mois de septembre!, fait rarissime! Les b\u00e9douins sont content &#8230; mais pas les touristes. Personnellement j&#8217;aime : il fait moins chaud, \u00e7a lave la roche et il y a plus grand monde sur le site que des avantage &#8230; m\u00eame si les photos avec un ciel bleu \u00e7a fait toujours mieux au moins les miennes sont originale :)<\/p>\n<p>On se balla de encore un peu sur le site, un peut plus loin, \u00e0 notre droite, se trouve les tombeaux royaux, un ensemble de fa\u00e7ades magnifique, tr\u00e8s riches en d\u00e9coration, dans une pierre tr\u00e8s rouges. Certains sont assez abim\u00e9 mais je trouve l&#8217;ensemble vraiment super. Apr\u00e8s on continue un peut pour avoir une vue d&#8217;ensemble sur le site et les montagnes avoisinantes. Le paysage lui-m\u00eame est somptueux. Je ne regrette pas d&#8217;avoir boug\u00e9 ma carcasse endolorie jusque l\u00e0 mais le retour jusqu&#8217;au Khazneh fut un enfer, et l\u00e0 on pris un cal\u00e8ches qui nous emmena \u00e0 l&#8217;entr\u00e9e. Les chevaux font de la peine, c&#8217;est bien parce que je ne peut plus marcher!<\/p>\n<p>Pendant ce temps, le reste du groupe (sauf un bless\u00e9) on fait tout une boucle dans les montages pour entre autre aller voir le Khazneh en contre plong\u00e9. Au passages ils ont vu de nombreux sites de fouille dont certain d\u00e9couvrant des b\u00e2timents imposant &#8230; peut \u00eatre un rival au Khazneh.<\/p>\n<p><a href=\"https:\/\/i0.wp.com\/loicmathieu.fr\/wordpress\/wp-content\/uploads\/Jordanie-Petra-Le-Khazneh.jpg\"><img data-recalc-dims=\"1\" loading=\"lazy\" decoding=\"async\" class=\"alignnone size-medium wp-image-508\" title=\"Jordanie - Petra - Le Khazneh\" src=\"https:\/\/i0.wp.com\/loicmathieu.fr\/wordpress\/wp-content\/uploads\/Jordanie-Petra-Le-Khazneh-300x200.jpg?resize=300%2C200\" alt=\"\" width=\"300\" height=\"200\" srcset=\"https:\/\/i0.wp.com\/loicmathieu.fr\/wordpress\/wp-content\/uploads\/Jordanie-Petra-Le-Khazneh.jpg?resize=300%2C200&amp;ssl=1 300w, https:\/\/i0.wp.com\/loicmathieu.fr\/wordpress\/wp-content\/uploads\/Jordanie-Petra-Le-Khazneh.jpg?w=1024&amp;ssl=1 1024w\" sizes=\"auto, (max-width: 300px) 100vw, 300px\" \/><\/a> <a href=\"https:\/\/i0.wp.com\/loicmathieu.fr\/wordpress\/wp-content\/uploads\/Jordanie-Petra-Les-tombes-royales.jpg\"><img data-recalc-dims=\"1\" loading=\"lazy\" decoding=\"async\" class=\"alignnone size-medium wp-image-510\" title=\"Jordanie - Petra - Les tombes royales\" src=\"https:\/\/i0.wp.com\/loicmathieu.fr\/wordpress\/wp-content\/uploads\/Jordanie-Petra-Les-tombes-royales-300x200.jpg?resize=300%2C200\" alt=\"\" width=\"300\" height=\"200\" srcset=\"https:\/\/i0.wp.com\/loicmathieu.fr\/wordpress\/wp-content\/uploads\/Jordanie-Petra-Les-tombes-royales.jpg?resize=300%2C200&amp;ssl=1 300w, https:\/\/i0.wp.com\/loicmathieu.fr\/wordpress\/wp-content\/uploads\/Jordanie-Petra-Les-tombes-royales.jpg?w=1024&amp;ssl=1 1024w\" sizes=\"auto, (max-width: 300px) 100vw, 300px\" \/><\/a><\/p>\n<p>Demain, nous irons \u00e0 la mer rouge pour que je puisse r\u00e9cup\u00e9rer tranquillement avant d&#8217;aller visiter le d\u00e9sert du Wadi Rum.<\/p>\n<p>Prochain \u00e9pisode : <a href=\"http:\/\/loicmathieu.fr\/wordpress\/index.php\/voyage\/carnet-de-voyage-jordanie-partie-4-aqaba-et-la-mer-rouge\/\" target=\"_self\">Aqaba et la mer rouge<\/a>.<\/p>","protected":false},"excerpt":{"rendered":"<p>Jour 9 et 10 &#8211; La polyclinique de Petra Nous voici enfin \u00e0 Petra, la ville rose. Un des plus beau site de cette partie du monde, class\u00e9e au patrimoine mondiale de l&#8217;UNESCO. Nous d\u00e9scendons au Valentine&#8217;s Hostel, ce n&#8217;\u00e9t\u00e9 pas l&#8217;h\u00f4tel que nous voulions (il \u00e9t\u00e9 complet), mais un h\u00f4tel conseill\u00e9, n\u00e9goci\u00e9 et r\u00e9serv\u00e9 par Azim du Dana Tower Hostel. Petra est cher, et cet h\u00f4tel l&#8217;est pour ce qu&#8217;il est. Nous prenons une chambre pour 5 en demi-pension&#8230;<p class=\"read-more\"><a class=\"btn btn-default\" href=\"https:\/\/www.loicmathieu.fr\/wordpress\/voyage\/carnet-de-voyage-jordanie-%e2%80%93-partie-3-%e2%80%93-petra\/\"> Read More<span class=\"screen-reader-text\">  Read More<\/span><\/a><\/p><\/p>","protected":false},"author":1,"featured_media":0,"comment_status":"open","ping_status":"open","sticky":false,"template":"","format":"standard","meta":{"jetpack_post_was_ever_published":false,"_jetpack_newsletter_access":"","_jetpack_dont_email_post_to_subs":true,"_jetpack_newsletter_tier_id":0,"_jetpack_memberships_contains_paywalled_content":false,"_jetpack_memberships_contains_paid_content":false,"activitypub_content_warning":"","activitypub_content_visibility":"","activitypub_max_image_attachments":4,"activitypub_interaction_policy_quote":"anyone","activitypub_status":"","footnotes":"","jetpack_publicize_message":"","jetpack_publicize_feature_enabled":true,"jetpack_social_post_already_shared":false,"jetpack_social_options":{"image_generator_settings":{"template":"highway","default_image_id":0,"font":"","enabled":false},"version":2}},"categories":[6],"tags":[138,139,125,137,140],"class_list":["post-498","post","type-post","status-publish","format-standard","hentry","category-voyage","tag-bedouin","tag-ed-deir","tag-jordanie","tag-kazneh","tag-petra"],"aioseo_notices":[],"jetpack_publicize_connections":[],"jetpack_featured_media_url":"","jetpack_sharing_enabled":true,"jetpack_likes_enabled":true,"jetpack-related-posts":[{"id":472,"url":"https:\/\/www.loicmathieu.fr\/wordpress\/voyage\/carnet-de-voyage-jordanie-%e2%80%93-partie-2-%e2%80%93-la-descente-vers-le-sud\/","url_meta":{"origin":498,"position":0},"title":"Carnet de voyage Jordanie \u2013 partie 2 \u2013 la descente vers le sud","author":"admin","date":"Monday January 17th, 2011","format":false,"excerpt":"Suite notre voyage, la descente vers le Sud. Je pr\u00e9vient tout de suite le lecteur, \u00e0 partir de l\u00e0, j'\u00e9tais vraiment malade, je vais donc moins rentrer dans les d\u00e9tails ... Jour 5 - Day off Le 5e jour, je ne bouge pas de l'h\u00f4tel, trop malade de ce que\u2026","rel":"","context":"In &quot;voyage&quot;","block_context":{"text":"voyage","link":"https:\/\/www.loicmathieu.fr\/wordpress\/category\/voyage\/"},"img":{"alt_text":"","src":"https:\/\/i0.wp.com\/loicmathieu.fr\/wordpress\/wp-content\/uploads\/Jordanie-La-mer-morte-1-300x225.jpg?resize=350%2C200","width":350,"height":200},"classes":[]},{"id":515,"url":"https:\/\/www.loicmathieu.fr\/wordpress\/voyage\/carnet-de-voyage-jordanie-partie-4-aqaba-et-la-mer-rouge\/","url_meta":{"origin":498,"position":1},"title":"Carnet de voyage Jordanie &#8211; partie 4 &#8211; Aqaba et la mer rouge","author":"admin","date":"Sunday February  6th, 2011","format":false,"excerpt":"Jour 12 \u00e0 16 Aqaba Apr\u00e8s 2H30 de voiture, nous voici arriv\u00e9 au Bedouin Village Garden \u00e0 Aqaba, un jolie h\u00f4tel en face de la mer rouge (de l'autre cot\u00e9 de la route) fait de bungalow climatis\u00e9, diss\u00e9min\u00e9 dans un jardin tropical remplit de terrasse et au milieu duquel tr\u00f4ne\u2026","rel":"","context":"In &quot;voyage&quot;","block_context":{"text":"voyage","link":"https:\/\/www.loicmathieu.fr\/wordpress\/category\/voyage\/"},"img":{"alt_text":"","src":"https:\/\/i0.wp.com\/loicmathieu.fr\/wordpress\/wp-content\/uploads\/Jordanie-Aqaba-1-300x200.jpg?resize=350%2C200","width":350,"height":200},"classes":[]},{"id":426,"url":"https:\/\/www.loicmathieu.fr\/wordpress\/voyage\/carnet-de-voyage-jordanie-partie-1-le-nord\/","url_meta":{"origin":498,"position":2},"title":"Carnet de voyage Jordanie &#8211;  partie 1 &#8211; le nord","author":"admin","date":"Thursday January  6th, 2011","format":false,"excerpt":"Jour 1 : L'arriv\u00e9 \u00e0 Madaba Une s\u00e9rie d'article sur la Jordanie, pays magnifique que j'ai eu la chance de traverser lors de mes derni\u00e8re vacances du 12\/09\/2010 au 02\/10\/2010. Tout d\u00e9bute ... comme d'habitude par une nuit quasiment blanche avant de prendre l'avion. Train, attente, embarquement ... 4h30 apr\u00e8s\u2026","rel":"","context":"In &quot;voyage&quot;","block_context":{"text":"voyage","link":"https:\/\/www.loicmathieu.fr\/wordpress\/category\/voyage\/"},"img":{"alt_text":"","src":"https:\/\/i0.wp.com\/loicmathieu.fr\/wordpress\/wp-content\/uploads\/Jordanie_Madaba_Mosaique_1.jpg?resize=350%2C200","width":350,"height":200},"classes":[]},{"id":531,"url":"https:\/\/www.loicmathieu.fr\/wordpress\/voyage\/carnet-de-voyage-jordanie-%e2%80%93-partie-5-le-desert-du-wadi-rum\/","url_meta":{"origin":498,"position":3},"title":"Carnet de voyage Jordanie \u2013 partie 5 &#8211; Le d\u00e9sert du Wadi Rum","author":"admin","date":"Saturday April  2nd, 2011","format":false,"excerpt":"Jour 17 et 18 - Le d\u00e9sert du Wadi Rum Derni\u00e8re \u00e9tape de notre voyage, le d\u00e9sert du Wadi Rum. Au programme, d\u00e9part t\u00f4t de l\u2019h\u00f4tel apr\u00e8s avoir avaler \u00e0 toute vitesse notre petit d\u00e9jeuner, deux taxi qui remontent pour nous d\u00e9poser aux portes du d\u00e9sert du Wadi Rum, le\u2026","rel":"","context":"In &quot;voyage&quot;","block_context":{"text":"voyage","link":"https:\/\/www.loicmathieu.fr\/wordpress\/category\/voyage\/"},"img":{"alt_text":"Jordanie - Wadi Rum -1","src":"https:\/\/i0.wp.com\/loicmathieu.fr\/wordpress\/wp-content\/uploads\/IMG_1008-300x200.jpg?resize=350%2C200","width":350,"height":200},"classes":[]},{"id":176,"url":"https:\/\/www.loicmathieu.fr\/wordpress\/voyage\/carnet-de-voyage-madagascar-sahambavy\/","url_meta":{"origin":498,"position":4},"title":"Carnet de voyage &#8211; Madagascar &#8211; Sahambavy","author":"admin","date":"Sunday January 11th, 2009","format":false,"excerpt":"Aujourd'hui, direction Sahambavy (prononcez Sambave), pour visiter les plantations de th\u00e9. Apr\u00e8s les efforts fait \u00e0 Ramonafana lors de la visite du parc, nous choisissons un bel h\u00f4tel, assez chic, le Lac Hotel. De multiples bungalows en dur autour d'un lac artificiel \u00e0 5 minutes \u00e0 pied du village de\u2026","rel":"","context":"In &quot;voyage&quot;","block_context":{"text":"voyage","link":"https:\/\/www.loicmathieu.fr\/wordpress\/category\/voyage\/"},"img":{"alt_text":"","src":"https:\/\/i0.wp.com\/www.loicmathieu.fr\/wordpress\/wp-content\/uploads\/madagascar-sahambavy-le-lac-hotel-1.jpg?resize=350%2C200","width":350,"height":200},"classes":[]},{"id":6,"url":"https:\/\/www.loicmathieu.fr\/wordpress\/voyage\/carnet-de-voyage-croatie-partie-1\/","url_meta":{"origin":498,"position":5},"title":"Carnet de voyage &#8211; Croatie &#8211; Partie 1","author":"admin","date":"Monday November 13th, 2006","format":false,"excerpt":"Carnet de voyage - Croatie - Part 1 \/ Part 2 \/ Part 3 \/ Part 4 \/ Part 5 La Croatie, Une semaine en h\u00f4tel dans ce beau pays, des excusions pour le d\u00e9couvrir, voila ce qui sera la base de cette s\u00e9rie d'article pour ne pas oublier ce\u2026","rel":"","context":"In &quot;voyage&quot;","block_context":{"text":"voyage","link":"https:\/\/www.loicmathieu.fr\/wordpress\/category\/voyage\/"},"img":{"alt_text":"","src":"","width":0,"height":0},"classes":[]}],"_links":{"self":[{"href":"https:\/\/www.loicmathieu.fr\/wordpress\/wp-json\/wp\/v2\/posts\/498","targetHints":{"allow":["GET"]}}],"collection":[{"href":"https:\/\/www.loicmathieu.fr\/wordpress\/wp-json\/wp\/v2\/posts"}],"about":[{"href":"https:\/\/www.loicmathieu.fr\/wordpress\/wp-json\/wp\/v2\/types\/post"}],"author":[{"embeddable":true,"href":"https:\/\/www.loicmathieu.fr\/wordpress\/wp-json\/wp\/v2\/users\/1"}],"replies":[{"embeddable":true,"href":"https:\/\/www.loicmathieu.fr\/wordpress\/wp-json\/wp\/v2\/comments?post=498"}],"version-history":[{"count":0,"href":"https:\/\/www.loicmathieu.fr\/wordpress\/wp-json\/wp\/v2\/posts\/498\/revisions"}],"wp:attachment":[{"href":"https:\/\/www.loicmathieu.fr\/wordpress\/wp-json\/wp\/v2\/media?parent=498"}],"wp:term":[{"taxonomy":"category","embeddable":true,"href":"https:\/\/www.loicmathieu.fr\/wordpress\/wp-json\/wp\/v2\/categories?post=498"},{"taxonomy":"post_tag","embeddable":true,"href":"https:\/\/www.loicmathieu.fr\/wordpress\/wp-json\/wp\/v2\/tags?post=498"}],"curies":[{"name":"wp","href":"https:\/\/api.w.org\/{rel}","templated":true}]}}