{"id":61,"date":"2007-11-22T13:03:53","date_gmt":"2007-11-22T12:03:53","guid":{"rendered":"http:\/\/loicmathieu.free.fr\/wordpress\/?p=61"},"modified":"2007-11-22T13:03:53","modified_gmt":"2007-11-22T12:03:53","slug":"les-regimes-de-retraites-en-chiffres","status":"publish","type":"post","link":"https:\/\/www.loicmathieu.fr\/wordpress\/politique\/les-regimes-de-retraites-en-chiffres\/","title":{"rendered":"Les r\u00e9gimes de retraites en chiffres"},"content":{"rendered":"<p>Je vient de lire cet article tr\u00e8s int\u00e9r\u00e9ssant sur le monde \u00e0 propos des d\u00e9ficits des diff\u00e9rents r\u00e9gimes de retraite:<\/p>\n<p><a href=\"http:\/\/www.lemonde.fr\/web\/article\/0,1-0@2-823448,36-981104,0.html?xtor=RSS-3208\" target=\"_blank\"><a href=\"http:\/\/www.lemonde.fr\/web\/article\/0,1-0@2-823448,36-981104,0.html?xtor=RSS-3208\">http:\/\/www.lemonde.fr\/web\/article\/0,1-0@2-823448,36-981104,0.html?xtor=RSS-3208<\/a><\/a><\/p>\n<p>Il en ressort que:<\/p>\n<ol><li>Le r\u00e9gime g\u00e9n\u00e9ral est en d\u00e9ficit de 4,6 milliard d&#8217;euros (75% des salari\u00e9 environ, en se basant sur 22% des salari\u00e9s sont des fonctionnaire et une partie des r\u00e9gimes sp\u00e9ciaux sont aussi fonctionnaire)<\/li>\n\n<li>Les r\u00e9gimes sp\u00e9ciaux sont subventionn\u00e9 \u00e0 4,7 milliard d&#8217;euros (6% des salari\u00e9)<\/li>\n<\/ol>\n<p>Donc, le d\u00e9ficit des r\u00e9gimes sp\u00e9ciaux est \u00e9gale \u00e0 celui du r\u00e9gime g\u00e9n\u00e9ral malgr\u00e9 qu&#8217;il concerne 12,5 fois moins de personnes!<\/p>","protected":false},"excerpt":{"rendered":"<p>Je vient de lire cet article tr\u00e8s int\u00e9r\u00e9ssant sur le monde \u00e0 propos des d\u00e9ficits des diff\u00e9rents r\u00e9gimes de retraite: <a href=\"http:\/\/www.lemonde.fr\/web\/article\/0,1-0@2-823448,36-981104,0.html?xtor=RSS-3208\">http:\/\/www.lemonde.fr\/web\/article\/0,1-0@2-823448,36-981104,0.html?xtor=RSS-3208<\/a> Il en ressort que: Le r\u00e9gime g\u00e9n\u00e9ral est en d\u00e9ficit de 4,6 milliard d&#8217;euros (75% des salari\u00e9 environ, en se basant sur 22% des salari\u00e9s sont des fonctionnaire et une partie des r\u00e9gimes sp\u00e9ciaux sont aussi fonctionnaire) Les r\u00e9gimes sp\u00e9ciaux sont subventionn\u00e9 \u00e0 4,7 milliard d&#8217;euros (6% des salari\u00e9) Donc, le d\u00e9ficit des r\u00e9gimes sp\u00e9ciaux est \u00e9gale \u00e0 celui&#8230;<p class=\"read-more\"><a class=\"btn btn-default\" href=\"https:\/\/www.loicmathieu.fr\/wordpress\/politique\/les-regimes-de-retraites-en-chiffres\/\"> Read More<span class=\"screen-reader-text\">  Read More<\/span><\/a><\/p><\/p>","protected":false},"author":1,"featured_media":0,"comment_status":"open","ping_status":"open","sticky":false,"template":"","format":"standard","meta":{"jetpack_post_was_ever_published":false,"_jetpack_newsletter_access":"","_jetpack_dont_email_post_to_subs":false,"_jetpack_newsletter_tier_id":0,"_jetpack_memberships_contains_paywalled_content":false,"_jetpack_memberships_contains_paid_content":false,"activitypub_content_warning":"","activitypub_content_visibility":"","activitypub_max_image_attachments":4,"activitypub_interaction_policy_quote":"anyone","activitypub_status":"","footnotes":"","jetpack_publicize_message":"","jetpack_publicize_feature_enabled":true,"jetpack_social_post_already_shared":false,"jetpack_social_options":{"image_generator_settings":{"template":"highway","default_image_id":0,"font":"","enabled":false},"version":2}},"categories":[7],"tags":[150],"class_list":["post-61","post","type-post","status-publish","format-standard","hentry","category-politique","tag-politique"],"aioseo_notices":[],"jetpack_publicize_connections":[],"jetpack_featured_media_url":"","jetpack_sharing_enabled":true,"jetpack_likes_enabled":true,"jetpack-related-posts":[{"id":407,"url":"https:\/\/www.loicmathieu.fr\/wordpress\/politique\/age-legale-de-la-retraite-partir-a-63-pour-que-ma-generation-puisse-partir-a-65-et-pas-70\/","url_meta":{"origin":61,"position":0},"title":"Age l\u00e9gale de la retraite : partir \u00e0 63 pour que ma g\u00e9n\u00e9ration puisse partir \u00e0 65 et pas 70","author":"admin","date":"Tuesday May  4th, 2010","format":false,"excerpt":"Bon, \u00e7a faisait longtemps que je n'avais pas parl\u00e9 actualit\u00e9 ... et voila que je recommence :) L'\u00e2ge \u00e9gale de la retraite, on en parle beaucoup et apparemment il n'y a pas de consensus l\u00e0 dessus, mais pourtant il faut se faire une raison, personne n'aime travailler mais pourtant on\u2026","rel":"","context":"In &quot;politique&quot;","block_context":{"text":"politique","link":"https:\/\/www.loicmathieu.fr\/wordpress\/category\/politique\/"},"img":{"alt_text":"","src":"","width":0,"height":0},"classes":[]},{"id":13,"url":"https:\/\/www.loicmathieu.fr\/wordpress\/politique\/campagne-electoral-clownesque\/","url_meta":{"origin":61,"position":1},"title":"Campagne \u00e9l\u00e9ctoral clownesque","author":"admin","date":"Thursday January 25th, 2007","format":false,"excerpt":"Bonjour, Ayant un peu de temps aujourd'hui ... pas beaucoup de boulot ... je m'ennuie un peut, je vais passer un petit coup de gueule. La campagne \u00e9lectorale me semble mal partie. Encore une fois, les m\u00e9dias nous font du tout et du n'importe quoi (surtout du n'importe quoi d'ailleurs).\u2026","rel":"","context":"In &quot;politique&quot;","block_context":{"text":"politique","link":"https:\/\/www.loicmathieu.fr\/wordpress\/category\/politique\/"},"img":{"alt_text":"","src":"","width":0,"height":0},"classes":[]},{"id":17,"url":"https:\/\/www.loicmathieu.fr\/wordpress\/politique\/la-campagne-electoral-fait-parler\/","url_meta":{"origin":61,"position":2},"title":"La campagne \u00e9l\u00e9ctoral fait parler &#8230;","author":"admin","date":"Friday February  9th, 2007","format":false,"excerpt":"Depuis quelques jour, j'ai tout les jours des discussion acc\u00e8s politique avec des amis \u00e0 propos de la campagne \u00e9lectorale. Bien que d'orientation politiques diff\u00e9rents, on se retrouve sur \u00e9norm\u00e9ment de point, c'est marrant comme, somme toute, les deux principaux partis politiques fran\u00e7ais sont semblable. Une autre r\u00e9flexion \u00e9t\u00e9 la\u2026","rel":"","context":"In &quot;politique&quot;","block_context":{"text":"politique","link":"https:\/\/www.loicmathieu.fr\/wordpress\/category\/politique\/"},"img":{"alt_text":"","src":"","width":0,"height":0},"classes":[]},{"id":44,"url":"https:\/\/www.loicmathieu.fr\/wordpress\/politique\/nouveau-tariffs-sncf-moins-de-flexibilite\/","url_meta":{"origin":61,"position":3},"title":"Nouveau tariffs SNCF = moins de flexibilit\u00e9","author":"admin","date":"Friday September 14th, 2007","format":false,"excerpt":"Bonjour, Et oui, encore un article sur la SNCF! Et encore un article en mal ... Donc, pour moi les nouveau tarifs de la SNCF am\u00e8ne MOINS de flexibilit\u00e9 qu'avant, alors que toutes les entreprises essaye d'amener plus de flexibilit\u00e9 pour les consommateur, la SNCF fait l'inverse. Avant, l'achat du\u2026","rel":"","context":"In &quot;politique&quot;","block_context":{"text":"politique","link":"https:\/\/www.loicmathieu.fr\/wordpress\/category\/politique\/"},"img":{"alt_text":"","src":"","width":0,"height":0},"classes":[]},{"id":30,"url":"https:\/\/www.loicmathieu.fr\/wordpress\/politique\/debat-politique\/","url_meta":{"origin":61,"position":4},"title":"D\u00e9bat politique","author":"admin","date":"Thursday May  3rd, 2007","format":false,"excerpt":"Hier, j'ai regarder le d\u00e9bat politique entre M.Sakozy et Mme. Royale. C'\u00e9tait sans doute le premier d\u00e9bat que j'ai suivit dans son int\u00e9gralit\u00e9 - ou presque - apr\u00e8s une campagne \u00e9lectorale que j'ai aussi tr\u00e8s suivie. Et ce d\u00e9bat m'a \u00e9nerv\u00e9 : - Mme. Royale s'est cantonn\u00e9e dans son r\u00f4le\u2026","rel":"","context":"In &quot;politique&quot;","block_context":{"text":"politique","link":"https:\/\/www.loicmathieu.fr\/wordpress\/category\/politique\/"},"img":{"alt_text":"","src":"","width":0,"height":0},"classes":[]},{"id":388,"url":"https:\/\/www.loicmathieu.fr\/wordpress\/ecologie\/reflexion-sur-la-conference-de-copenhague\/","url_meta":{"origin":61,"position":5},"title":"R\u00e9flexion sur la conf\u00e9rence de Copenhague:","author":"admin","date":"Monday December 21st, 2009","format":false,"excerpt":"Les pays en voie de d\u00e9veloppement n'ont pas tord, ils ont des diff\u00e9rences de niveau de vie tel que brider leur croissance serais criminel (retour des grandes famines et de l'extr\u00eame pauvret\u00e9 ?) L'Inde et la Chine pourrais quand m\u00eame faire plus d'effort, surtout la chine qui a des r\u00e9serve\u2026","rel":"","context":"In &quot;\u00e9cologie&quot;","block_context":{"text":"\u00e9cologie","link":"https:\/\/www.loicmathieu.fr\/wordpress\/category\/ecologie\/"},"img":{"alt_text":"","src":"","width":0,"height":0},"classes":[]}],"_links":{"self":[{"href":"https:\/\/www.loicmathieu.fr\/wordpress\/wp-json\/wp\/v2\/posts\/61","targetHints":{"allow":["GET"]}}],"collection":[{"href":"https:\/\/www.loicmathieu.fr\/wordpress\/wp-json\/wp\/v2\/posts"}],"about":[{"href":"https:\/\/www.loicmathieu.fr\/wordpress\/wp-json\/wp\/v2\/types\/post"}],"author":[{"embeddable":true,"href":"https:\/\/www.loicmathieu.fr\/wordpress\/wp-json\/wp\/v2\/users\/1"}],"replies":[{"embeddable":true,"href":"https:\/\/www.loicmathieu.fr\/wordpress\/wp-json\/wp\/v2\/comments?post=61"}],"version-history":[{"count":0,"href":"https:\/\/www.loicmathieu.fr\/wordpress\/wp-json\/wp\/v2\/posts\/61\/revisions"}],"wp:attachment":[{"href":"https:\/\/www.loicmathieu.fr\/wordpress\/wp-json\/wp\/v2\/media?parent=61"}],"wp:term":[{"taxonomy":"category","embeddable":true,"href":"https:\/\/www.loicmathieu.fr\/wordpress\/wp-json\/wp\/v2\/categories?post=61"},{"taxonomy":"post_tag","embeddable":true,"href":"https:\/\/www.loicmathieu.fr\/wordpress\/wp-json\/wp\/v2\/tags?post=61"}],"curies":[{"name":"wp","href":"https:\/\/api.w.org\/{rel}","templated":true}]}}