{"id":63,"date":"2007-12-14T11:24:04","date_gmt":"2007-12-14T10:24:04","guid":{"rendered":"http:\/\/loicmathieu.free.fr\/wordpress\/?p=63"},"modified":"2008-05-16T18:40:16","modified_gmt":"2008-05-16T17:40:16","slug":"etats-unis-vs-ecologie-encore-une-defaite","status":"publish","type":"post","link":"https:\/\/www.loicmathieu.fr\/wordpress\/politique\/etats-unis-vs-ecologie-encore-une-defaite\/","title":{"rendered":"Etats-unis vs \u00e9cologie: encore une d\u00e9faite"},"content":{"rendered":"<p>A la conf\u00e9rence de Bali, encore une fois, les Etats-unis on refus\u00e9 d&#8217;agir pour l&#8217;\u00e9cologie:\n<a href=\"http:\/\/www.lemonde.fr\/web\/article\/0,1-0@2-3244,36-989631,0.html?xtor=RSS-3208\" target=\"_blank\"><a href=\"http:\/\/www.lemonde.fr\/web\/article\/0,1-0@2-3244,36-989631,0.html?xtor=RSS-3208\">http:\/\/www.lemonde.fr\/web\/article\/0,1-0@2-3244,36-989631,0.html?xtor=RSS-3208<\/a><\/a><\/p>\n<p>Etats-unis = plus gros pollueur + premi\u00e8re puissance \u00e9nonomique +  pays en d\u00e9veloppement qui fait le moins d&#8217;effort.<\/p>\n<p>Combien de temps les Etats-unis continuerons \u00e0 ruiner notre plan\u00e8te et \u00e0 emp\u00eacher tout anvancement au niveau mondiale sur les \u00e9mission de gaz \u00e0 effet de serre. En effet, nous europ\u00e9en, fesont des effort, bien sure cel\u00e0 nous coute quelque chose mais c&#8217;est INDISPENSABLE pour l&#8217;avenir. Et tout nos effrot sont ruin\u00e9s par un seul pays car les effets sont GLOBAL!<\/p>\n<p>Donc, \u00e9tats des Etats-unis, je sais que pour certain, individuellement, vous voulez progresser sur l&#8217;\u00e9cologie, donc demandez votre ind\u00e9pendance de l&#8217;\u00e9tat f\u00e9d\u00e9ral mesquin, pollueur et inconscient!<\/p>","protected":false},"excerpt":{"rendered":"<p>A la conf\u00e9rence de Bali, encore une fois, les Etats-unis on refus\u00e9 d&#8217;agir pour l&#8217;\u00e9cologie: <a href=\"http:\/\/www.lemonde.fr\/web\/article\/0,1-0@2-3244,36-989631,0.html?xtor=RSS-3208\">http:\/\/www.lemonde.fr\/web\/article\/0,1-0@2-3244,36-989631,0.html?xtor=RSS-3208<\/a> Etats-unis = plus gros pollueur + premi\u00e8re puissance \u00e9nonomique + pays en d\u00e9veloppement qui fait le moins d&#8217;effort. Combien de temps les Etats-unis continuerons \u00e0 ruiner notre plan\u00e8te et \u00e0 emp\u00eacher tout anvancement au niveau mondiale sur les \u00e9mission de gaz \u00e0 effet de serre. En effet, nous europ\u00e9en, fesont des effort, bien sure cel\u00e0 nous coute quelque chose mais c&#8217;est INDISPENSABLE pour l&#8217;avenir&#8230;.<p class=\"read-more\"><a class=\"btn btn-default\" href=\"https:\/\/www.loicmathieu.fr\/wordpress\/politique\/etats-unis-vs-ecologie-encore-une-defaite\/\"> Read More<span class=\"screen-reader-text\">  Read More<\/span><\/a><\/p><\/p>","protected":false},"author":1,"featured_media":0,"comment_status":"open","ping_status":"open","sticky":false,"template":"","format":"standard","meta":{"jetpack_post_was_ever_published":false,"_jetpack_newsletter_access":"","_jetpack_dont_email_post_to_subs":false,"_jetpack_newsletter_tier_id":0,"_jetpack_memberships_contains_paywalled_content":false,"_jetpack_memberships_contains_paid_content":false,"activitypub_content_warning":"","activitypub_content_visibility":"","activitypub_max_image_attachments":4,"activitypub_interaction_policy_quote":"anyone","activitypub_status":"","footnotes":"","jetpack_publicize_message":"","jetpack_publicize_feature_enabled":true,"jetpack_social_post_already_shared":false,"jetpack_social_options":{"image_generator_settings":{"template":"highway","default_image_id":0,"font":"","enabled":false},"version":2}},"categories":[10,7],"tags":[152,60,59],"class_list":["post-63","post","type-post","status-publish","format-standard","hentry","category-ecologie","category-politique","tag-ecologie","tag-pollueur","tag-usa"],"aioseo_notices":[],"jetpack_publicize_connections":[],"jetpack_featured_media_url":"","jetpack_sharing_enabled":true,"jetpack_likes_enabled":true,"jetpack-related-posts":[{"id":388,"url":"https:\/\/www.loicmathieu.fr\/wordpress\/ecologie\/reflexion-sur-la-conference-de-copenhague\/","url_meta":{"origin":63,"position":0},"title":"R\u00e9flexion sur la conf\u00e9rence de Copenhague:","author":"admin","date":"Monday December 21st, 2009","format":false,"excerpt":"Les pays en voie de d\u00e9veloppement n'ont pas tord, ils ont des diff\u00e9rences de niveau de vie tel que brider leur croissance serais criminel (retour des grandes famines et de l'extr\u00eame pauvret\u00e9 ?) L'Inde et la Chine pourrais quand m\u00eame faire plus d'effort, surtout la chine qui a des r\u00e9serve\u2026","rel":"","context":"In &quot;\u00e9cologie&quot;","block_context":{"text":"\u00e9cologie","link":"https:\/\/www.loicmathieu.fr\/wordpress\/category\/ecologie\/"},"img":{"alt_text":"","src":"","width":0,"height":0},"classes":[]},{"id":338,"url":"https:\/\/www.loicmathieu.fr\/wordpress\/ecologie\/monextel\/","url_meta":{"origin":63,"position":1},"title":"MonExTel.com","author":"admin","date":"Tuesday September  1st, 2009","format":false,"excerpt":"Une initiative \u00e9cologique, sociale et humanitaire qui ne nous coute rien! Voila ce qu'est MonExTel.com. Gr\u00e2ce \u00e0 ce site vous pourrez renvoyer gratuitement votre ancien t\u00e9l\u00e9phone et ses diverses accessoire. Si celui-ci fonctionne encore, il sera remis en \u00e9tat et vendu, l'argent de sa vente sera vers\u00e9 \u00e0 l'association de\u2026","rel":"","context":"In &quot;\u00e9cologie&quot;","block_context":{"text":"\u00e9cologie","link":"https:\/\/www.loicmathieu.fr\/wordpress\/category\/ecologie\/"},"img":{"alt_text":"","src":"","width":0,"height":0},"classes":[]},{"id":383,"url":"https:\/\/www.loicmathieu.fr\/wordpress\/ecologie\/ecologie-taxation-a-la-consommation\/","url_meta":{"origin":63,"position":2},"title":"Ecologie: taxation \u00e0 la consommation","author":"admin","date":"Tuesday December  1st, 2009","format":false,"excerpt":"Une id\u00e9e m'est venue (je ne sais pas si elle est lumineuse) lors de la lecture de cet article sur la d\u00e9croissance: Etes-vous pr\u00eats \u00e0 voter d\u00e9croissant ? Tout d'abord, pour couper court \u00e0 toute pol\u00e9mique, je ne suis pas pour la d\u00e9croissance m\u00eame si je me pose des question\u2026","rel":"","context":"In &quot;\u00e9cologie&quot;","block_context":{"text":"\u00e9cologie","link":"https:\/\/www.loicmathieu.fr\/wordpress\/category\/ecologie\/"},"img":{"alt_text":"","src":"","width":0,"height":0},"classes":[]},{"id":23,"url":"https:\/\/www.loicmathieu.fr\/wordpress\/ecologie\/peut-on-sortir-maintenant-du-nucleaire\/","url_meta":{"origin":63,"position":3},"title":"Peut on sortir maintenant du nucl\u00e9aire","author":"admin","date":"Saturday March 17th, 2007","format":false,"excerpt":"Aujourd'hui manifestation sortir du nucl\u00e9aire. je suis \u00e9colo dans mon coeur, je limite ma consommation d'\u00e9nergie, je limite les d\u00e9chets, je fait attention \u00e0 mon environnement, j'aime la nature, ... Mais peut on r\u00e9ellement remplacer 85% de notre \u00e9nergie (part du nucl\u00e9aire dans l'\u00e9lectricit\u00e9 fran\u00e7asie) facilement. Surtout que le nucl\u00e9aire\u2026","rel":"","context":"In &quot;\u00e9cologie&quot;","block_context":{"text":"\u00e9cologie","link":"https:\/\/www.loicmathieu.fr\/wordpress\/category\/ecologie\/"},"img":{"alt_text":"","src":"","width":0,"height":0},"classes":[]},{"id":94,"url":"https:\/\/www.loicmathieu.fr\/wordpress\/informatique\/participez-a-un-record-du-monde-telechargez-firefox-3-le-1706\/","url_meta":{"origin":63,"position":4},"title":"Participez \u00e0 un record du monde &#8211; t\u00e9l\u00e9chargez firefox 3 le 17\/06","author":"admin","date":"Saturday June 14th, 2008","format":false,"excerpt":"Bon, tout est dans le titre de l'article :). Pour la sortie de Firefox 3, Mozilla organise un 'Download Day' o\u00f9 tout le monde est invit\u00e9 \u00e0 t\u00e9l\u00e9charger la nouvelle version le m\u00eame jour, Mardi 17 Juin. Les info sont ici: http:\/\/www.spreadfirefox.com\/fr\/worldrecord\/ inscrivez-vous pour participer (ou venez simplement le t\u00e9l\u00e9charger\u2026","rel":"","context":"In &quot;informatique&quot;","block_context":{"text":"informatique","link":"https:\/\/www.loicmathieu.fr\/wordpress\/category\/informatique\/"},"img":{"alt_text":"","src":"","width":0,"height":0},"classes":[]},{"id":41,"url":"https:\/\/www.loicmathieu.fr\/wordpress\/ecologie\/cafe-lobodis-en-dosette-un-label-equitable-usurpe\/","url_meta":{"origin":63,"position":5},"title":"Caf\u00e9 LOBODIS en dosette &#8211; un label \u00e9quitable usurp\u00e9","author":"admin","date":"Friday July 13th, 2007","format":false,"excerpt":"Bonjour, Un coup de geule aujourd'hui. J'ai il ya peu achet\u00e9 du caf\u00e9 LOBODIS en dosette, au label Max Havelaar du commerce \u00e9quitable. Quelle a \u00e9t\u00e9 ma surpise de constater que CHAQUE DOSETTE \u00e9t\u00e9 emball\u00e9e individuellement dans un sachet plastique\/m\u00e9tal de conservation! C'est la premi\u00e8re fois que je voit autant\u2026","rel":"","context":"In &quot;\u00e9cologie&quot;","block_context":{"text":"\u00e9cologie","link":"https:\/\/www.loicmathieu.fr\/wordpress\/category\/ecologie\/"},"img":{"alt_text":"","src":"","width":0,"height":0},"classes":[]}],"_links":{"self":[{"href":"https:\/\/www.loicmathieu.fr\/wordpress\/wp-json\/wp\/v2\/posts\/63","targetHints":{"allow":["GET"]}}],"collection":[{"href":"https:\/\/www.loicmathieu.fr\/wordpress\/wp-json\/wp\/v2\/posts"}],"about":[{"href":"https:\/\/www.loicmathieu.fr\/wordpress\/wp-json\/wp\/v2\/types\/post"}],"author":[{"embeddable":true,"href":"https:\/\/www.loicmathieu.fr\/wordpress\/wp-json\/wp\/v2\/users\/1"}],"replies":[{"embeddable":true,"href":"https:\/\/www.loicmathieu.fr\/wordpress\/wp-json\/wp\/v2\/comments?post=63"}],"version-history":[{"count":0,"href":"https:\/\/www.loicmathieu.fr\/wordpress\/wp-json\/wp\/v2\/posts\/63\/revisions"}],"wp:attachment":[{"href":"https:\/\/www.loicmathieu.fr\/wordpress\/wp-json\/wp\/v2\/media?parent=63"}],"wp:term":[{"taxonomy":"category","embeddable":true,"href":"https:\/\/www.loicmathieu.fr\/wordpress\/wp-json\/wp\/v2\/categories?post=63"},{"taxonomy":"post_tag","embeddable":true,"href":"https:\/\/www.loicmathieu.fr\/wordpress\/wp-json\/wp\/v2\/tags?post=63"}],"curies":[{"name":"wp","href":"https:\/\/api.w.org\/{rel}","templated":true}]}}