{"id":9,"date":"2006-12-06T20:07:20","date_gmt":"2006-12-06T19:07:20","guid":{"rendered":""},"modified":"2016-12-29T12:09:01","modified_gmt":"2016-12-29T10:09:01","slug":"carnet-de-voyage-croatie-partie-4","status":"publish","type":"post","link":"https:\/\/www.loicmathieu.fr\/wordpress\/voyage\/carnet-de-voyage-croatie-partie-4\/","title":{"rendered":"Carnet de voyage &#8211; Croatie &#8211; Partie 4"},"content":{"rendered":"<p><code>Carnet de voyage - Croatie - &lt;a href=&quot;\/wordpress\/index.php\/general\/voyage\/carnet-de-voyage-croatie-partie-1\/&quot;&gt;Part 1&lt;\/a&gt; \/ &lt;a href=&quot;\/wordpress\/index.php\/general\/voyage\/carnet-de-voyage-croatie-partie-2\/&quot;&gt;Part 2&lt;\/a&gt; \/ &lt;a href=&quot;\/wordpress\/index.php\/general\/voyage\/carnet-de-voyage-croatie-partie-3\/&quot;&gt;Part 3&lt;\/a&gt; \/ &lt;a href=&quot;\/wordpress\/index.php\/general\/voyage\/carnet-de-voyage-croatie-partie-4\/&quot;&gt;Part 4&lt;\/a&gt; \/ &lt;a title=&quot;carnet de voyage en Croatie partie 5&quot; href=&quot;http:\/\/www.loicmathieu.fr\/wordpress\/index.php\/voyage\/carnet-de-voyage-croatie-part-5\/&quot;&gt;Part 5&lt;\/a&gt; &lt;a href=&quot;\/wordpress\/index.php\/general\/voyage\/carnet-de-voyage-croatie-partie-4\/&quot;&gt;\n&lt;\/a&gt;<\/code><\/p>\n<p>Fin du voyage, quatri\u00e8me partie, derni\u00e8re excursion.<\/p>\n<p><em>Troisi\u00e8me excursion : Le tour d&#8217;Istrie.<\/em>\nLors de cette troisi\u00e8me excursion, nous avons parcourue toute l&#8217;Istrie en bus et nous sommes arr\u00eater dans trois villes aux caract\u00e9ristiques fort diff\u00e9rentes.<\/p>\n<p><strong>Premi\u00e8re ville : Porec<\/strong>\nPorec est encore une belle ville (d\u00e9sol\u00e9 si la pluspart des ville coti\u00e8re de l&#8217;Istrie, partie tr\u00e8s touristique de la Croatie sont toutes belle!). Une c\u00e9l\u00e8bre et magnifique basilique euphrasienne est le centre d&#8217;attention de tout les touristes. Son histoire n&#8217;a de rivale que la beaut\u00e9 de ses mosaique en or fin des plus remarquable et au trait d&#8217;une finesse incomparable.<\/p>\n<p>Porec est une ville m\u00e9di\u00e9vale bien entretenue et tr\u00e9s touristique. Visite tr\u00e9s int\u00e9r\u00e9ssant, j&#8217;ai ador\u00e9 me ballader dans les petites ruelles. On y trouve aussi les ruine d&#8217;un vieux temple \u00e0 N\u00e9ptune.<\/p>\n<p><img data-recalc-dims=\"1\" decoding=\"async\" src=\"https:\/\/i0.wp.com\/www.loicmathieu.fr\/blogImages\/croatie_part4_1.jpg?w=640\" alt=\"Porec - basilique euphrasienne\" \/> <img data-recalc-dims=\"1\" decoding=\"async\" src=\"https:\/\/i0.wp.com\/www.loicmathieu.fr\/blogImages\/croatie_part4_2.jpg?w=640\" alt=\"Porec - la place\" \/><\/p>\n<p><strong>Deuxi\u00e8me ville : Rovinj<\/strong>\nRovinj, consid\u00e9r\u00e9 comme la plus belle ville de la c\u00f4te ouest d&#8217;Istrie est vraiment une charmante ville. Une \u00e9glise surplombe la ville, de son clocher on a une vue imprenable sur la mer et sur un complexe 4 \u00e9toile situ\u00e9 juste en face de rovinj qui, parait-il, acceuille toute la jet set croatie.<\/p>\n<p>Soit \u00e0 Rovinj, soit \u00e0 Porec, on peut d\u00e9guster des glace suculent, tr\u00e9s proche des glaces \u00e0 l&#8217;italienne (les vrai, pas les pseudo glace \u00e0 l&#8217;italienne que l&#8217;on trouve en France dans les machines &#8230; ce sont en fait des glaces viennoise, largement moins bonne que les glace \u00e0 l&#8217;italienne)<\/p>\n<p><img data-recalc-dims=\"1\" decoding=\"async\" src=\"https:\/\/i0.wp.com\/www.loicmathieu.fr\/blogImages\/croatie_part4_3.jpg?w=640\" alt=\"Rovinj - le port vue de haut\" \/> <img data-recalc-dims=\"1\" decoding=\"async\" src=\"https:\/\/i0.wp.com\/www.loicmathieu.fr\/blogImages\/croatie_part4_4.jpg?w=640\" alt=\"Rovinj - le port\" \/><\/p>\n<p><strong>Troisi\u00e8me ville : Pula<\/strong>\nTroisi\u00e8me et derni\u00e8re ville de notre excusion : Pula. Pula est la grande ville de l&#8217;Istrie, c&#8217;est l\u00e0 qu&#8217;est l&#8217;a\u00e9roport par lequel nous sommes arriv\u00e9 en Croatie.\nBeaucoup disent de Pula que la ville n&#8217;est pas tr\u00e8s belle, pour ma part, je trouve qu&#8217;elle recel quelques tr\u00e9sor et que, globalement, malgr\u00e8s qu&#8217;elle soit une grande ville, elle en demeure fort belle et agr\u00e9able.\nD\u00e9barqu\u00e9 du bus \u00e0 cot\u00e9 des ar\u00e8nes (6\u00e8 plus grandes au monde,  tr\u00e8s bien conserv\u00e9es &#8211; 2\u00e8 plus conserv\u00e9 au monde si je me souvient bien), le guide nous a men\u00e9 \u00e0 la recherche des vestiges romains oubli\u00e9.<\/p>\n<p>Pula n&#8217;est touristique que depuis peu, en effet, longtemps, ses vestiges romains ont \u00e9t\u00e9 consid\u00e9r\u00e9 comme d\u00e9nu\u00e9 d&#8217;int\u00e9r\u00eat, et ce n&#8217;est que r\u00e9cemment que la ville tente de les mettre en valeur. D&#8217;ailleurs, un forum complet vient &#8216;soit disant&#8217; d&#8217;\u00eatre retrouv\u00e9 lors de travaux d&#8217;assainissement &#8230; mais quand on regarde les fouille, on constate bien qu&#8217;un tuyaux parcourant le forum, lors de la pose de ce dernier, les ouvrier n&#8217;ont put manquer de voir les vestige, mais la vielle n&#8217;\u00e9tant pas touristique \u00e0 ce moment l\u00e0 ils ont du juste reboucher les trou et r\u00e9enfouir les vestiges!<\/p>\n<p>Temples, portes, forum, ar\u00e8nes, &#8230; vestiges romains.<\/p>\n<p>On peut aussi remarquer quelques belles fa\u00e7ade, qui comme dans tout l&#8217;Istrie, se partagent les styles florentin et byzantin.<\/p>\n<p><img data-recalc-dims=\"1\" decoding=\"async\" src=\"https:\/\/i0.wp.com\/www.loicmathieu.fr\/blogImages\/croatie_part4_5.jpg?w=640\" alt=\"Pula - une \u00e9glise\" \/> <img data-recalc-dims=\"1\" decoding=\"async\" src=\"https:\/\/i0.wp.com\/www.loicmathieu.fr\/blogImages\/croatie_part4_6.jpg?w=640\" alt=\"Pula - les ar\u00e8nes romaines\" \/><\/p>\n<p>Voila, cet article clot le cycle de la Croatie. J&#8217;esp\u00e8re que je vous ai donn\u00e9 envie d&#8217;y aller car le pays en faut vraiment le coup.<\/p>\n<p>Pour la fin, c&#8217;est ici: <a title=\"Lien permanent vers Carnet de voyage - Croatie - Part 5\" rel=\"bookmark\" href=\"..\/index.php\/voyage\/carnet-de-voyage-croatie-part-5\/\">Carnet de voyage &#8211; Croatie &#8211; Partie 5<\/a><\/p>","protected":false},"excerpt":{"rendered":"<p>Carnet de voyage &#8211; Croatie &#8211; <a href=\"\/wordpress\/index.php\/general\/voyage\/carnet-de-voyage-croatie-partie-1\/\">Part 1<\/a> \/ <a href=\"\/wordpress\/index.php\/general\/voyage\/carnet-de-voyage-croatie-partie-2\/\">Part 2<\/a> \/ <a href=\"\/wordpress\/index.php\/general\/voyage\/carnet-de-voyage-croatie-partie-3\/\">Part 3<\/a> \/ <a href=\"\/wordpress\/index.php\/general\/voyage\/carnet-de-voyage-croatie-partie-4\/\">Part 4<\/a> \/ &lt;a title=&quot;carnet de voyage en Croatie partie 5&quot; href=&quot;<a href=\"http:\/\/www.loicmathieu.fr\/wordpress\/index.php\/voyage\/carnet-de-voyage-croatie-part-5\/&quot;&gt;Part\">http:\/\/www.loicmathieu.fr\/wordpress\/index.php\/voyage\/carnet-de-voyage-croatie-part-5\/&quot;&gt;Part<\/a> 5<\/a> <a href=\"\/wordpress\/index.php\/general\/voyage\/carnet-de-voyage-croatie-partie-4\/\"> <\/a> Fin du voyage, quatri\u00e8me partie, derni\u00e8re excursion. Troisi\u00e8me excursion : Le tour d&#8217;Istrie. Lors de cette troisi\u00e8me excursion, nous avons parcourue toute l&#8217;Istrie en bus et nous sommes arr\u00eater dans trois villes aux caract\u00e9ristiques fort diff\u00e9rentes. Premi\u00e8re ville : Porec Porec est encore une belle&#8230;<p class=\"read-more\"><a class=\"btn btn-default\" href=\"https:\/\/www.loicmathieu.fr\/wordpress\/voyage\/carnet-de-voyage-croatie-partie-4\/\"> Read More<span class=\"screen-reader-text\">  Read More<\/span><\/a><\/p><\/p>","protected":false},"author":1,"featured_media":0,"comment_status":"open","ping_status":"open","sticky":false,"template":"","format":"standard","meta":{"jetpack_post_was_ever_published":false,"_jetpack_newsletter_access":"","_jetpack_dont_email_post_to_subs":false,"_jetpack_newsletter_tier_id":0,"_jetpack_memberships_contains_paywalled_content":false,"_jetpack_memberships_contains_paid_content":false,"activitypub_content_warning":"","activitypub_content_visibility":"","activitypub_max_image_attachments":4,"activitypub_interaction_policy_quote":"anyone","activitypub_status":"","footnotes":"","jetpack_publicize_message":"","jetpack_publicize_feature_enabled":true,"jetpack_social_post_already_shared":false,"jetpack_social_options":{"image_generator_settings":{"template":"highway","default_image_id":0,"font":"","enabled":false},"version":2}},"categories":[6],"tags":[29,53,48,49,54,56,55,149],"class_list":["post-9","post","type-post","status-publish","format-standard","hentry","category-voyage","tag-croatie","tag-istrie","tag-paysage","tag-photos","tag-porec","tag-pula","tag-rovinj","tag-voyage"],"aioseo_notices":[],"jetpack_publicize_connections":[],"jetpack_featured_media_url":"","jetpack_sharing_enabled":true,"jetpack_likes_enabled":true,"jetpack-related-posts":[{"id":7,"url":"https:\/\/www.loicmathieu.fr\/wordpress\/voyage\/carnet-de-voyage-croatie-partie-2\/","url_meta":{"origin":9,"position":0},"title":"Carnet de voyage &#8211; Croatie &#8211; Partie 2","author":"admin","date":"Thursday November 16th, 2006","format":false,"excerpt":"Carnet de voyage - Croatie - Part 1 \/ Part 2 \/ Part 3 \/ Part 4 \/ Part 5 Pour continuer \u00e0 parler de ce jolie voyage en Croatie, je vais vous pr\u00e9senter les excursion que j'y ai fait. Premi\u00e8re excursion : l'ile de Cres (prononcez tch-rrrr-\u00e8s) D\u00e9but de\u2026","rel":"","context":"In &quot;voyage&quot;","block_context":{"text":"voyage","link":"https:\/\/www.loicmathieu.fr\/wordpress\/category\/voyage\/"},"img":{"alt_text":"","src":"","width":0,"height":0},"classes":[]},{"id":6,"url":"https:\/\/www.loicmathieu.fr\/wordpress\/voyage\/carnet-de-voyage-croatie-partie-1\/","url_meta":{"origin":9,"position":1},"title":"Carnet de voyage &#8211; Croatie &#8211; Partie 1","author":"admin","date":"Monday November 13th, 2006","format":false,"excerpt":"Carnet de voyage - Croatie - Part 1 \/ Part 2 \/ Part 3 \/ Part 4 \/ Part 5 La Croatie, Une semaine en h\u00f4tel dans ce beau pays, des excusions pour le d\u00e9couvrir, voila ce qui sera la base de cette s\u00e9rie d'article pour ne pas oublier ce\u2026","rel":"","context":"In &quot;voyage&quot;","block_context":{"text":"voyage","link":"https:\/\/www.loicmathieu.fr\/wordpress\/category\/voyage\/"},"img":{"alt_text":"","src":"","width":0,"height":0},"classes":[]},{"id":77,"url":"https:\/\/www.loicmathieu.fr\/wordpress\/voyage\/croatie-adoree\/","url_meta":{"origin":9,"position":2},"title":"Croatie ador\u00e9e","author":"admin","date":"Thursday May 15th, 2008","format":false,"excerpt":"Hello, Je vient d'installer un outils de statistique, et je constate que mes articles sur la Croatie sont les articles les plus vus! Je les ai donc un peu arrang\u00e9s (alignement des photos, liens, ...), n'h\u00e9sitez pas \u00e0 les d\u00e9couvrire (ou red\u00e9couvrire), et peut \u00eatre que si \u00e7a continue comme\u2026","rel":"","context":"In &quot;voyage&quot;","block_context":{"text":"voyage","link":"https:\/\/www.loicmathieu.fr\/wordpress\/category\/voyage\/"},"img":{"alt_text":"","src":"","width":0,"height":0},"classes":[]},{"id":93,"url":"https:\/\/www.loicmathieu.fr\/wordpress\/voyage\/carnet-de-voyage-croatie-part-5\/","url_meta":{"origin":9,"position":3},"title":"Carnet de voyage &#8211; Croatie &#8211; Partie 5","author":"admin","date":"Saturday July  5th, 2008","format":false,"excerpt":"Carnet de voyage - Croatie - Part 1 \/ Part 2 \/ Part 3 \/ Part 4 \/ Part 5 Et bien, comme promis, mes articles sur la Croatie \u00e9tant ceux les plus lus, je vais donc en \u00e9crire un dernier et en m\u00eame temps tester la fonctionnalit\u00e9 galerie de\u2026","rel":"","context":"In &quot;voyage&quot;","block_context":{"text":"voyage","link":"https:\/\/www.loicmathieu.fr\/wordpress\/category\/voyage\/"},"img":{"alt_text":"","src":"https:\/\/i0.wp.com\/loicmathieu.fr\/wordpress\/wp-content\/uploads\/img_2046.jpg?resize=350%2C200","width":350,"height":200},"classes":[]},{"id":8,"url":"https:\/\/www.loicmathieu.fr\/wordpress\/voyage\/carnet-de-voyage-croatie-partie-3\/","url_meta":{"origin":9,"position":4},"title":"Carnet de voyage &#8211; Croatie &#8211; Partie 3","author":"admin","date":"Friday November 24th, 2006","format":false,"excerpt":"Carnet de voyage - Croatie - Part 1 \/ Part 2 \/ Part 3 \/ Part 4 \/ Part 5 Toujours la continuation de mon voyage en Croatie (je pense que ce sera fait en 4 parties), la partie 3, avec une autre excursion, et la plus importante, l'excursion \u00e0\u2026","rel":"","context":"In &quot;voyage&quot;","block_context":{"text":"voyage","link":"https:\/\/www.loicmathieu.fr\/wordpress\/category\/voyage\/"},"img":{"alt_text":"","src":"","width":0,"height":0},"classes":[]},{"id":125,"url":"https:\/\/www.loicmathieu.fr\/wordpress\/voyage\/carnet-de-voyage-madagascar\/","url_meta":{"origin":9,"position":5},"title":"Carnet de voyage &#8211; Madagascar","author":"admin","date":"Friday October 10th, 2008","format":false,"excerpt":"Et voici le premier d'une longue s\u00e9rie d'articles qui, je l'esp\u00e8re, vous feront plaisir. En effet, je revient d'un voyage de trois semaines de Madagascar, je vais donc vous conter ce voyage, comme j'ai cont\u00e9 mon voyage en Croatie (et apparemment, ayant beaucoup de visiteur sur ces articles, ils plaisent\u2026","rel":"","context":"In &quot;voyage&quot;","block_context":{"text":"voyage","link":"https:\/\/www.loicmathieu.fr\/wordpress\/category\/voyage\/"},"img":{"alt_text":"","src":"","width":0,"height":0},"classes":[]}],"_links":{"self":[{"href":"https:\/\/www.loicmathieu.fr\/wordpress\/wp-json\/wp\/v2\/posts\/9","targetHints":{"allow":["GET"]}}],"collection":[{"href":"https:\/\/www.loicmathieu.fr\/wordpress\/wp-json\/wp\/v2\/posts"}],"about":[{"href":"https:\/\/www.loicmathieu.fr\/wordpress\/wp-json\/wp\/v2\/types\/post"}],"author":[{"embeddable":true,"href":"https:\/\/www.loicmathieu.fr\/wordpress\/wp-json\/wp\/v2\/users\/1"}],"replies":[{"embeddable":true,"href":"https:\/\/www.loicmathieu.fr\/wordpress\/wp-json\/wp\/v2\/comments?post=9"}],"version-history":[{"count":0,"href":"https:\/\/www.loicmathieu.fr\/wordpress\/wp-json\/wp\/v2\/posts\/9\/revisions"}],"wp:attachment":[{"href":"https:\/\/www.loicmathieu.fr\/wordpress\/wp-json\/wp\/v2\/media?parent=9"}],"wp:term":[{"taxonomy":"category","embeddable":true,"href":"https:\/\/www.loicmathieu.fr\/wordpress\/wp-json\/wp\/v2\/categories?post=9"},{"taxonomy":"post_tag","embeddable":true,"href":"https:\/\/www.loicmathieu.fr\/wordpress\/wp-json\/wp\/v2\/tags?post=9"}],"curies":[{"name":"wp","href":"https:\/\/api.w.org\/{rel}","templated":true}]}}