{"id":93,"date":"2008-07-05T11:28:13","date_gmt":"2008-07-05T10:28:13","guid":{"rendered":"http:\/\/loicmathieu.free.fr\/wordpress\/?p=93"},"modified":"2008-08-17T09:21:30","modified_gmt":"2008-08-17T08:21:30","slug":"carnet-de-voyage-croatie-part-5","status":"publish","type":"post","link":"https:\/\/www.loicmathieu.fr\/wordpress\/voyage\/carnet-de-voyage-croatie-part-5\/","title":{"rendered":"Carnet de voyage &#8211; Croatie &#8211; Partie 5"},"content":{"rendered":"<p><code>Carnet de voyage - Croatie - &lt;a href=&quot;\/wordpress\/index.php\/general\/voyage\/carnet-de-voyage-croatie-partie-1\/&quot;&gt;Part 1&lt;\/a&gt; \/ &lt;a href=&quot;\/wordpress\/index.php\/general\/voyage\/carnet-de-voyage-croatie-partie-2\/&quot;&gt;Part 2&lt;\/a&gt; \/ &lt;a href=&quot;\/wordpress\/index.php\/general\/voyage\/carnet-de-voyage-croatie-partie-3\/&quot;&gt;Part 3&lt;\/a&gt; \/ &lt;a href=&quot;\/wordpress\/index.php\/general\/voyage\/carnet-de-voyage-croatie-partie-4\/&quot;&gt;Part 4&lt;\/a&gt; \/ &lt;a title=&quot;carnet de voyage en Croatie partie 5&quot; href=&quot;http:\/\/loicmathieu.free.fr\/wordpress\/index.php\/voyage\/carnet-de-voyage-croatie-part-5\/&quot;&gt;Part 5&lt;\/a&gt; &lt;a href=&quot;\/wordpress\/index.php\/general\/voyage\/carnet-de-voyage-croatie-partie-4\/&quot;&gt;\n&lt;\/a&gt;<\/code><\/p>\n<p>Et bien, comme promis, mes articles sur la Croatie \u00e9tant ceux les plus lus, je vais donc en \u00e9crire un dernier et en m\u00eame temps tester la fonctionnalit\u00e9 galerie de Wordpress, ma plateforme de Blog.<\/p>\n<p>Que me reste-t-il de la Croatie 2 ans apr\u00e8s? Plein de souvenir bien sur:<\/p>\n<ul><li> Des paysages de bord de mer ou le bleu profond du soleil croise le bleu-vert de la mer au d\u00e9tour d&#8217;une pin\u00e8de.<\/li>\n\n<li>De petites rues m\u00e9di\u00e9vale, \u00e9troite, o\u00f9 r\u00e8gne une fraicheur agr\u00e9able, aux fa\u00e7ade en vielle pierre pittoresque<\/li>\n\n<li>Des ports magnifique, des t\u00e9moignages du pass\u00e9 (ruine romaines \u00e0 Pula)<\/li>\n\n<li>Un accueil sympathique par la population.<\/li>\n\n<li>Un guide tr\u00e8s int\u00e9ressant lors de nos sorties, nous comptant le pass\u00e9 et le pr\u00e9sent de son pays, parlant franchement et simplement de th\u00e8me compliqu\u00e9 tel que la guerre r\u00e9cente!<\/li>\n\n<li>Une nature somptueuse (sp\u00e9cialement \u00e0 Pltvice), un paysage changeant.<\/li>\n\n<li>Une envie d&#8217;y retourner :)<\/li>\n<\/ul>\n<p>Et bien sur, plein de photos, dont je vous offre une petite galerie (cliquez sur l&#8217;image pour l&#8217;agrandir):<\/p>\n<div class=\"tiled-gallery type-rectangular tiled-gallery-unresized\" data-original-width=\"640\" data-carousel-extra='null' itemscope itemtype=\"http:\/\/schema.org\/ImageGallery\" > <div class=\"gallery-row\" style=\"width: 640px; height: 321px;\" data-original-width=\"640\" data-original-height=\"321\" > <div class=\"gallery-group images-1\" style=\"width: 427px; height: 321px;\" data-original-width=\"427\" data-original-height=\"321\" > <div class=\"tiled-gallery-item tiled-gallery-item-large\" itemprop=\"associatedMedia\" itemscope itemtype=\"http:\/\/schema.org\/ImageObject\"> <a href=\"https:\/\/www.loicmathieu.fr\/wordpress\/voyage\/carnet-de-voyage-croatie-part-5\/attachment\/img_2046\/\" border=\"0\" itemprop=\"url\"> <meta itemprop=\"width\" content=\"423\"> <meta itemprop=\"height\" content=\"317\"> <img decoding=\"async\" class=\"\" data-attachment-id=\"97\" data-orig-file=\"https:\/\/loicmathieu.fr\/wordpress\/wp-content\/uploads\/img_2046.jpg\" data-orig-size=\"700,525\" data-comments-opened=\"1\" data-image-meta=\"{&quot;aperture&quot;:&quot;5.6&quot;,&quot;credit&quot;:&quot;&quot;,&quot;camera&quot;:&quot;Canon DIGITAL IXUS 50&quot;,&quot;caption&quot;:&quot;&quot;,&quot;created_timestamp&quot;:&quot;1158848287&quot;,&quot;copyright&quot;:&quot;&quot;,&quot;focal_length&quot;:&quot;5.8&quot;,&quot;iso&quot;:&quot;0&quot;,&quot;shutter_speed&quot;:&quot;0.002&quot;,&quot;title&quot;:&quot;&quot;}\" data-image-title=\"Croatie &amp;#8211; Rabac, le port\" data-image-description=\"\" data-medium-file=\"https:\/\/i0.wp.com\/loicmathieu.fr\/wordpress\/wp-content\/uploads\/img_2046.jpg?fit=300%2C225&#038;ssl=1\" data-large-file=\"https:\/\/i0.wp.com\/loicmathieu.fr\/wordpress\/wp-content\/uploads\/img_2046.jpg?fit=640%2C480&#038;ssl=1\" src=\"https:\/\/i0.wp.com\/loicmathieu.fr\/wordpress\/wp-content\/uploads\/img_2046.jpg?w=423&#038;h=317&#038;ssl=1\" srcset=\"https:\/\/i0.wp.com\/loicmathieu.fr\/wordpress\/wp-content\/uploads\/img_2046.jpg?w=700&amp;ssl=1 700w, https:\/\/i0.wp.com\/loicmathieu.fr\/wordpress\/wp-content\/uploads\/img_2046.jpg?resize=300%2C225&amp;ssl=1 300w\" width=\"423\" height=\"317\" loading=\"lazy\" data-original-width=\"423\" data-original-height=\"317\" itemprop=\"http:\/\/schema.org\/image\" title=\"Croatie - Rabac, le port\" alt=\"Croatie - Rabac, le port\" style=\"width: 423px; height: 317px;\" \/> <\/a> <\/div> <\/div> <!-- close group --> <div class=\"gallery-group images-2\" style=\"width: 213px; height: 321px;\" data-original-width=\"213\" data-original-height=\"321\" > <div class=\"tiled-gallery-item tiled-gallery-item-small\" itemprop=\"associatedMedia\" itemscope itemtype=\"http:\/\/schema.org\/ImageObject\"> <a href=\"https:\/\/www.loicmathieu.fr\/wordpress\/voyage\/carnet-de-voyage-croatie-part-5\/attachment\/img_2096\/\" border=\"0\" itemprop=\"url\"> <meta itemprop=\"width\" content=\"209\"> <meta itemprop=\"height\" content=\"157\"> <img decoding=\"async\" class=\"\" data-attachment-id=\"98\" data-orig-file=\"https:\/\/loicmathieu.fr\/wordpress\/wp-content\/uploads\/img_2096.jpg\" data-orig-size=\"700,525\" data-comments-opened=\"1\" data-image-meta=\"{&quot;aperture&quot;:&quot;4.9&quot;,&quot;credit&quot;:&quot;&quot;,&quot;camera&quot;:&quot;Canon DIGITAL IXUS 50&quot;,&quot;caption&quot;:&quot;&quot;,&quot;created_timestamp&quot;:&quot;1158932918&quot;,&quot;copyright&quot;:&quot;&quot;,&quot;focal_length&quot;:&quot;17.4&quot;,&quot;iso&quot;:&quot;0&quot;,&quot;shutter_speed&quot;:&quot;0.0025&quot;,&quot;title&quot;:&quot;&quot;}\" data-image-title=\"Croatie &amp;#8211; rabac\" data-image-description=\"\" data-medium-file=\"https:\/\/i0.wp.com\/loicmathieu.fr\/wordpress\/wp-content\/uploads\/img_2096.jpg?fit=300%2C225&#038;ssl=1\" data-large-file=\"https:\/\/i0.wp.com\/loicmathieu.fr\/wordpress\/wp-content\/uploads\/img_2096.jpg?fit=640%2C480&#038;ssl=1\" src=\"https:\/\/i0.wp.com\/loicmathieu.fr\/wordpress\/wp-content\/uploads\/img_2096.jpg?w=209&#038;h=157&#038;ssl=1\" srcset=\"https:\/\/i0.wp.com\/loicmathieu.fr\/wordpress\/wp-content\/uploads\/img_2096.jpg?w=700&amp;ssl=1 700w, https:\/\/i0.wp.com\/loicmathieu.fr\/wordpress\/wp-content\/uploads\/img_2096.jpg?resize=300%2C225&amp;ssl=1 300w\" width=\"209\" height=\"157\" loading=\"lazy\" data-original-width=\"209\" data-original-height=\"157\" itemprop=\"http:\/\/schema.org\/image\" title=\"Croatie - rabac\" alt=\"Croatie - rabac\" style=\"width: 209px; height: 157px;\" \/> <\/a> <\/div> <div class=\"tiled-gallery-item tiled-gallery-item-small\" itemprop=\"associatedMedia\" itemscope itemtype=\"http:\/\/schema.org\/ImageObject\"> <a href=\"https:\/\/www.loicmathieu.fr\/wordpress\/voyage\/carnet-de-voyage-croatie-part-5\/attachment\/img_2165\/\" border=\"0\" itemprop=\"url\"> <meta itemprop=\"width\" content=\"209\"> <meta itemprop=\"height\" content=\"156\"> <img decoding=\"async\" class=\"\" data-attachment-id=\"99\" data-orig-file=\"https:\/\/loicmathieu.fr\/wordpress\/wp-content\/uploads\/img_2165.jpg\" data-orig-size=\"700,525\" data-comments-opened=\"1\" data-image-meta=\"{&quot;aperture&quot;:&quot;2.8&quot;,&quot;credit&quot;:&quot;&quot;,&quot;camera&quot;:&quot;Canon DIGITAL IXUS 50&quot;,&quot;caption&quot;:&quot;&quot;,&quot;created_timestamp&quot;:&quot;1159021075&quot;,&quot;copyright&quot;:&quot;&quot;,&quot;focal_length&quot;:&quot;5.8&quot;,&quot;iso&quot;:&quot;0&quot;,&quot;shutter_speed&quot;:&quot;0.0025&quot;,&quot;title&quot;:&quot;&quot;}\" data-image-title=\"Croatie &amp;#8211; rabac\" data-image-description=\"\" data-medium-file=\"https:\/\/i0.wp.com\/loicmathieu.fr\/wordpress\/wp-content\/uploads\/img_2165.jpg?fit=300%2C225&#038;ssl=1\" data-large-file=\"https:\/\/i0.wp.com\/loicmathieu.fr\/wordpress\/wp-content\/uploads\/img_2165.jpg?fit=640%2C480&#038;ssl=1\" src=\"https:\/\/i0.wp.com\/loicmathieu.fr\/wordpress\/wp-content\/uploads\/img_2165.jpg?w=209&#038;h=156&#038;ssl=1\" srcset=\"https:\/\/i0.wp.com\/loicmathieu.fr\/wordpress\/wp-content\/uploads\/img_2165.jpg?w=700&amp;ssl=1 700w, https:\/\/i0.wp.com\/loicmathieu.fr\/wordpress\/wp-content\/uploads\/img_2165.jpg?resize=300%2C225&amp;ssl=1 300w\" width=\"209\" height=\"156\" loading=\"lazy\" data-original-width=\"209\" data-original-height=\"156\" itemprop=\"http:\/\/schema.org\/image\" title=\"Croatie - rabac\" alt=\"Croatie - rabac\" style=\"width: 209px; height: 156px;\" \/> <\/a> <\/div> <\/div> <!-- close group --> <\/div> <!-- close row --> <div class=\"gallery-row\" style=\"width: 640px; height: 452px;\" data-original-width=\"640\" data-original-height=\"452\" > <div class=\"gallery-group images-2\" style=\"width: 300px; height: 452px;\" data-original-width=\"300\" data-original-height=\"452\" > <div class=\"tiled-gallery-item tiled-gallery-item-large\" itemprop=\"associatedMedia\" itemscope itemtype=\"http:\/\/schema.org\/ImageObject\"> <a href=\"https:\/\/www.loicmathieu.fr\/wordpress\/voyage\/carnet-de-voyage-croatie-part-5\/attachment\/img_2183\/\" border=\"0\" itemprop=\"url\"> <meta itemprop=\"width\" content=\"296\"> <meta itemprop=\"height\" content=\"222\"> <img decoding=\"async\" class=\"\" data-attachment-id=\"100\" data-orig-file=\"https:\/\/loicmathieu.fr\/wordpress\/wp-content\/uploads\/img_2183.jpg\" data-orig-size=\"700,525\" data-comments-opened=\"1\" data-image-meta=\"{&quot;aperture&quot;:&quot;7.1&quot;,&quot;credit&quot;:&quot;&quot;,&quot;camera&quot;:&quot;Canon DIGITAL IXUS 50&quot;,&quot;caption&quot;:&quot;&quot;,&quot;created_timestamp&quot;:&quot;1159100228&quot;,&quot;copyright&quot;:&quot;&quot;,&quot;focal_length&quot;:&quot;10.093&quot;,&quot;iso&quot;:&quot;0&quot;,&quot;shutter_speed&quot;:&quot;0.004&quot;,&quot;title&quot;:&quot;&quot;}\" data-image-title=\"Croatie -Cres\" data-image-description=\"\" data-medium-file=\"https:\/\/i0.wp.com\/loicmathieu.fr\/wordpress\/wp-content\/uploads\/img_2183.jpg?fit=300%2C225&#038;ssl=1\" data-large-file=\"https:\/\/i0.wp.com\/loicmathieu.fr\/wordpress\/wp-content\/uploads\/img_2183.jpg?fit=640%2C480&#038;ssl=1\" src=\"https:\/\/i0.wp.com\/loicmathieu.fr\/wordpress\/wp-content\/uploads\/img_2183.jpg?w=296&#038;h=222&#038;ssl=1\" srcset=\"https:\/\/i0.wp.com\/loicmathieu.fr\/wordpress\/wp-content\/uploads\/img_2183.jpg?w=700&amp;ssl=1 700w, https:\/\/i0.wp.com\/loicmathieu.fr\/wordpress\/wp-content\/uploads\/img_2183.jpg?resize=300%2C225&amp;ssl=1 300w\" width=\"296\" height=\"222\" loading=\"lazy\" data-original-width=\"296\" data-original-height=\"222\" itemprop=\"http:\/\/schema.org\/image\" title=\"Croatie -Cres\" alt=\"Croatie -Cres\" style=\"width: 296px; height: 222px;\" \/> <\/a> <\/div> <div class=\"tiled-gallery-item tiled-gallery-item-large\" itemprop=\"associatedMedia\" itemscope itemtype=\"http:\/\/schema.org\/ImageObject\"> <a href=\"https:\/\/www.loicmathieu.fr\/wordpress\/voyage\/carnet-de-voyage-croatie-part-5\/attachment\/img_2193\/\" border=\"0\" itemprop=\"url\"> <meta itemprop=\"width\" content=\"296\"> <meta itemprop=\"height\" content=\"222\"> <img decoding=\"async\" class=\"\" data-attachment-id=\"101\" data-orig-file=\"https:\/\/loicmathieu.fr\/wordpress\/wp-content\/uploads\/img_2193.jpg\" data-orig-size=\"700,525\" data-comments-opened=\"1\" data-image-meta=\"{&quot;aperture&quot;:&quot;5.6&quot;,&quot;credit&quot;:&quot;&quot;,&quot;camera&quot;:&quot;Canon DIGITAL IXUS 50&quot;,&quot;caption&quot;:&quot;&quot;,&quot;created_timestamp&quot;:&quot;1159103560&quot;,&quot;copyright&quot;:&quot;&quot;,&quot;focal_length&quot;:&quot;5.8&quot;,&quot;iso&quot;:&quot;0&quot;,&quot;shutter_speed&quot;:&quot;0.0015625&quot;,&quot;title&quot;:&quot;&quot;}\" data-image-title=\"Croatie &amp;#8211; Cres\" data-image-description=\"\" data-medium-file=\"https:\/\/i0.wp.com\/loicmathieu.fr\/wordpress\/wp-content\/uploads\/img_2193.jpg?fit=300%2C225&#038;ssl=1\" data-large-file=\"https:\/\/i0.wp.com\/loicmathieu.fr\/wordpress\/wp-content\/uploads\/img_2193.jpg?fit=640%2C480&#038;ssl=1\" src=\"https:\/\/i0.wp.com\/loicmathieu.fr\/wordpress\/wp-content\/uploads\/img_2193.jpg?w=296&#038;h=222&#038;ssl=1\" srcset=\"https:\/\/i0.wp.com\/loicmathieu.fr\/wordpress\/wp-content\/uploads\/img_2193.jpg?w=700&amp;ssl=1 700w, https:\/\/i0.wp.com\/loicmathieu.fr\/wordpress\/wp-content\/uploads\/img_2193.jpg?resize=300%2C225&amp;ssl=1 300w\" width=\"296\" height=\"222\" loading=\"lazy\" data-original-width=\"296\" data-original-height=\"222\" itemprop=\"http:\/\/schema.org\/image\" title=\"Croatie - Cres\" alt=\"Croatie - Cres\" style=\"width: 296px; height: 222px;\" \/> <\/a> <\/div> <\/div> <!-- close group --> <div class=\"gallery-group images-1\" style=\"width: 340px; height: 452px;\" data-original-width=\"340\" data-original-height=\"452\" > <div class=\"tiled-gallery-item tiled-gallery-item-large\" itemprop=\"associatedMedia\" itemscope itemtype=\"http:\/\/schema.org\/ImageObject\"> <a href=\"https:\/\/www.loicmathieu.fr\/wordpress\/voyage\/carnet-de-voyage-croatie-part-5\/attachment\/img_2196\/\" border=\"0\" itemprop=\"url\"> <meta itemprop=\"width\" content=\"336\"> <meta itemprop=\"height\" content=\"448\"> <img decoding=\"async\" class=\"\" data-attachment-id=\"102\" data-orig-file=\"https:\/\/loicmathieu.fr\/wordpress\/wp-content\/uploads\/img_2196.jpg\" data-orig-size=\"394,525\" data-comments-opened=\"1\" data-image-meta=\"{&quot;aperture&quot;:&quot;5.6&quot;,&quot;credit&quot;:&quot;&quot;,&quot;camera&quot;:&quot;Canon DIGITAL IXUS 50&quot;,&quot;caption&quot;:&quot;&quot;,&quot;created_timestamp&quot;:&quot;1159104086&quot;,&quot;copyright&quot;:&quot;&quot;,&quot;focal_length&quot;:&quot;5.8&quot;,&quot;iso&quot;:&quot;0&quot;,&quot;shutter_speed&quot;:&quot;0.003125&quot;,&quot;title&quot;:&quot;&quot;}\" data-image-title=\"Croatie &amp;#8211; Cres\" data-image-description=\"\" data-medium-file=\"https:\/\/i0.wp.com\/loicmathieu.fr\/wordpress\/wp-content\/uploads\/img_2196.jpg?fit=225%2C300&#038;ssl=1\" data-large-file=\"https:\/\/i0.wp.com\/loicmathieu.fr\/wordpress\/wp-content\/uploads\/img_2196.jpg?fit=394%2C525&#038;ssl=1\" src=\"https:\/\/i0.wp.com\/loicmathieu.fr\/wordpress\/wp-content\/uploads\/img_2196.jpg?w=336&#038;h=448&#038;ssl=1\" srcset=\"https:\/\/i0.wp.com\/loicmathieu.fr\/wordpress\/wp-content\/uploads\/img_2196.jpg?w=394&amp;ssl=1 394w, https:\/\/i0.wp.com\/loicmathieu.fr\/wordpress\/wp-content\/uploads\/img_2196.jpg?resize=225%2C300&amp;ssl=1 225w\" width=\"336\" height=\"448\" loading=\"lazy\" data-original-width=\"336\" data-original-height=\"448\" itemprop=\"http:\/\/schema.org\/image\" title=\"Croatie - Cres\" alt=\"Croatie - Cres\" style=\"width: 336px; height: 448px;\" \/> <\/a> <\/div> <\/div> <!-- close group --> <\/div> <!-- close row --> <div class=\"gallery-row\" style=\"width: 640px; height: 307px;\" data-original-width=\"640\" data-original-height=\"307\" > <div class=\"gallery-group images-1\" style=\"width: 408px; height: 307px;\" data-original-width=\"408\" data-original-height=\"307\" > <div class=\"tiled-gallery-item tiled-gallery-item-large\" itemprop=\"associatedMedia\" itemscope itemtype=\"http:\/\/schema.org\/ImageObject\"> <a href=\"https:\/\/www.loicmathieu.fr\/wordpress\/voyage\/carnet-de-voyage-croatie-part-5\/attachment\/img_2224\/\" border=\"0\" itemprop=\"url\"> <meta itemprop=\"width\" content=\"404\"> <meta itemprop=\"height\" content=\"303\"> <img decoding=\"async\" class=\"\" data-attachment-id=\"103\" data-orig-file=\"https:\/\/loicmathieu.fr\/wordpress\/wp-content\/uploads\/img_2224.jpg\" data-orig-size=\"700,525\" data-comments-opened=\"1\" data-image-meta=\"{&quot;aperture&quot;:&quot;6.3&quot;,&quot;credit&quot;:&quot;&quot;,&quot;camera&quot;:&quot;Canon DIGITAL IXUS 50&quot;,&quot;caption&quot;:&quot;&quot;,&quot;created_timestamp&quot;:&quot;1159169672&quot;,&quot;copyright&quot;:&quot;&quot;,&quot;focal_length&quot;:&quot;7.109&quot;,&quot;iso&quot;:&quot;0&quot;,&quot;shutter_speed&quot;:&quot;0.004&quot;,&quot;title&quot;:&quot;&quot;}\" data-image-title=\"Croatie -Hvar\" data-image-description=\"\" data-medium-file=\"https:\/\/i0.wp.com\/loicmathieu.fr\/wordpress\/wp-content\/uploads\/img_2224.jpg?fit=300%2C225&#038;ssl=1\" data-large-file=\"https:\/\/i0.wp.com\/loicmathieu.fr\/wordpress\/wp-content\/uploads\/img_2224.jpg?fit=640%2C480&#038;ssl=1\" src=\"https:\/\/i0.wp.com\/loicmathieu.fr\/wordpress\/wp-content\/uploads\/img_2224.jpg?w=404&#038;h=303&#038;ssl=1\" srcset=\"https:\/\/i0.wp.com\/loicmathieu.fr\/wordpress\/wp-content\/uploads\/img_2224.jpg?w=700&amp;ssl=1 700w, https:\/\/i0.wp.com\/loicmathieu.fr\/wordpress\/wp-content\/uploads\/img_2224.jpg?resize=300%2C225&amp;ssl=1 300w\" width=\"404\" height=\"303\" loading=\"lazy\" data-original-width=\"404\" data-original-height=\"303\" itemprop=\"http:\/\/schema.org\/image\" title=\"Croatie -Hvar\" alt=\"Croatie -Hvar\" style=\"width: 404px; height: 303px;\" \/> <\/a> <\/div> <\/div> <!-- close group --> <div class=\"gallery-group images-1\" style=\"width: 232px; height: 307px;\" data-original-width=\"232\" data-original-height=\"307\" > <div class=\"tiled-gallery-item tiled-gallery-item-small\" itemprop=\"associatedMedia\" itemscope itemtype=\"http:\/\/schema.org\/ImageObject\"> <a href=\"https:\/\/www.loicmathieu.fr\/wordpress\/voyage\/carnet-de-voyage-croatie-part-5\/attachment\/img_2228\/\" border=\"0\" itemprop=\"url\"> <meta itemprop=\"width\" content=\"228\"> <meta itemprop=\"height\" content=\"303\"> <img decoding=\"async\" class=\"\" data-attachment-id=\"104\" data-orig-file=\"https:\/\/loicmathieu.fr\/wordpress\/wp-content\/uploads\/img_2228.jpg\" data-orig-size=\"394,525\" data-comments-opened=\"1\" data-image-meta=\"{&quot;aperture&quot;:&quot;2.8&quot;,&quot;credit&quot;:&quot;&quot;,&quot;camera&quot;:&quot;Canon DIGITAL IXUS 50&quot;,&quot;caption&quot;:&quot;&quot;,&quot;created_timestamp&quot;:&quot;1159181105&quot;,&quot;copyright&quot;:&quot;&quot;,&quot;focal_length&quot;:&quot;5.8&quot;,&quot;iso&quot;:&quot;0&quot;,&quot;shutter_speed&quot;:&quot;0.003125&quot;,&quot;title&quot;:&quot;&quot;}\" data-image-title=\"Croatie &amp;#8211; Plitvice\" data-image-description=\"\" data-medium-file=\"https:\/\/i0.wp.com\/loicmathieu.fr\/wordpress\/wp-content\/uploads\/img_2228.jpg?fit=225%2C300&#038;ssl=1\" data-large-file=\"https:\/\/i0.wp.com\/loicmathieu.fr\/wordpress\/wp-content\/uploads\/img_2228.jpg?fit=394%2C525&#038;ssl=1\" src=\"https:\/\/i0.wp.com\/loicmathieu.fr\/wordpress\/wp-content\/uploads\/img_2228.jpg?w=228&#038;h=303&#038;ssl=1\" srcset=\"https:\/\/i0.wp.com\/loicmathieu.fr\/wordpress\/wp-content\/uploads\/img_2228.jpg?w=394&amp;ssl=1 394w, https:\/\/i0.wp.com\/loicmathieu.fr\/wordpress\/wp-content\/uploads\/img_2228.jpg?resize=225%2C300&amp;ssl=1 225w\" width=\"228\" height=\"303\" loading=\"lazy\" data-original-width=\"228\" data-original-height=\"303\" itemprop=\"http:\/\/schema.org\/image\" title=\"Croatie - Plitvice\" alt=\"Croatie - Plitvice\" style=\"width: 228px; height: 303px;\" \/> <\/a> <\/div> <\/div> <!-- close group --> <\/div> <!-- close row --> <div class=\"gallery-row\" style=\"width: 640px; height: 226px;\" data-original-width=\"640\" data-original-height=\"226\" > <div class=\"gallery-group images-1\" style=\"width: 170px; height: 226px;\" data-original-width=\"170\" data-original-height=\"226\" > <div class=\"tiled-gallery-item tiled-gallery-item-small\" itemprop=\"associatedMedia\" itemscope itemtype=\"http:\/\/schema.org\/ImageObject\"> <a href=\"https:\/\/www.loicmathieu.fr\/wordpress\/voyage\/carnet-de-voyage-croatie-part-5\/attachment\/img_2233\/\" border=\"0\" itemprop=\"url\"> <meta itemprop=\"width\" content=\"166\"> <meta itemprop=\"height\" content=\"222\"> <img decoding=\"async\" class=\"\" data-attachment-id=\"105\" data-orig-file=\"https:\/\/loicmathieu.fr\/wordpress\/wp-content\/uploads\/img_2233.jpg\" data-orig-size=\"394,525\" data-comments-opened=\"1\" data-image-meta=\"{&quot;aperture&quot;:&quot;4.9&quot;,&quot;credit&quot;:&quot;&quot;,&quot;camera&quot;:&quot;Canon DIGITAL IXUS 50&quot;,&quot;caption&quot;:&quot;&quot;,&quot;created_timestamp&quot;:&quot;1159181484&quot;,&quot;copyright&quot;:&quot;&quot;,&quot;focal_length&quot;:&quot;17.4&quot;,&quot;iso&quot;:&quot;0&quot;,&quot;shutter_speed&quot;:&quot;0.003125&quot;,&quot;title&quot;:&quot;&quot;}\" data-image-title=\"Croatie &amp;#8211; Plitvice\" data-image-description=\"\" data-medium-file=\"https:\/\/i0.wp.com\/loicmathieu.fr\/wordpress\/wp-content\/uploads\/img_2233.jpg?fit=225%2C300&#038;ssl=1\" data-large-file=\"https:\/\/i0.wp.com\/loicmathieu.fr\/wordpress\/wp-content\/uploads\/img_2233.jpg?fit=394%2C525&#038;ssl=1\" src=\"https:\/\/i0.wp.com\/loicmathieu.fr\/wordpress\/wp-content\/uploads\/img_2233.jpg?w=166&#038;h=222&#038;ssl=1\" srcset=\"https:\/\/i0.wp.com\/loicmathieu.fr\/wordpress\/wp-content\/uploads\/img_2233.jpg?w=394&amp;ssl=1 394w, https:\/\/i0.wp.com\/loicmathieu.fr\/wordpress\/wp-content\/uploads\/img_2233.jpg?resize=225%2C300&amp;ssl=1 225w\" width=\"166\" height=\"222\" loading=\"lazy\" data-original-width=\"166\" data-original-height=\"222\" itemprop=\"http:\/\/schema.org\/image\" title=\"Croatie - Plitvice\" alt=\"Croatie - Plitvice\" style=\"width: 166px; height: 222px;\" \/> <\/a> <\/div> <\/div> <!-- close group --> <div class=\"gallery-group images-1\" style=\"width: 300px; height: 226px;\" data-original-width=\"300\" data-original-height=\"226\" > <div class=\"tiled-gallery-item tiled-gallery-item-large\" itemprop=\"associatedMedia\" itemscope itemtype=\"http:\/\/schema.org\/ImageObject\"> <a href=\"https:\/\/www.loicmathieu.fr\/wordpress\/voyage\/carnet-de-voyage-croatie-part-5\/attachment\/img_2239\/\" border=\"0\" itemprop=\"url\"> <meta itemprop=\"width\" content=\"296\"> <meta itemprop=\"height\" content=\"222\"> <img decoding=\"async\" class=\"\" data-attachment-id=\"106\" data-orig-file=\"https:\/\/loicmathieu.fr\/wordpress\/wp-content\/uploads\/img_2239.jpg\" data-orig-size=\"700,525\" data-comments-opened=\"1\" data-image-meta=\"{&quot;aperture&quot;:&quot;2.8&quot;,&quot;credit&quot;:&quot;&quot;,&quot;camera&quot;:&quot;Canon DIGITAL IXUS 50&quot;,&quot;caption&quot;:&quot;&quot;,&quot;created_timestamp&quot;:&quot;1159181882&quot;,&quot;copyright&quot;:&quot;&quot;,&quot;focal_length&quot;:&quot;5.8&quot;,&quot;iso&quot;:&quot;0&quot;,&quot;shutter_speed&quot;:&quot;0.003125&quot;,&quot;title&quot;:&quot;&quot;}\" data-image-title=\"Croatie &amp;#8211; Plitvice\" data-image-description=\"\" data-medium-file=\"https:\/\/i0.wp.com\/loicmathieu.fr\/wordpress\/wp-content\/uploads\/img_2239.jpg?fit=300%2C225&#038;ssl=1\" data-large-file=\"https:\/\/i0.wp.com\/loicmathieu.fr\/wordpress\/wp-content\/uploads\/img_2239.jpg?fit=640%2C480&#038;ssl=1\" src=\"https:\/\/i0.wp.com\/loicmathieu.fr\/wordpress\/wp-content\/uploads\/img_2239.jpg?w=296&#038;h=222&#038;ssl=1\" srcset=\"https:\/\/i0.wp.com\/loicmathieu.fr\/wordpress\/wp-content\/uploads\/img_2239.jpg?w=700&amp;ssl=1 700w, https:\/\/i0.wp.com\/loicmathieu.fr\/wordpress\/wp-content\/uploads\/img_2239.jpg?resize=300%2C225&amp;ssl=1 300w\" width=\"296\" height=\"222\" loading=\"lazy\" data-original-width=\"296\" data-original-height=\"222\" itemprop=\"http:\/\/schema.org\/image\" title=\"Croatie - Plitvice\" alt=\"Croatie - Plitvice\" style=\"width: 296px; height: 222px;\" \/> <\/a> <\/div> <\/div> <!-- close group --> <div class=\"gallery-group images-1\" style=\"width: 170px; height: 226px;\" data-original-width=\"170\" data-original-height=\"226\" > <div class=\"tiled-gallery-item tiled-gallery-item-small\" itemprop=\"associatedMedia\" itemscope itemtype=\"http:\/\/schema.org\/ImageObject\"> <a href=\"https:\/\/www.loicmathieu.fr\/wordpress\/voyage\/carnet-de-voyage-croatie-part-5\/attachment\/img_2240\/\" border=\"0\" itemprop=\"url\"> <meta itemprop=\"width\" content=\"166\"> <meta itemprop=\"height\" content=\"222\"> <img decoding=\"async\" class=\"\" data-attachment-id=\"107\" data-orig-file=\"https:\/\/loicmathieu.fr\/wordpress\/wp-content\/uploads\/img_2240.jpg\" data-orig-size=\"394,525\" data-comments-opened=\"1\" data-image-meta=\"{&quot;aperture&quot;:&quot;2.8&quot;,&quot;credit&quot;:&quot;&quot;,&quot;camera&quot;:&quot;Canon DIGITAL IXUS 50&quot;,&quot;caption&quot;:&quot;&quot;,&quot;created_timestamp&quot;:&quot;1159182002&quot;,&quot;copyright&quot;:&quot;&quot;,&quot;focal_length&quot;:&quot;5.8&quot;,&quot;iso&quot;:&quot;0&quot;,&quot;shutter_speed&quot;:&quot;0.002&quot;,&quot;title&quot;:&quot;&quot;}\" data-image-title=\"Croatie &amp;#8211; Plitvice\" data-image-description=\"\" data-medium-file=\"https:\/\/i0.wp.com\/loicmathieu.fr\/wordpress\/wp-content\/uploads\/img_2240.jpg?fit=225%2C300&#038;ssl=1\" data-large-file=\"https:\/\/i0.wp.com\/loicmathieu.fr\/wordpress\/wp-content\/uploads\/img_2240.jpg?fit=394%2C525&#038;ssl=1\" src=\"https:\/\/i0.wp.com\/loicmathieu.fr\/wordpress\/wp-content\/uploads\/img_2240.jpg?w=166&#038;h=222&#038;ssl=1\" srcset=\"https:\/\/i0.wp.com\/loicmathieu.fr\/wordpress\/wp-content\/uploads\/img_2240.jpg?w=394&amp;ssl=1 394w, https:\/\/i0.wp.com\/loicmathieu.fr\/wordpress\/wp-content\/uploads\/img_2240.jpg?resize=225%2C300&amp;ssl=1 225w\" width=\"166\" height=\"222\" loading=\"lazy\" data-original-width=\"166\" data-original-height=\"222\" itemprop=\"http:\/\/schema.org\/image\" title=\"Croatie - Plitvice\" alt=\"Croatie - Plitvice\" style=\"width: 166px; height: 222px;\" \/> <\/a> <\/div> <\/div> <!-- close group --> <\/div> <!-- close row --> <div class=\"gallery-row\" style=\"width: 640px; height: 307px;\" data-original-width=\"640\" data-original-height=\"307\" > <div class=\"gallery-group images-1\" style=\"width: 408px; height: 307px;\" data-original-width=\"408\" data-original-height=\"307\" > <div class=\"tiled-gallery-item tiled-gallery-item-large\" itemprop=\"associatedMedia\" itemscope itemtype=\"http:\/\/schema.org\/ImageObject\"> <a href=\"https:\/\/www.loicmathieu.fr\/wordpress\/voyage\/carnet-de-voyage-croatie-part-5\/attachment\/img_2255\/\" border=\"0\" itemprop=\"url\"> <meta itemprop=\"width\" content=\"404\"> <meta itemprop=\"height\" content=\"303\"> <img decoding=\"async\" class=\"\" data-attachment-id=\"108\" data-orig-file=\"https:\/\/loicmathieu.fr\/wordpress\/wp-content\/uploads\/img_2255.jpg\" data-orig-size=\"700,525\" data-comments-opened=\"1\" data-image-meta=\"{&quot;aperture&quot;:&quot;2.8&quot;,&quot;credit&quot;:&quot;&quot;,&quot;camera&quot;:&quot;Canon DIGITAL IXUS 50&quot;,&quot;caption&quot;:&quot;&quot;,&quot;created_timestamp&quot;:&quot;1159182984&quot;,&quot;copyright&quot;:&quot;&quot;,&quot;focal_length&quot;:&quot;5.8&quot;,&quot;iso&quot;:&quot;0&quot;,&quot;shutter_speed&quot;:&quot;0.004&quot;,&quot;title&quot;:&quot;&quot;}\" data-image-title=\"Croatie &amp;#8211; Plitvice\" data-image-description=\"\" data-medium-file=\"https:\/\/i0.wp.com\/loicmathieu.fr\/wordpress\/wp-content\/uploads\/img_2255.jpg?fit=300%2C225&#038;ssl=1\" data-large-file=\"https:\/\/i0.wp.com\/loicmathieu.fr\/wordpress\/wp-content\/uploads\/img_2255.jpg?fit=640%2C480&#038;ssl=1\" src=\"https:\/\/i0.wp.com\/loicmathieu.fr\/wordpress\/wp-content\/uploads\/img_2255.jpg?w=404&#038;h=303&#038;ssl=1\" srcset=\"https:\/\/i0.wp.com\/loicmathieu.fr\/wordpress\/wp-content\/uploads\/img_2255.jpg?w=700&amp;ssl=1 700w, https:\/\/i0.wp.com\/loicmathieu.fr\/wordpress\/wp-content\/uploads\/img_2255.jpg?resize=300%2C225&amp;ssl=1 300w\" width=\"404\" height=\"303\" loading=\"lazy\" data-original-width=\"404\" data-original-height=\"303\" itemprop=\"http:\/\/schema.org\/image\" title=\"Croatie - Plitvice\" alt=\"Croatie - Plitvice\" style=\"width: 404px; height: 303px;\" \/> <\/a> <\/div> <\/div> <!-- close group --> <div class=\"gallery-group images-1\" style=\"width: 232px; height: 307px;\" data-original-width=\"232\" data-original-height=\"307\" > <div class=\"tiled-gallery-item tiled-gallery-item-small\" itemprop=\"associatedMedia\" itemscope itemtype=\"http:\/\/schema.org\/ImageObject\"> <a href=\"https:\/\/www.loicmathieu.fr\/wordpress\/voyage\/carnet-de-voyage-croatie-part-5\/attachment\/img_2258\/\" border=\"0\" itemprop=\"url\"> <meta itemprop=\"width\" content=\"228\"> <meta itemprop=\"height\" content=\"303\"> <img decoding=\"async\" class=\"\" data-attachment-id=\"109\" data-orig-file=\"https:\/\/loicmathieu.fr\/wordpress\/wp-content\/uploads\/img_2258.jpg\" data-orig-size=\"394,525\" data-comments-opened=\"1\" data-image-meta=\"{&quot;aperture&quot;:&quot;5.6&quot;,&quot;credit&quot;:&quot;&quot;,&quot;camera&quot;:&quot;Canon DIGITAL IXUS 50&quot;,&quot;caption&quot;:&quot;&quot;,&quot;created_timestamp&quot;:&quot;1159183427&quot;,&quot;copyright&quot;:&quot;&quot;,&quot;focal_length&quot;:&quot;5.8&quot;,&quot;iso&quot;:&quot;0&quot;,&quot;shutter_speed&quot;:&quot;0.003125&quot;,&quot;title&quot;:&quot;&quot;}\" data-image-title=\"Croatie &amp;#8211; Plitvice\" data-image-description=\"\" data-medium-file=\"https:\/\/i0.wp.com\/loicmathieu.fr\/wordpress\/wp-content\/uploads\/img_2258.jpg?fit=225%2C300&#038;ssl=1\" data-large-file=\"https:\/\/i0.wp.com\/loicmathieu.fr\/wordpress\/wp-content\/uploads\/img_2258.jpg?fit=394%2C525&#038;ssl=1\" src=\"https:\/\/i0.wp.com\/loicmathieu.fr\/wordpress\/wp-content\/uploads\/img_2258.jpg?w=228&#038;h=303&#038;ssl=1\" srcset=\"https:\/\/i0.wp.com\/loicmathieu.fr\/wordpress\/wp-content\/uploads\/img_2258.jpg?w=394&amp;ssl=1 394w, https:\/\/i0.wp.com\/loicmathieu.fr\/wordpress\/wp-content\/uploads\/img_2258.jpg?resize=225%2C300&amp;ssl=1 225w\" width=\"228\" height=\"303\" loading=\"lazy\" data-original-width=\"228\" data-original-height=\"303\" itemprop=\"http:\/\/schema.org\/image\" title=\"Croatie - Plitvice\" alt=\"Croatie - Plitvice\" style=\"width: 228px; height: 303px;\" \/> <\/a> <\/div> <\/div> <!-- close group --> <\/div> <!-- close row --> <div class=\"gallery-row\" style=\"width: 640px; height: 536px;\" data-original-width=\"640\" data-original-height=\"536\" > <div class=\"gallery-group images-3\" style=\"width: 237px; height: 536px;\" data-original-width=\"237\" data-original-height=\"536\" > <div class=\"tiled-gallery-item tiled-gallery-item-small\" itemprop=\"associatedMedia\" itemscope itemtype=\"http:\/\/schema.org\/ImageObject\"> <a href=\"https:\/\/www.loicmathieu.fr\/wordpress\/voyage\/carnet-de-voyage-croatie-part-5\/attachment\/img_2262\/\" border=\"0\" itemprop=\"url\"> <meta itemprop=\"width\" content=\"233\"> <meta itemprop=\"height\" content=\"175\"> <img decoding=\"async\" class=\"\" data-attachment-id=\"110\" data-orig-file=\"https:\/\/loicmathieu.fr\/wordpress\/wp-content\/uploads\/img_2262.jpg\" data-orig-size=\"700,525\" data-comments-opened=\"1\" data-image-meta=\"{&quot;aperture&quot;:&quot;5.6&quot;,&quot;credit&quot;:&quot;&quot;,&quot;camera&quot;:&quot;Canon DIGITAL IXUS 50&quot;,&quot;caption&quot;:&quot;&quot;,&quot;created_timestamp&quot;:&quot;1159184246&quot;,&quot;copyright&quot;:&quot;&quot;,&quot;focal_length&quot;:&quot;5.8&quot;,&quot;iso&quot;:&quot;0&quot;,&quot;shutter_speed&quot;:&quot;0.0025&quot;,&quot;title&quot;:&quot;&quot;}\" data-image-title=\"Croatie &amp;#8211; Plitvice\" data-image-description=\"\" data-medium-file=\"https:\/\/i0.wp.com\/loicmathieu.fr\/wordpress\/wp-content\/uploads\/img_2262.jpg?fit=300%2C225&#038;ssl=1\" data-large-file=\"https:\/\/i0.wp.com\/loicmathieu.fr\/wordpress\/wp-content\/uploads\/img_2262.jpg?fit=640%2C480&#038;ssl=1\" src=\"https:\/\/i0.wp.com\/loicmathieu.fr\/wordpress\/wp-content\/uploads\/img_2262.jpg?w=233&#038;h=175&#038;ssl=1\" srcset=\"https:\/\/i0.wp.com\/loicmathieu.fr\/wordpress\/wp-content\/uploads\/img_2262.jpg?w=700&amp;ssl=1 700w, https:\/\/i0.wp.com\/loicmathieu.fr\/wordpress\/wp-content\/uploads\/img_2262.jpg?resize=300%2C225&amp;ssl=1 300w\" width=\"233\" height=\"175\" loading=\"lazy\" data-original-width=\"233\" data-original-height=\"175\" itemprop=\"http:\/\/schema.org\/image\" title=\"Croatie - Plitvice\" alt=\"Croatie - Plitvice\" style=\"width: 233px; height: 175px;\" \/> <\/a> <\/div> <div class=\"tiled-gallery-item tiled-gallery-item-small\" itemprop=\"associatedMedia\" itemscope itemtype=\"http:\/\/schema.org\/ImageObject\"> <a href=\"https:\/\/www.loicmathieu.fr\/wordpress\/voyage\/carnet-de-voyage-croatie-part-5\/attachment\/img_2292\/\" border=\"0\" itemprop=\"url\"> <meta itemprop=\"width\" content=\"233\"> <meta itemprop=\"height\" content=\"175\"> <img decoding=\"async\" class=\"\" data-attachment-id=\"111\" data-orig-file=\"https:\/\/loicmathieu.fr\/wordpress\/wp-content\/uploads\/img_2292.jpg\" data-orig-size=\"700,525\" data-comments-opened=\"1\" data-image-meta=\"{&quot;aperture&quot;:&quot;5.6&quot;,&quot;credit&quot;:&quot;&quot;,&quot;camera&quot;:&quot;Canon DIGITAL IXUS 50&quot;,&quot;caption&quot;:&quot;&quot;,&quot;created_timestamp&quot;:&quot;1159190092&quot;,&quot;copyright&quot;:&quot;&quot;,&quot;focal_length&quot;:&quot;5.8&quot;,&quot;iso&quot;:&quot;0&quot;,&quot;shutter_speed&quot;:&quot;0.004&quot;,&quot;title&quot;:&quot;&quot;}\" data-image-title=\"img_2292\" data-image-description=\"\" data-medium-file=\"https:\/\/i0.wp.com\/loicmathieu.fr\/wordpress\/wp-content\/uploads\/img_2292.jpg?fit=300%2C225&#038;ssl=1\" data-large-file=\"https:\/\/i0.wp.com\/loicmathieu.fr\/wordpress\/wp-content\/uploads\/img_2292.jpg?fit=640%2C480&#038;ssl=1\" src=\"https:\/\/i0.wp.com\/loicmathieu.fr\/wordpress\/wp-content\/uploads\/img_2292.jpg?w=233&#038;h=175&#038;ssl=1\" srcset=\"https:\/\/i0.wp.com\/loicmathieu.fr\/wordpress\/wp-content\/uploads\/img_2292.jpg?w=700&amp;ssl=1 700w, https:\/\/i0.wp.com\/loicmathieu.fr\/wordpress\/wp-content\/uploads\/img_2292.jpg?resize=300%2C225&amp;ssl=1 300w\" width=\"233\" height=\"175\" loading=\"lazy\" data-original-width=\"233\" data-original-height=\"175\" itemprop=\"http:\/\/schema.org\/image\" title=\"img_2292\" alt=\"Croatie - Plitvice\" style=\"width: 233px; height: 175px;\" \/> <\/a> <div class=\"tiled-gallery-caption\" itemprop=\"caption description\"> Croatie &#8211; Plitvice <\/div> <\/div> <div class=\"tiled-gallery-item tiled-gallery-item-small\" itemprop=\"associatedMedia\" itemscope itemtype=\"http:\/\/schema.org\/ImageObject\"> <a href=\"https:\/\/www.loicmathieu.fr\/wordpress\/voyage\/carnet-de-voyage-croatie-part-5\/attachment\/img_2313\/\" border=\"0\" itemprop=\"url\"> <meta itemprop=\"width\" content=\"233\"> <meta itemprop=\"height\" content=\"174\"> <img decoding=\"async\" class=\"\" data-attachment-id=\"112\" data-orig-file=\"https:\/\/loicmathieu.fr\/wordpress\/wp-content\/uploads\/img_2313.jpg\" data-orig-size=\"700,525\" data-comments-opened=\"1\" data-image-meta=\"{&quot;aperture&quot;:&quot;2.8&quot;,&quot;credit&quot;:&quot;&quot;,&quot;camera&quot;:&quot;Canon DIGITAL IXUS 50&quot;,&quot;caption&quot;:&quot;&quot;,&quot;created_timestamp&quot;:&quot;1159190841&quot;,&quot;copyright&quot;:&quot;&quot;,&quot;focal_length&quot;:&quot;5.8&quot;,&quot;iso&quot;:&quot;0&quot;,&quot;shutter_speed&quot;:&quot;0.01&quot;,&quot;title&quot;:&quot;&quot;}\" data-image-title=\"Croatie &amp;#8211; Plitvice\" data-image-description=\"\" data-medium-file=\"https:\/\/i0.wp.com\/loicmathieu.fr\/wordpress\/wp-content\/uploads\/img_2313.jpg?fit=300%2C225&#038;ssl=1\" data-large-file=\"https:\/\/i0.wp.com\/loicmathieu.fr\/wordpress\/wp-content\/uploads\/img_2313.jpg?fit=640%2C480&#038;ssl=1\" src=\"https:\/\/i0.wp.com\/loicmathieu.fr\/wordpress\/wp-content\/uploads\/img_2313.jpg?w=233&#038;h=174&#038;ssl=1\" srcset=\"https:\/\/i0.wp.com\/loicmathieu.fr\/wordpress\/wp-content\/uploads\/img_2313.jpg?w=700&amp;ssl=1 700w, https:\/\/i0.wp.com\/loicmathieu.fr\/wordpress\/wp-content\/uploads\/img_2313.jpg?resize=300%2C225&amp;ssl=1 300w\" width=\"233\" height=\"174\" loading=\"lazy\" data-original-width=\"233\" data-original-height=\"174\" itemprop=\"http:\/\/schema.org\/image\" title=\"Croatie - Plitvice\" alt=\"Croatie - Plitvice\" style=\"width: 233px; height: 174px;\" \/> <\/a> <\/div> <\/div> <!-- close group --> <div class=\"gallery-group images-1\" style=\"width: 403px; height: 536px;\" data-original-width=\"403\" data-original-height=\"536\" > <div class=\"tiled-gallery-item tiled-gallery-item-large\" itemprop=\"associatedMedia\" itemscope itemtype=\"http:\/\/schema.org\/ImageObject\"> <a href=\"https:\/\/www.loicmathieu.fr\/wordpress\/voyage\/carnet-de-voyage-croatie-part-5\/attachment\/img_2360\/\" border=\"0\" itemprop=\"url\"> <meta itemprop=\"width\" content=\"399\"> <meta itemprop=\"height\" content=\"532\"> <img decoding=\"async\" class=\"\" data-attachment-id=\"113\" data-orig-file=\"https:\/\/loicmathieu.fr\/wordpress\/wp-content\/uploads\/img_2360.jpg\" data-orig-size=\"394,525\" data-comments-opened=\"1\" data-image-meta=\"{&quot;aperture&quot;:&quot;4&quot;,&quot;credit&quot;:&quot;&quot;,&quot;camera&quot;:&quot;Canon DIGITAL IXUS 50&quot;,&quot;caption&quot;:&quot;&quot;,&quot;created_timestamp&quot;:&quot;1159259322&quot;,&quot;copyright&quot;:&quot;&quot;,&quot;focal_length&quot;:&quot;12.12&quot;,&quot;iso&quot;:&quot;0&quot;,&quot;shutter_speed&quot;:&quot;0.1&quot;,&quot;title&quot;:&quot;&quot;}\" data-image-title=\"Croatie &amp;#8211; Porec\" data-image-description=\"\" data-medium-file=\"https:\/\/i0.wp.com\/loicmathieu.fr\/wordpress\/wp-content\/uploads\/img_2360.jpg?fit=225%2C300&#038;ssl=1\" data-large-file=\"https:\/\/i0.wp.com\/loicmathieu.fr\/wordpress\/wp-content\/uploads\/img_2360.jpg?fit=394%2C525&#038;ssl=1\" src=\"https:\/\/i0.wp.com\/loicmathieu.fr\/wordpress\/wp-content\/uploads\/img_2360.jpg?w=399&#038;h=532&#038;ssl=1\" srcset=\"https:\/\/i0.wp.com\/loicmathieu.fr\/wordpress\/wp-content\/uploads\/img_2360.jpg?w=394&amp;ssl=1 394w, https:\/\/i0.wp.com\/loicmathieu.fr\/wordpress\/wp-content\/uploads\/img_2360.jpg?resize=225%2C300&amp;ssl=1 225w\" width=\"399\" height=\"532\" loading=\"lazy\" data-original-width=\"399\" data-original-height=\"532\" itemprop=\"http:\/\/schema.org\/image\" title=\"Croatie - Porec\" alt=\"Croatie - Porec\" style=\"width: 399px; height: 532px;\" \/> <\/a> <\/div> <\/div> <!-- close group --> <\/div> <!-- close row --> <div class=\"gallery-row\" style=\"width: 640px; height: 321px;\" data-original-width=\"640\" data-original-height=\"321\" > <div class=\"gallery-group images-1\" style=\"width: 427px; height: 321px;\" data-original-width=\"427\" data-original-height=\"321\" > <div class=\"tiled-gallery-item tiled-gallery-item-large\" itemprop=\"associatedMedia\" itemscope itemtype=\"http:\/\/schema.org\/ImageObject\"> <a href=\"https:\/\/www.loicmathieu.fr\/wordpress\/voyage\/carnet-de-voyage-croatie-part-5\/attachment\/img_2368\/\" border=\"0\" itemprop=\"url\"> <meta itemprop=\"width\" content=\"423\"> <meta itemprop=\"height\" content=\"317\"> <img decoding=\"async\" class=\"\" data-attachment-id=\"114\" data-orig-file=\"https:\/\/loicmathieu.fr\/wordpress\/wp-content\/uploads\/img_2368.jpg\" data-orig-size=\"700,525\" data-comments-opened=\"1\" data-image-meta=\"{&quot;aperture&quot;:&quot;4.5&quot;,&quot;credit&quot;:&quot;&quot;,&quot;camera&quot;:&quot;Canon DIGITAL IXUS 50&quot;,&quot;caption&quot;:&quot;&quot;,&quot;created_timestamp&quot;:&quot;1159260730&quot;,&quot;copyright&quot;:&quot;&quot;,&quot;focal_length&quot;:&quot;14.421&quot;,&quot;iso&quot;:&quot;0&quot;,&quot;shutter_speed&quot;:&quot;0.004&quot;,&quot;title&quot;:&quot;&quot;}\" data-image-title=\"Croatie &amp;#8211; Porec\" data-image-description=\"\" data-medium-file=\"https:\/\/i0.wp.com\/loicmathieu.fr\/wordpress\/wp-content\/uploads\/img_2368.jpg?fit=300%2C225&#038;ssl=1\" data-large-file=\"https:\/\/i0.wp.com\/loicmathieu.fr\/wordpress\/wp-content\/uploads\/img_2368.jpg?fit=640%2C480&#038;ssl=1\" src=\"https:\/\/i0.wp.com\/loicmathieu.fr\/wordpress\/wp-content\/uploads\/img_2368.jpg?w=423&#038;h=317&#038;ssl=1\" srcset=\"https:\/\/i0.wp.com\/loicmathieu.fr\/wordpress\/wp-content\/uploads\/img_2368.jpg?w=700&amp;ssl=1 700w, https:\/\/i0.wp.com\/loicmathieu.fr\/wordpress\/wp-content\/uploads\/img_2368.jpg?resize=300%2C225&amp;ssl=1 300w\" width=\"423\" height=\"317\" loading=\"lazy\" data-original-width=\"423\" data-original-height=\"317\" itemprop=\"http:\/\/schema.org\/image\" title=\"Croatie - Porec\" alt=\"Croatie - Porec\" style=\"width: 423px; height: 317px;\" \/> <\/a> <\/div> <\/div> <!-- close group --> <div class=\"gallery-group images-2\" style=\"width: 213px; height: 321px;\" data-original-width=\"213\" data-original-height=\"321\" > <div class=\"tiled-gallery-item tiled-gallery-item-small\" itemprop=\"associatedMedia\" itemscope itemtype=\"http:\/\/schema.org\/ImageObject\"> <a href=\"https:\/\/www.loicmathieu.fr\/wordpress\/voyage\/carnet-de-voyage-croatie-part-5\/attachment\/img_2381\/\" border=\"0\" itemprop=\"url\"> <meta itemprop=\"width\" content=\"209\"> <meta itemprop=\"height\" content=\"157\"> <img decoding=\"async\" class=\"\" data-attachment-id=\"115\" data-orig-file=\"https:\/\/loicmathieu.fr\/wordpress\/wp-content\/uploads\/img_2381.jpg\" data-orig-size=\"700,525\" data-comments-opened=\"1\" data-image-meta=\"{&quot;aperture&quot;:&quot;6.3&quot;,&quot;credit&quot;:&quot;&quot;,&quot;camera&quot;:&quot;Canon DIGITAL IXUS 50&quot;,&quot;caption&quot;:&quot;&quot;,&quot;created_timestamp&quot;:&quot;1159262547&quot;,&quot;copyright&quot;:&quot;&quot;,&quot;focal_length&quot;:&quot;7.109&quot;,&quot;iso&quot;:&quot;0&quot;,&quot;shutter_speed&quot;:&quot;0.0025&quot;,&quot;title&quot;:&quot;&quot;}\" data-image-title=\"Croatie &amp;#8211; Porec\" data-image-description=\"\" data-medium-file=\"https:\/\/i0.wp.com\/loicmathieu.fr\/wordpress\/wp-content\/uploads\/img_2381.jpg?fit=300%2C225&#038;ssl=1\" data-large-file=\"https:\/\/i0.wp.com\/loicmathieu.fr\/wordpress\/wp-content\/uploads\/img_2381.jpg?fit=640%2C480&#038;ssl=1\" src=\"https:\/\/i0.wp.com\/loicmathieu.fr\/wordpress\/wp-content\/uploads\/img_2381.jpg?w=209&#038;h=157&#038;ssl=1\" srcset=\"https:\/\/i0.wp.com\/loicmathieu.fr\/wordpress\/wp-content\/uploads\/img_2381.jpg?w=700&amp;ssl=1 700w, https:\/\/i0.wp.com\/loicmathieu.fr\/wordpress\/wp-content\/uploads\/img_2381.jpg?resize=300%2C225&amp;ssl=1 300w\" width=\"209\" height=\"157\" loading=\"lazy\" data-original-width=\"209\" data-original-height=\"157\" itemprop=\"http:\/\/schema.org\/image\" title=\"Croatie - Porec\" alt=\"Croatie - Porec\" style=\"width: 209px; height: 157px;\" \/> <\/a> <\/div> <div class=\"tiled-gallery-item tiled-gallery-item-small\" itemprop=\"associatedMedia\" itemscope itemtype=\"http:\/\/schema.org\/ImageObject\"> <a href=\"https:\/\/www.loicmathieu.fr\/wordpress\/voyage\/carnet-de-voyage-croatie-part-5\/attachment\/img_2402\/\" border=\"0\" itemprop=\"url\"> <meta itemprop=\"width\" content=\"209\"> <meta itemprop=\"height\" content=\"156\"> <img decoding=\"async\" class=\"\" data-attachment-id=\"116\" data-orig-file=\"https:\/\/loicmathieu.fr\/wordpress\/wp-content\/uploads\/img_2402.jpg\" data-orig-size=\"700,525\" data-comments-opened=\"1\" data-image-meta=\"{&quot;aperture&quot;:&quot;5.6&quot;,&quot;credit&quot;:&quot;&quot;,&quot;camera&quot;:&quot;Canon DIGITAL IXUS 50&quot;,&quot;caption&quot;:&quot;&quot;,&quot;created_timestamp&quot;:&quot;1159274453&quot;,&quot;copyright&quot;:&quot;&quot;,&quot;focal_length&quot;:&quot;5.8&quot;,&quot;iso&quot;:&quot;0&quot;,&quot;shutter_speed&quot;:&quot;0.004&quot;,&quot;title&quot;:&quot;&quot;}\" data-image-title=\"Croatie &amp;#8211; Rovinj\" data-image-description=\"\" data-medium-file=\"https:\/\/i0.wp.com\/loicmathieu.fr\/wordpress\/wp-content\/uploads\/img_2402.jpg?fit=300%2C225&#038;ssl=1\" data-large-file=\"https:\/\/i0.wp.com\/loicmathieu.fr\/wordpress\/wp-content\/uploads\/img_2402.jpg?fit=640%2C480&#038;ssl=1\" src=\"https:\/\/i0.wp.com\/loicmathieu.fr\/wordpress\/wp-content\/uploads\/img_2402.jpg?w=209&#038;h=156&#038;ssl=1\" srcset=\"https:\/\/i0.wp.com\/loicmathieu.fr\/wordpress\/wp-content\/uploads\/img_2402.jpg?w=700&amp;ssl=1 700w, https:\/\/i0.wp.com\/loicmathieu.fr\/wordpress\/wp-content\/uploads\/img_2402.jpg?resize=300%2C225&amp;ssl=1 300w\" width=\"209\" height=\"156\" loading=\"lazy\" data-original-width=\"209\" data-original-height=\"156\" itemprop=\"http:\/\/schema.org\/image\" title=\"Croatie - Rovinj\" alt=\"Croatie - Rovinj\" style=\"width: 209px; height: 156px;\" \/> <\/a> <\/div> <\/div> <!-- close group --> <\/div> <!-- close row --> <div class=\"gallery-row\" style=\"width: 640px; height: 425px;\" data-original-width=\"640\" data-original-height=\"425\" > <div class=\"gallery-group images-1\" style=\"width: 320px; height: 425px;\" data-original-width=\"320\" data-original-height=\"425\" > <div class=\"tiled-gallery-item tiled-gallery-item-large\" itemprop=\"associatedMedia\" itemscope itemtype=\"http:\/\/schema.org\/ImageObject\"> <a href=\"https:\/\/www.loicmathieu.fr\/wordpress\/voyage\/carnet-de-voyage-croatie-part-5\/attachment\/img_2421\/\" border=\"0\" itemprop=\"url\"> <meta itemprop=\"width\" content=\"316\"> <meta itemprop=\"height\" content=\"421\"> <img decoding=\"async\" class=\"\" data-attachment-id=\"117\" data-orig-file=\"https:\/\/loicmathieu.fr\/wordpress\/wp-content\/uploads\/img_2421.jpg\" data-orig-size=\"394,525\" data-comments-opened=\"1\" data-image-meta=\"{&quot;aperture&quot;:&quot;2.8&quot;,&quot;credit&quot;:&quot;&quot;,&quot;camera&quot;:&quot;Canon DIGITAL IXUS 50&quot;,&quot;caption&quot;:&quot;&quot;,&quot;created_timestamp&quot;:&quot;1159275433&quot;,&quot;copyright&quot;:&quot;&quot;,&quot;focal_length&quot;:&quot;5.8&quot;,&quot;iso&quot;:&quot;0&quot;,&quot;shutter_speed&quot;:&quot;0.0125&quot;,&quot;title&quot;:&quot;&quot;}\" data-image-title=\"Croatie &amp;#8211; Rovinj\" data-image-description=\"\" data-medium-file=\"https:\/\/i0.wp.com\/loicmathieu.fr\/wordpress\/wp-content\/uploads\/img_2421.jpg?fit=225%2C300&#038;ssl=1\" data-large-file=\"https:\/\/i0.wp.com\/loicmathieu.fr\/wordpress\/wp-content\/uploads\/img_2421.jpg?fit=394%2C525&#038;ssl=1\" src=\"https:\/\/i0.wp.com\/loicmathieu.fr\/wordpress\/wp-content\/uploads\/img_2421.jpg?w=316&#038;h=421&#038;ssl=1\" srcset=\"https:\/\/i0.wp.com\/loicmathieu.fr\/wordpress\/wp-content\/uploads\/img_2421.jpg?w=394&amp;ssl=1 394w, https:\/\/i0.wp.com\/loicmathieu.fr\/wordpress\/wp-content\/uploads\/img_2421.jpg?resize=225%2C300&amp;ssl=1 225w\" width=\"316\" height=\"421\" loading=\"lazy\" data-original-width=\"316\" data-original-height=\"421\" itemprop=\"http:\/\/schema.org\/image\" title=\"Croatie - Rovinj\" alt=\"Croatie - Rovinj\" style=\"width: 316px; height: 421px;\" \/> <\/a> <\/div> <\/div> <!-- close group --> <div class=\"gallery-group images-1\" style=\"width: 320px; height: 425px;\" data-original-width=\"320\" data-original-height=\"425\" > <div class=\"tiled-gallery-item tiled-gallery-item-large\" itemprop=\"associatedMedia\" itemscope itemtype=\"http:\/\/schema.org\/ImageObject\"> <a href=\"https:\/\/www.loicmathieu.fr\/wordpress\/voyage\/carnet-de-voyage-croatie-part-5\/attachment\/img_2423\/\" border=\"0\" itemprop=\"url\"> <meta itemprop=\"width\" content=\"316\"> <meta itemprop=\"height\" content=\"421\"> <img decoding=\"async\" class=\"\" data-attachment-id=\"118\" data-orig-file=\"https:\/\/loicmathieu.fr\/wordpress\/wp-content\/uploads\/img_2423.jpg\" data-orig-size=\"394,525\" data-comments-opened=\"1\" data-image-meta=\"{&quot;aperture&quot;:&quot;3.5&quot;,&quot;credit&quot;:&quot;&quot;,&quot;camera&quot;:&quot;Canon DIGITAL IXUS 50&quot;,&quot;caption&quot;:&quot;&quot;,&quot;created_timestamp&quot;:&quot;1159275571&quot;,&quot;copyright&quot;:&quot;&quot;,&quot;focal_length&quot;:&quot;8.462&quot;,&quot;iso&quot;:&quot;0&quot;,&quot;shutter_speed&quot;:&quot;0.016666666666667&quot;,&quot;title&quot;:&quot;&quot;}\" data-image-title=\"Croatie &amp;#8211; Rovinj\" data-image-description=\"\" data-medium-file=\"https:\/\/i0.wp.com\/loicmathieu.fr\/wordpress\/wp-content\/uploads\/img_2423.jpg?fit=225%2C300&#038;ssl=1\" data-large-file=\"https:\/\/i0.wp.com\/loicmathieu.fr\/wordpress\/wp-content\/uploads\/img_2423.jpg?fit=394%2C525&#038;ssl=1\" src=\"https:\/\/i0.wp.com\/loicmathieu.fr\/wordpress\/wp-content\/uploads\/img_2423.jpg?w=316&#038;h=421&#038;ssl=1\" srcset=\"https:\/\/i0.wp.com\/loicmathieu.fr\/wordpress\/wp-content\/uploads\/img_2423.jpg?w=394&amp;ssl=1 394w, https:\/\/i0.wp.com\/loicmathieu.fr\/wordpress\/wp-content\/uploads\/img_2423.jpg?resize=225%2C300&amp;ssl=1 225w\" width=\"316\" height=\"421\" loading=\"lazy\" data-original-width=\"316\" data-original-height=\"421\" itemprop=\"http:\/\/schema.org\/image\" title=\"Croatie - Rovinj\" alt=\"Croatie - Rovinj\" style=\"width: 316px; height: 421px;\" \/> <\/a> <\/div> <\/div> <!-- close group --> <\/div> <!-- close row --> <div class=\"gallery-row\" style=\"width: 640px; height: 161px;\" data-original-width=\"640\" data-original-height=\"161\" > <div class=\"gallery-group images-1\" style=\"width: 214px; height: 161px;\" data-original-width=\"214\" data-original-height=\"161\" > <div class=\"tiled-gallery-item tiled-gallery-item-small\" itemprop=\"associatedMedia\" itemscope itemtype=\"http:\/\/schema.org\/ImageObject\"> <a href=\"https:\/\/www.loicmathieu.fr\/wordpress\/voyage\/carnet-de-voyage-croatie-part-5\/attachment\/img_2432\/\" border=\"0\" itemprop=\"url\"> <meta itemprop=\"width\" content=\"210\"> <meta itemprop=\"height\" content=\"157\"> <img decoding=\"async\" class=\"\" data-attachment-id=\"119\" data-orig-file=\"https:\/\/loicmathieu.fr\/wordpress\/wp-content\/uploads\/img_2432.jpg\" data-orig-size=\"700,525\" data-comments-opened=\"1\" data-image-meta=\"{&quot;aperture&quot;:&quot;5.6&quot;,&quot;credit&quot;:&quot;&quot;,&quot;camera&quot;:&quot;Canon DIGITAL IXUS 50&quot;,&quot;caption&quot;:&quot;&quot;,&quot;created_timestamp&quot;:&quot;1159280633&quot;,&quot;copyright&quot;:&quot;&quot;,&quot;focal_length&quot;:&quot;5.8&quot;,&quot;iso&quot;:&quot;0&quot;,&quot;shutter_speed&quot;:&quot;0.0015625&quot;,&quot;title&quot;:&quot;&quot;}\" data-image-title=\"Croatie &amp;#8211; Pula, les ar\u00e8nes\" data-image-description=\"\" data-medium-file=\"https:\/\/i0.wp.com\/loicmathieu.fr\/wordpress\/wp-content\/uploads\/img_2432.jpg?fit=300%2C225&#038;ssl=1\" data-large-file=\"https:\/\/i0.wp.com\/loicmathieu.fr\/wordpress\/wp-content\/uploads\/img_2432.jpg?fit=640%2C480&#038;ssl=1\" src=\"https:\/\/i0.wp.com\/loicmathieu.fr\/wordpress\/wp-content\/uploads\/img_2432.jpg?w=210&#038;h=157&#038;ssl=1\" srcset=\"https:\/\/i0.wp.com\/loicmathieu.fr\/wordpress\/wp-content\/uploads\/img_2432.jpg?w=700&amp;ssl=1 700w, https:\/\/i0.wp.com\/loicmathieu.fr\/wordpress\/wp-content\/uploads\/img_2432.jpg?resize=300%2C225&amp;ssl=1 300w\" width=\"210\" height=\"157\" loading=\"lazy\" data-original-width=\"210\" data-original-height=\"157\" itemprop=\"http:\/\/schema.org\/image\" title=\"Croatie - Pula, les ar\u00e8nes\" alt=\"Croatie - Pula, les ar\u00e8nes\" style=\"width: 210px; height: 157px;\" \/> <\/a> <\/div> <\/div> <!-- close group --> <div class=\"gallery-group images-1\" style=\"width: 213px; height: 161px;\" data-original-width=\"213\" data-original-height=\"161\" > <div class=\"tiled-gallery-item tiled-gallery-item-small\" itemprop=\"associatedMedia\" itemscope itemtype=\"http:\/\/schema.org\/ImageObject\"> <a href=\"https:\/\/www.loicmathieu.fr\/wordpress\/voyage\/carnet-de-voyage-croatie-part-5\/attachment\/img_2454\/\" border=\"0\" itemprop=\"url\"> <meta itemprop=\"width\" content=\"209\"> <meta itemprop=\"height\" content=\"157\"> <img decoding=\"async\" class=\"\" data-attachment-id=\"120\" data-orig-file=\"https:\/\/loicmathieu.fr\/wordpress\/wp-content\/uploads\/img_2454.jpg\" data-orig-size=\"700,525\" data-comments-opened=\"1\" data-image-meta=\"{&quot;aperture&quot;:&quot;2.8&quot;,&quot;credit&quot;:&quot;&quot;,&quot;camera&quot;:&quot;Canon DIGITAL IXUS 50&quot;,&quot;caption&quot;:&quot;&quot;,&quot;created_timestamp&quot;:&quot;1159283713&quot;,&quot;copyright&quot;:&quot;&quot;,&quot;focal_length&quot;:&quot;5.8&quot;,&quot;iso&quot;:&quot;0&quot;,&quot;shutter_speed&quot;:&quot;0.0025&quot;,&quot;title&quot;:&quot;&quot;}\" data-image-title=\"Croatie &amp;#8211; Pula, le fort Vauban\" data-image-description=\"&lt;p&gt;Et oui, notre grand architecte de forteresse, Vanban a \u00e9t\u00e9 jusqu&amp;#8217;en croatie!&lt;\/p&gt; \" data-medium-file=\"https:\/\/i0.wp.com\/loicmathieu.fr\/wordpress\/wp-content\/uploads\/img_2454.jpg?fit=300%2C225&#038;ssl=1\" data-large-file=\"https:\/\/i0.wp.com\/loicmathieu.fr\/wordpress\/wp-content\/uploads\/img_2454.jpg?fit=640%2C480&#038;ssl=1\" src=\"https:\/\/i0.wp.com\/loicmathieu.fr\/wordpress\/wp-content\/uploads\/img_2454.jpg?w=209&#038;h=157&#038;ssl=1\" srcset=\"https:\/\/i0.wp.com\/loicmathieu.fr\/wordpress\/wp-content\/uploads\/img_2454.jpg?w=700&amp;ssl=1 700w, https:\/\/i0.wp.com\/loicmathieu.fr\/wordpress\/wp-content\/uploads\/img_2454.jpg?resize=300%2C225&amp;ssl=1 300w\" width=\"209\" height=\"157\" loading=\"lazy\" data-original-width=\"209\" data-original-height=\"157\" itemprop=\"http:\/\/schema.org\/image\" title=\"Croatie - Pula, le fort Vauban\" alt=\"Croatie - Pula, le fort Vauban\" style=\"width: 209px; height: 157px;\" \/> <\/a> <\/div> <\/div> <!-- close group --> <div class=\"gallery-group images-1\" style=\"width: 213px; height: 161px;\" data-original-width=\"213\" data-original-height=\"161\" > <div class=\"tiled-gallery-item tiled-gallery-item-small\" itemprop=\"associatedMedia\" itemscope itemtype=\"http:\/\/schema.org\/ImageObject\"> <a href=\"https:\/\/www.loicmathieu.fr\/wordpress\/voyage\/carnet-de-voyage-croatie-part-5\/attachment\/img_2475\/\" border=\"0\" itemprop=\"url\"> <meta itemprop=\"width\" content=\"209\"> <meta itemprop=\"height\" content=\"157\"> <img decoding=\"async\" class=\"\" data-attachment-id=\"121\" data-orig-file=\"https:\/\/loicmathieu.fr\/wordpress\/wp-content\/uploads\/img_2475.jpg\" data-orig-size=\"700,525\" data-comments-opened=\"1\" data-image-meta=\"{&quot;aperture&quot;:&quot;2.8&quot;,&quot;credit&quot;:&quot;&quot;,&quot;camera&quot;:&quot;Canon DIGITAL IXUS 50&quot;,&quot;caption&quot;:&quot;&quot;,&quot;created_timestamp&quot;:&quot;1159285874&quot;,&quot;copyright&quot;:&quot;&quot;,&quot;focal_length&quot;:&quot;5.8&quot;,&quot;iso&quot;:&quot;0&quot;,&quot;shutter_speed&quot;:&quot;0.00625&quot;,&quot;title&quot;:&quot;&quot;}\" data-image-title=\"Croatie &amp;#8211; Pula, les ar\u00e8nes\" data-image-description=\"\" data-medium-file=\"https:\/\/i0.wp.com\/loicmathieu.fr\/wordpress\/wp-content\/uploads\/img_2475.jpg?fit=300%2C225&#038;ssl=1\" data-large-file=\"https:\/\/i0.wp.com\/loicmathieu.fr\/wordpress\/wp-content\/uploads\/img_2475.jpg?fit=640%2C480&#038;ssl=1\" src=\"https:\/\/i0.wp.com\/loicmathieu.fr\/wordpress\/wp-content\/uploads\/img_2475.jpg?w=209&#038;h=157&#038;ssl=1\" srcset=\"https:\/\/i0.wp.com\/loicmathieu.fr\/wordpress\/wp-content\/uploads\/img_2475.jpg?w=700&amp;ssl=1 700w, https:\/\/i0.wp.com\/loicmathieu.fr\/wordpress\/wp-content\/uploads\/img_2475.jpg?resize=300%2C225&amp;ssl=1 300w\" width=\"209\" height=\"157\" loading=\"lazy\" data-original-width=\"209\" data-original-height=\"157\" itemprop=\"http:\/\/schema.org\/image\" title=\"Croatie - Pula, les ar\u00e8nes\" alt=\"Croatie - Pula, les ar\u00e8nes\" style=\"width: 209px; height: 157px;\" \/> <\/a> <\/div> <\/div> <!-- close group --> <\/div> <!-- close row --> <div class=\"gallery-row\" style=\"width: 640px; height: 97px;\" data-original-width=\"640\" data-original-height=\"97\" > <div class=\"gallery-group images-1\" style=\"width: 129px; height: 97px;\" data-original-width=\"129\" data-original-height=\"97\" > <div class=\"tiled-gallery-item tiled-gallery-item-small\" itemprop=\"associatedMedia\" itemscope itemtype=\"http:\/\/schema.org\/ImageObject\"> <a href=\"https:\/\/www.loicmathieu.fr\/wordpress\/voyage\/carnet-de-voyage-croatie-part-5\/attachment\/img_2482\/\" border=\"0\" itemprop=\"url\"> <meta itemprop=\"width\" content=\"125\"> <meta itemprop=\"height\" content=\"93\"> <img decoding=\"async\" class=\"\" data-attachment-id=\"122\" data-orig-file=\"https:\/\/loicmathieu.fr\/wordpress\/wp-content\/uploads\/img_2482.jpg\" data-orig-size=\"700,525\" data-comments-opened=\"1\" data-image-meta=\"{&quot;aperture&quot;:&quot;4&quot;,&quot;credit&quot;:&quot;&quot;,&quot;camera&quot;:&quot;Canon DIGITAL IXUS 50&quot;,&quot;caption&quot;:&quot;&quot;,&quot;created_timestamp&quot;:&quot;1159286043&quot;,&quot;copyright&quot;:&quot;&quot;,&quot;focal_length&quot;:&quot;12.12&quot;,&quot;iso&quot;:&quot;0&quot;,&quot;shutter_speed&quot;:&quot;0.005&quot;,&quot;title&quot;:&quot;&quot;}\" data-image-title=\"Croatie &amp;#8211; Pula, les ar\u00e8nes\" data-image-description=\"\" data-medium-file=\"https:\/\/i0.wp.com\/loicmathieu.fr\/wordpress\/wp-content\/uploads\/img_2482.jpg?fit=300%2C225&#038;ssl=1\" data-large-file=\"https:\/\/i0.wp.com\/loicmathieu.fr\/wordpress\/wp-content\/uploads\/img_2482.jpg?fit=640%2C480&#038;ssl=1\" src=\"https:\/\/i0.wp.com\/loicmathieu.fr\/wordpress\/wp-content\/uploads\/img_2482.jpg?w=125&#038;h=93&#038;ssl=1\" srcset=\"https:\/\/i0.wp.com\/loicmathieu.fr\/wordpress\/wp-content\/uploads\/img_2482.jpg?w=700&amp;ssl=1 700w, https:\/\/i0.wp.com\/loicmathieu.fr\/wordpress\/wp-content\/uploads\/img_2482.jpg?resize=300%2C225&amp;ssl=1 300w\" width=\"125\" height=\"93\" loading=\"lazy\" data-original-width=\"125\" data-original-height=\"93\" itemprop=\"http:\/\/schema.org\/image\" title=\"Croatie - Pula, les ar\u00e8nes\" alt=\"Croatie - Pula, les ar\u00e8nes\" style=\"width: 125px; height: 93px;\" \/> <\/a> <\/div> <\/div> <!-- close group --> <div class=\"gallery-group images-1\" style=\"width: 511px; height: 97px;\" data-original-width=\"511\" data-original-height=\"97\" > <div class=\"tiled-gallery-item tiled-gallery-item-large\" itemprop=\"associatedMedia\" itemscope itemtype=\"http:\/\/schema.org\/ImageObject\"> <a href=\"https:\/\/www.loicmathieu.fr\/wordpress\/voyage\/carnet-de-voyage-croatie-part-5\/attachment\/panoramique_02\/\" border=\"0\" itemprop=\"url\"> <meta itemprop=\"width\" content=\"507\"> <meta itemprop=\"height\" content=\"93\"> <img decoding=\"async\" class=\"\" data-attachment-id=\"123\" data-orig-file=\"https:\/\/loicmathieu.fr\/wordpress\/wp-content\/uploads\/panoramique_02.jpg\" data-orig-size=\"700,129\" data-comments-opened=\"1\" data-image-meta=\"{&quot;aperture&quot;:&quot;0&quot;,&quot;credit&quot;:&quot;&quot;,&quot;camera&quot;:&quot;&quot;,&quot;caption&quot;:&quot;&quot;,&quot;created_timestamp&quot;:&quot;0&quot;,&quot;copyright&quot;:&quot;&quot;,&quot;focal_length&quot;:&quot;0&quot;,&quot;iso&quot;:&quot;0&quot;,&quot;shutter_speed&quot;:&quot;0&quot;,&quot;title&quot;:&quot;&quot;}\" data-image-title=\"Croatie\" data-image-description=\"&lt;p&gt;Un fort beau panoramique :)&lt;\/p&gt; \" data-medium-file=\"https:\/\/i0.wp.com\/loicmathieu.fr\/wordpress\/wp-content\/uploads\/panoramique_02.jpg?fit=300%2C55&#038;ssl=1\" data-large-file=\"https:\/\/i0.wp.com\/loicmathieu.fr\/wordpress\/wp-content\/uploads\/panoramique_02.jpg?fit=640%2C118&#038;ssl=1\" src=\"https:\/\/i0.wp.com\/loicmathieu.fr\/wordpress\/wp-content\/uploads\/panoramique_02.jpg?w=507&#038;h=93&#038;ssl=1\" srcset=\"https:\/\/i0.wp.com\/loicmathieu.fr\/wordpress\/wp-content\/uploads\/panoramique_02.jpg?w=700&amp;ssl=1 700w, https:\/\/i0.wp.com\/loicmathieu.fr\/wordpress\/wp-content\/uploads\/panoramique_02.jpg?resize=300%2C55&amp;ssl=1 300w\" width=\"507\" height=\"93\" loading=\"lazy\" data-original-width=\"507\" data-original-height=\"93\" itemprop=\"http:\/\/schema.org\/image\" title=\"Croatie\" alt=\"Croatie\" style=\"width: 507px; height: 93px;\" \/> <\/a> <\/div> <\/div> <!-- close group --> <\/div> <!-- close row --> <\/div>","protected":false},"excerpt":{"rendered":"<p>Carnet de voyage &#8211; Croatie &#8211; <a href=\"\/wordpress\/index.php\/general\/voyage\/carnet-de-voyage-croatie-partie-1\/\">Part 1<\/a> \/ <a href=\"\/wordpress\/index.php\/general\/voyage\/carnet-de-voyage-croatie-partie-2\/\">Part 2<\/a> \/ <a href=\"\/wordpress\/index.php\/general\/voyage\/carnet-de-voyage-croatie-partie-3\/\">Part 3<\/a> \/ <a href=\"\/wordpress\/index.php\/general\/voyage\/carnet-de-voyage-croatie-partie-4\/\">Part 4<\/a> \/ &lt;a title=&quot;carnet de voyage en Croatie partie 5&quot; href=&quot;<a href=\"http:\/\/loicmathieu.free.fr\/wordpress\/index.php\/voyage\/carnet-de-voyage-croatie-part-5\/&quot;&gt;Part\">http:\/\/loicmathieu.free.fr\/wordpress\/index.php\/voyage\/carnet-de-voyage-croatie-part-5\/&quot;&gt;Part<\/a> 5<\/a> <a href=\"\/wordpress\/index.php\/general\/voyage\/carnet-de-voyage-croatie-partie-4\/\"> <\/a> Et bien, comme promis, mes articles sur la Croatie \u00e9tant ceux les plus lus, je vais donc en \u00e9crire un dernier et en m\u00eame temps tester la fonctionnalit\u00e9 galerie de Wordpress, ma plateforme de Blog. Que me reste-t-il de la Croatie 2 ans apr\u00e8s? Plein&#8230;<p class=\"read-more\"><a class=\"btn btn-default\" href=\"https:\/\/www.loicmathieu.fr\/wordpress\/voyage\/carnet-de-voyage-croatie-part-5\/\"> Read More<span class=\"screen-reader-text\">  Read More<\/span><\/a><\/p><\/p>","protected":false},"author":1,"featured_media":0,"comment_status":"open","ping_status":"open","sticky":false,"template":"","format":"standard","meta":{"jetpack_post_was_ever_published":false,"_jetpack_newsletter_access":"","_jetpack_dont_email_post_to_subs":false,"_jetpack_newsletter_tier_id":0,"_jetpack_memberships_contains_paywalled_content":false,"_jetpack_memberships_contains_paid_content":false,"activitypub_content_warning":"","activitypub_content_visibility":"","activitypub_max_image_attachments":4,"activitypub_interaction_policy_quote":"anyone","activitypub_status":"","footnotes":"","jetpack_publicize_message":"","jetpack_publicize_feature_enabled":true,"jetpack_social_post_already_shared":false,"jetpack_social_options":{"image_generator_settings":{"template":"highway","default_image_id":0,"font":"","enabled":false},"version":2}},"categories":[6],"tags":[29,49,149],"class_list":["post-93","post","type-post","status-publish","format-standard","hentry","category-voyage","tag-croatie","tag-photos","tag-voyage"],"aioseo_notices":[],"jetpack_publicize_connections":[],"jetpack_featured_media_url":"","jetpack_sharing_enabled":true,"jetpack_likes_enabled":true,"jetpack-related-posts":[{"id":77,"url":"https:\/\/www.loicmathieu.fr\/wordpress\/voyage\/croatie-adoree\/","url_meta":{"origin":93,"position":0},"title":"Croatie ador\u00e9e","author":"admin","date":"Thursday May 15th, 2008","format":false,"excerpt":"Hello, Je vient d'installer un outils de statistique, et je constate que mes articles sur la Croatie sont les articles les plus vus! Je les ai donc un peu arrang\u00e9s (alignement des photos, liens, ...), n'h\u00e9sitez pas \u00e0 les d\u00e9couvrire (ou red\u00e9couvrire), et peut \u00eatre que si \u00e7a continue comme\u2026","rel":"","context":"In &quot;voyage&quot;","block_context":{"text":"voyage","link":"https:\/\/www.loicmathieu.fr\/wordpress\/category\/voyage\/"},"img":{"alt_text":"","src":"","width":0,"height":0},"classes":[]},{"id":7,"url":"https:\/\/www.loicmathieu.fr\/wordpress\/voyage\/carnet-de-voyage-croatie-partie-2\/","url_meta":{"origin":93,"position":1},"title":"Carnet de voyage &#8211; Croatie &#8211; Partie 2","author":"admin","date":"Thursday November 16th, 2006","format":false,"excerpt":"Carnet de voyage - Croatie - Part 1 \/ Part 2 \/ Part 3 \/ Part 4 \/ Part 5 Pour continuer \u00e0 parler de ce jolie voyage en Croatie, je vais vous pr\u00e9senter les excursion que j'y ai fait. Premi\u00e8re excursion : l'ile de Cres (prononcez tch-rrrr-\u00e8s) D\u00e9but de\u2026","rel":"","context":"In &quot;voyage&quot;","block_context":{"text":"voyage","link":"https:\/\/www.loicmathieu.fr\/wordpress\/category\/voyage\/"},"img":{"alt_text":"","src":"","width":0,"height":0},"classes":[]},{"id":9,"url":"https:\/\/www.loicmathieu.fr\/wordpress\/voyage\/carnet-de-voyage-croatie-partie-4\/","url_meta":{"origin":93,"position":2},"title":"Carnet de voyage &#8211; Croatie &#8211; Partie 4","author":"admin","date":"Wednesday December  6th, 2006","format":false,"excerpt":"Carnet de voyage - Croatie - Part 1 \/ Part 2 \/ Part 3 \/ Part 4 \/ Part 5 Fin du voyage, quatri\u00e8me partie, derni\u00e8re excursion. Troisi\u00e8me excursion : Le tour d'Istrie. Lors de cette troisi\u00e8me excursion, nous avons parcourue toute l'Istrie en bus et nous sommes arr\u00eater dans\u2026","rel":"","context":"In &quot;voyage&quot;","block_context":{"text":"voyage","link":"https:\/\/www.loicmathieu.fr\/wordpress\/category\/voyage\/"},"img":{"alt_text":"","src":"","width":0,"height":0},"classes":[]},{"id":6,"url":"https:\/\/www.loicmathieu.fr\/wordpress\/voyage\/carnet-de-voyage-croatie-partie-1\/","url_meta":{"origin":93,"position":3},"title":"Carnet de voyage &#8211; Croatie &#8211; Partie 1","author":"admin","date":"Monday November 13th, 2006","format":false,"excerpt":"Carnet de voyage - Croatie - Part 1 \/ Part 2 \/ Part 3 \/ Part 4 \/ Part 5 La Croatie, Une semaine en h\u00f4tel dans ce beau pays, des excusions pour le d\u00e9couvrir, voila ce qui sera la base de cette s\u00e9rie d'article pour ne pas oublier ce\u2026","rel":"","context":"In &quot;voyage&quot;","block_context":{"text":"voyage","link":"https:\/\/www.loicmathieu.fr\/wordpress\/category\/voyage\/"},"img":{"alt_text":"","src":"","width":0,"height":0},"classes":[]},{"id":8,"url":"https:\/\/www.loicmathieu.fr\/wordpress\/voyage\/carnet-de-voyage-croatie-partie-3\/","url_meta":{"origin":93,"position":4},"title":"Carnet de voyage &#8211; Croatie &#8211; Partie 3","author":"admin","date":"Friday November 24th, 2006","format":false,"excerpt":"Carnet de voyage - Croatie - Part 1 \/ Part 2 \/ Part 3 \/ Part 4 \/ Part 5 Toujours la continuation de mon voyage en Croatie (je pense que ce sera fait en 4 parties), la partie 3, avec une autre excursion, et la plus importante, l'excursion \u00e0\u2026","rel":"","context":"In &quot;voyage&quot;","block_context":{"text":"voyage","link":"https:\/\/www.loicmathieu.fr\/wordpress\/category\/voyage\/"},"img":{"alt_text":"","src":"","width":0,"height":0},"classes":[]},{"id":125,"url":"https:\/\/www.loicmathieu.fr\/wordpress\/voyage\/carnet-de-voyage-madagascar\/","url_meta":{"origin":93,"position":5},"title":"Carnet de voyage &#8211; Madagascar","author":"admin","date":"Friday October 10th, 2008","format":false,"excerpt":"Et voici le premier d'une longue s\u00e9rie d'articles qui, je l'esp\u00e8re, vous feront plaisir. En effet, je revient d'un voyage de trois semaines de Madagascar, je vais donc vous conter ce voyage, comme j'ai cont\u00e9 mon voyage en Croatie (et apparemment, ayant beaucoup de visiteur sur ces articles, ils plaisent\u2026","rel":"","context":"In &quot;voyage&quot;","block_context":{"text":"voyage","link":"https:\/\/www.loicmathieu.fr\/wordpress\/category\/voyage\/"},"img":{"alt_text":"","src":"","width":0,"height":0},"classes":[]}],"_links":{"self":[{"href":"https:\/\/www.loicmathieu.fr\/wordpress\/wp-json\/wp\/v2\/posts\/93","targetHints":{"allow":["GET"]}}],"collection":[{"href":"https:\/\/www.loicmathieu.fr\/wordpress\/wp-json\/wp\/v2\/posts"}],"about":[{"href":"https:\/\/www.loicmathieu.fr\/wordpress\/wp-json\/wp\/v2\/types\/post"}],"author":[{"embeddable":true,"href":"https:\/\/www.loicmathieu.fr\/wordpress\/wp-json\/wp\/v2\/users\/1"}],"replies":[{"embeddable":true,"href":"https:\/\/www.loicmathieu.fr\/wordpress\/wp-json\/wp\/v2\/comments?post=93"}],"version-history":[{"count":0,"href":"https:\/\/www.loicmathieu.fr\/wordpress\/wp-json\/wp\/v2\/posts\/93\/revisions"}],"wp:attachment":[{"href":"https:\/\/www.loicmathieu.fr\/wordpress\/wp-json\/wp\/v2\/media?parent=93"}],"wp:term":[{"taxonomy":"category","embeddable":true,"href":"https:\/\/www.loicmathieu.fr\/wordpress\/wp-json\/wp\/v2\/categories?post=93"},{"taxonomy":"post_tag","embeddable":true,"href":"https:\/\/www.loicmathieu.fr\/wordpress\/wp-json\/wp\/v2\/tags?post=93"}],"curies":[{"name":"wp","href":"https:\/\/api.w.org\/{rel}","templated":true}]}}