{"id":94,"date":"2008-06-14T11:29:12","date_gmt":"2008-06-14T10:29:12","guid":{"rendered":"http:\/\/loicmathieu.free.fr\/wordpress\/?p=94"},"modified":"2008-06-14T11:29:40","modified_gmt":"2008-06-14T10:29:40","slug":"participez-a-un-record-du-monde-telechargez-firefox-3-le-1706","status":"publish","type":"post","link":"https:\/\/www.loicmathieu.fr\/wordpress\/informatique\/participez-a-un-record-du-monde-telechargez-firefox-3-le-1706\/","title":{"rendered":"Participez \u00e0 un record du monde &#8211; t\u00e9l\u00e9chargez firefox 3 le 17\/06"},"content":{"rendered":"<p>Bon, tout est dans le titre de l&#8217;article :). Pour la sortie de Firefox 3, Mozilla organise un &#8216;Download Day&#8217; o\u00f9 tout le monde est invit\u00e9 \u00e0 t\u00e9l\u00e9charger la nouvelle version le m\u00eame jour, Mardi 17 Juin.<\/p>\n<p>Les info sont ici: <a href=\"http:\/\/www.spreadfirefox.com\/fr\/worldrecord\/\">http:\/\/www.spreadfirefox.com\/fr\/worldrecord\/<\/a> inscrivez-vous pour participer (ou venez simplement le t\u00e9l\u00e9charger mardi).<\/p>\n<p>Si on regarde la carte des promesse sur le site, on peut voir que la France, en pourcentage de sa polulation, est un des pays o\u00f9 il y a le plus de promesse (\u00e0 ce jour 63000 alors que les \u00e9tats-unis sont \u00e0 190000, ce qui en pourcentage fait plus!)<\/p>\n<p>Le but de la fondation Mozilla est que le plus de gens t\u00e9l\u00e9charge Firefox 3 lors de sa sortie de mani\u00e8re \u00e0 \u00e9tablir un record du monde et de rentrer dans le livre Guiness des Records!<\/p>\n<p>Je test depuis quelques temps Firefox 3 et il est tr\u00e8s tr\u00e8s convainquant. Hormis les caract\u00e8res technique qui, pour un non sp\u00e9cialiste, ne rentre peut-\u00eatre pas en compte (bien que moi je trouve tr\u00e8s important le respect des standard du web, la tol\u00e9rance du parseur HTML, &#8230;), ce qui m&#8217;a le plus marqu\u00e9 par rapport \u00e0 la version deux c&#8217;est:<\/p>\n<ul><li>Meilleur gestion de la m\u00e9moire et des ressources processeur: un des plus gros reproche que l&#8217;on pouvais faire au 2 \u00e9tait sa mauvaise gestion de la m\u00e9moire, apr\u00e8s quelques temps d&#8217;utilisation (et sur mon poste de travail, Firefox tourne plusieurs jours d&#8217;affili\u00e9 alors&#8230;) la taille de la m\u00e9moire occup\u00e9 \u00e9t\u00e9 \u00e9norme et les ressources processeurs utilis\u00e9 aussi (surtout si vous aviez de multiples extensions). Le trois semble g\u00e9r\u00e9 beaucoup mieux la m\u00e9moire et les ressources processeurs.<\/li>\n\n<li>Gestion de l&#8217;historique g\u00e9nialissime! Il suffisait d&#8217;y penser mais maintenant, quand on rentre une adresse dans la barre d&#8217;adresse, au lieu de juste proposer une auto compl\u00e9tion de l&#8217;adresse il se base sur le titre de la page et l&#8217;adresse pour sugg\u00e9rer des r\u00e9ponses. Un exemple:\n<ul><li>page pr\u00e9c\u00e9dement vue \u00e0 l&#8217;adresse: http:\/\/truc.com\/machin.html<\/li>\n\n<li>titre de la page vue: &#8220;Machin, un bidule super cool&#8221;<\/li>\n\n<li>Si vous tappez bidule dans la barre d&#8217;adresse, firefox 3 va vous retrouver votre page http:\/\/truc.com\/machin.html. G\u00e9nial non?<\/li>\n<\/ul><\/li>\n\n<li>Syst\u00e8me anti-physing tr\u00e8s performant, si vous arrivez sur une page cr\u00e9er par un hacker pour vous tromper (par exemple, depuis un lien d&#8217;un email frauduleux), une &#8220;page&#8221; rouge en disant que le contenue du site est d\u00e9clar\u00e9 comme frauduleux apparait donc &#8230; seul les imb\u00e9cile continuerais et se ferait prendre!<\/li>\n\n<li>Affichage hyper rapide des pages, personnalisation du browser, nombreux plugin d\u00e9j\u00e0 compatible, ob\u00e9issance aux standard du web, &#8230;<\/li>\n<\/ul>\n<p>En un mot, essayez le, vous l&#8217;adopterais!<\/p>\n<p>Pour t\u00e9l\u00e9charger la version actuelle de Firefox avec la barre d&#8217;outils Google (le 2 jusqu&#8217;au 17\/06\/08, puis ce sera la 3):<\/p>\n<!--\ngoogle_ad_client = \"pub-5405591392459332\";\n\/* article spread firefox *\/\ngoogle_ad_slot = \"6900734821\";\ngoogle_ad_width = 180;\ngoogle_ad_height = 60;\ngoogle_cpa_choice = \"\"; \/\/ on file\n\/\/-->\n\n<p>&lt;script type=&quot;text\/javascript&quot;\nsrc=&quot;<a href=\"http:\/\/pagead2.googlesyndication.com\/pagead\/show_ads.js\">http:\/\/pagead2.googlesyndication.com\/pagead\/show_ads.js<\/a>&#8220;&gt;\n<\/p>","protected":false},"excerpt":{"rendered":"<p>Bon, tout est dans le titre de l&#8217;article :). Pour la sortie de Firefox 3, Mozilla organise un &#8216;Download Day&#8217; o\u00f9 tout le monde est invit\u00e9 \u00e0 t\u00e9l\u00e9charger la nouvelle version le m\u00eame jour, Mardi 17 Juin. Les info sont ici: <a href=\"http:\/\/www.spreadfirefox.com\/fr\/worldrecord\/\">http:\/\/www.spreadfirefox.com\/fr\/worldrecord\/<\/a> inscrivez-vous pour participer (ou venez simplement le t\u00e9l\u00e9charger mardi). Si on regarde la carte des promesse sur le site, on peut voir que la France, en pourcentage de sa polulation, est un des pays o\u00f9 il y a&#8230;<p class=\"read-more\"><a class=\"btn btn-default\" href=\"https:\/\/www.loicmathieu.fr\/wordpress\/informatique\/participez-a-un-record-du-monde-telechargez-firefox-3-le-1706\/\"> Read More<span class=\"screen-reader-text\">  Read More<\/span><\/a><\/p><\/p>","protected":false},"author":1,"featured_media":0,"comment_status":"open","ping_status":"open","sticky":false,"template":"","format":"standard","meta":{"jetpack_post_was_ever_published":false,"_jetpack_newsletter_access":"","_jetpack_dont_email_post_to_subs":false,"_jetpack_newsletter_tier_id":0,"_jetpack_memberships_contains_paywalled_content":false,"_jetpack_memberships_contains_paid_content":false,"activitypub_content_warning":"","activitypub_content_visibility":"","activitypub_max_image_attachments":4,"activitypub_interaction_policy_quote":"anyone","activitypub_status":"","footnotes":"","jetpack_publicize_message":"","jetpack_publicize_feature_enabled":true,"jetpack_social_post_already_shared":false,"jetpack_social_options":{"image_generator_settings":{"template":"highway","default_image_id":0,"font":"","enabled":false},"version":2}},"categories":[9],"tags":[67,14],"class_list":["post-94","post","type-post","status-publish","format-standard","hentry","category-informatique","tag-firefox","tag-web"],"aioseo_notices":[],"jetpack_publicize_connections":[],"jetpack_featured_media_url":"","jetpack_sharing_enabled":true,"jetpack_likes_enabled":true,"jetpack-related-posts":[{"id":96,"url":"https:\/\/www.loicmathieu.fr\/wordpress\/informatique\/record-du-monde\/","url_meta":{"origin":94,"position":0},"title":"Record du monde!","author":"admin","date":"Friday July  4th, 2008","format":false,"excerpt":"\u00c7a y est, avec plus de 8 millions de t\u00e9l\u00e9chargement pour firefox 3, un nouveau record du monde a \u00e9t\u00e9 \u00e9tablie. Et j'en fait partie! Voila j'ai particip\u00e9 \u00e0 mon premier record du monde (je doute qu'il y en ai d'autre mais on ne sais jamais :)). En voici la\u2026","rel":"","context":"In &quot;informatique&quot;","block_context":{"text":"informatique","link":"https:\/\/www.loicmathieu.fr\/wordpress\/category\/informatique\/"},"img":{"alt_text":"","src":"","width":0,"height":0},"classes":[]},{"id":74,"url":"https:\/\/www.loicmathieu.fr\/wordpress\/informatique\/asus-z99-mon-portable\/","url_meta":{"origin":94,"position":1},"title":"Asus Z99 &#8211; mon portable","author":"admin","date":"Monday April 28th, 2008","format":false,"excerpt":"Hello, Je viens de faire une nouvelle acquisition, apr\u00e8s tant d'ann\u00e9e dans l'informatique que je ne saurais les compter, je vient d'acheter mon premier portable (si on ne compte pas un 286 portable ... ou plut\u00f4t transportable que j'avais r\u00e9cup\u00e9r\u00e9 il y a plus de 12 ans). J'ai choisit ce\u2026","rel":"","context":"In &quot;informatique&quot;","block_context":{"text":"informatique","link":"https:\/\/www.loicmathieu.fr\/wordpress\/category\/informatique\/"},"img":{"alt_text":"","src":"","width":0,"height":0},"classes":[]},{"id":498,"url":"https:\/\/www.loicmathieu.fr\/wordpress\/voyage\/carnet-de-voyage-jordanie-%e2%80%93-partie-3-%e2%80%93-petra\/","url_meta":{"origin":94,"position":2},"title":"Carnet de voyage Jordanie \u2013 partie 3 \u2013 Petra","author":"admin","date":"Friday January 28th, 2011","format":false,"excerpt":"Jour 9 et 10 - La polyclinique de Petra Nous voici enfin \u00e0 Petra, la ville rose. Un des plus beau site de cette partie du monde, class\u00e9e au patrimoine mondiale de l'UNESCO. Nous d\u00e9scendons au Valentine's Hostel, ce n'\u00e9t\u00e9 pas l'h\u00f4tel que nous voulions (il \u00e9t\u00e9 complet), mais un\u2026","rel":"","context":"In &quot;voyage&quot;","block_context":{"text":"voyage","link":"https:\/\/www.loicmathieu.fr\/wordpress\/category\/voyage\/"},"img":{"alt_text":"","src":"https:\/\/i0.wp.com\/loicmathieu.fr\/wordpress\/wp-content\/uploads\/Jordanie-Petra-La-ville-basse-300x225.jpg?resize=350%2C200","width":350,"height":200},"classes":[]},{"id":936,"url":"https:\/\/www.loicmathieu.fr\/wordpress\/informatique\/etre-speaker-a-devoxx-france\/","url_meta":{"origin":94,"position":3},"title":"(Fran\u00e7ais) Etre speaker \u00e0 Devoxx France","author":"admin","date":"Wednesday July 17th, 2019","format":false,"excerpt":"Sorry, this entry is only available in Fran\u00e7ais.","rel":"","context":"In &quot;informatique&quot;","block_context":{"text":"informatique","link":"https:\/\/www.loicmathieu.fr\/wordpress\/category\/informatique\/"},"img":{"alt_text":"","src":"","width":0,"height":0},"classes":[]},{"id":515,"url":"https:\/\/www.loicmathieu.fr\/wordpress\/voyage\/carnet-de-voyage-jordanie-partie-4-aqaba-et-la-mer-rouge\/","url_meta":{"origin":94,"position":4},"title":"Carnet de voyage Jordanie &#8211; partie 4 &#8211; Aqaba et la mer rouge","author":"admin","date":"Sunday February  6th, 2011","format":false,"excerpt":"Jour 12 \u00e0 16 Aqaba Apr\u00e8s 2H30 de voiture, nous voici arriv\u00e9 au Bedouin Village Garden \u00e0 Aqaba, un jolie h\u00f4tel en face de la mer rouge (de l'autre cot\u00e9 de la route) fait de bungalow climatis\u00e9, diss\u00e9min\u00e9 dans un jardin tropical remplit de terrasse et au milieu duquel tr\u00f4ne\u2026","rel":"","context":"In &quot;voyage&quot;","block_context":{"text":"voyage","link":"https:\/\/www.loicmathieu.fr\/wordpress\/category\/voyage\/"},"img":{"alt_text":"","src":"https:\/\/i0.wp.com\/loicmathieu.fr\/wordpress\/wp-content\/uploads\/Jordanie-Aqaba-1-300x200.jpg?resize=350%2C200","width":350,"height":200},"classes":[]},{"id":40,"url":"https:\/\/www.loicmathieu.fr\/wordpress\/informatique\/integration-continue\/","url_meta":{"origin":94,"position":5},"title":"Int\u00e9gration Continue avec Cruise Control","author":"admin","date":"Wednesday November 14th, 2007","format":false,"excerpt":"Derni\u00e8rement, j'ai essay\u00e9 un serveur d'int\u00e9gration continue : Cruise Control. Je vais donc vous en parler ici. Tout d'abord, qu'est-ce que l'int\u00e9gration continue: L'int\u00e9gration continue est une technique de d\u00e9veloppement\/management de projet qui implique d'int\u00e9grer tr\u00e8s fr\u00e9quemment le travail de tout les membres. Ensuite, une compilation automatique doit \u00eatre lanc\u00e9\u2026","rel":"","context":"In &quot;informatique&quot;","block_context":{"text":"informatique","link":"https:\/\/www.loicmathieu.fr\/wordpress\/category\/informatique\/"},"img":{"alt_text":"","src":"","width":0,"height":0},"classes":[]}],"_links":{"self":[{"href":"https:\/\/www.loicmathieu.fr\/wordpress\/wp-json\/wp\/v2\/posts\/94","targetHints":{"allow":["GET"]}}],"collection":[{"href":"https:\/\/www.loicmathieu.fr\/wordpress\/wp-json\/wp\/v2\/posts"}],"about":[{"href":"https:\/\/www.loicmathieu.fr\/wordpress\/wp-json\/wp\/v2\/types\/post"}],"author":[{"embeddable":true,"href":"https:\/\/www.loicmathieu.fr\/wordpress\/wp-json\/wp\/v2\/users\/1"}],"replies":[{"embeddable":true,"href":"https:\/\/www.loicmathieu.fr\/wordpress\/wp-json\/wp\/v2\/comments?post=94"}],"version-history":[{"count":0,"href":"https:\/\/www.loicmathieu.fr\/wordpress\/wp-json\/wp\/v2\/posts\/94\/revisions"}],"wp:attachment":[{"href":"https:\/\/www.loicmathieu.fr\/wordpress\/wp-json\/wp\/v2\/media?parent=94"}],"wp:term":[{"taxonomy":"category","embeddable":true,"href":"https:\/\/www.loicmathieu.fr\/wordpress\/wp-json\/wp\/v2\/categories?post=94"},{"taxonomy":"post_tag","embeddable":true,"href":"https:\/\/www.loicmathieu.fr\/wordpress\/wp-json\/wp\/v2\/tags?post=94"}],"curies":[{"name":"wp","href":"https:\/\/api.w.org\/{rel}","templated":true}]}}